{"id":23525,"date":"2023-01-14T17:36:05","date_gmt":"2023-01-14T14:36:05","guid":{"rendered":"http:\/\/akdenizolaygazetesi.com\/?p=23525"},"modified":"2023-01-14T17:36:05","modified_gmt":"2023-01-14T14:36:05","slug":"siyasette-var-oldugum-surece-sanata-ve-sanatciya-ayri-bir-onem-verecegim","status":"publish","type":"post","link":"https:\/\/akdenizolaygazetesi.com\/?p=23525","title":{"rendered":"&#8220;S\u0130YASETTE VAR OLDU\u011eUM S\u00dcRECE SANATA VE SANAT\u00c7IYA AYRI B\u0130R \u00d6NEM VERECE\u011e\u0130M&#8221;"},"content":{"rendered":"<p>Mersin B\u00fcy\u00fck\u015fehir Belediyesi taraf\u0131ndan &#8220;Kar\u015f\u0131la\u015fmalar&#8221; temas\u0131yla bu y\u0131l ilki d\u00fczenlenen &#8220;Mersin Edebiyat Festivali&#8221;nin a\u00e7\u0131l\u0131\u015f\u0131 yap\u0131ld\u0131. B\u00fcy\u00fck\u015fehir Belediye Ba\u015fkan\u0131 Vahap Se\u00e7er ve e\u015fi Meral Se\u00e7er&#8217;in de a\u00e7\u0131l\u0131\u015f program\u0131na kat\u0131ld\u0131\u011f\u0131 festivalde, 13-15 Ocak tarihleri aras\u0131nda birbirinden de\u011ferli \u015fair ve yazarlar a\u011f\u0131rlanacak. B\u00fcy\u00fck\u015fehir Belediyesi Kongre ve Sergi Saray\u0131&#8217;nda 3 g\u00fcn boyunca d\u00fczenlenecek at\u00f6lyeler, \u015fiir dinletileri ve s\u00f6yle\u015filerle Mersin&#8217;de unutulmaz bir festivale daha imza at\u0131lacak. <\/p>\n<p>Yazar Ahmet \u00dcmit ve Onur Bilge Kula edebiyatseverlerle bulu\u015ftu<\/p>\n<p>&#8220;Mersinli \u015eair ve Yazarlar\u0131n Kitap Kapaklar\u0131&#8221; isimli sergiyle start verilen festivalde; Prof. Dr. Onur Bilge Kula, &#8220;Mersin, K\u00fclt\u00fcrel \u00c7okluk, K\u00fclt\u00fcrel Bellek, Yaz\u0131nsal \u00dcretkenlik&#8221; konulu konferans, yazar Ahmet \u00dcmit ise &#8220;Bir A\u015fk Masal\u0131&#8221; isimli s\u00f6yle\u015fisi ile Mersinlilerle bulu\u015ftu.<\/p>\n<p>Ba\u015fkan Se\u00e7er, &#8220;Bir A\u015fk Masal\u0131&#8221; s\u00f6yle\u015fisini dinledi<\/p>\n<p>Ba\u015fkan Vahap Se\u00e7er ve e\u015fi Meral Se\u00e7er, festival kapsam\u0131nda Mersin&#8217;e gelerek edebiyatseverlerle bulu\u015fan yazar Ahmet \u00dcmit&#8217;in &#8220;Bir A\u015fk Masal\u0131&#8221; s\u00f6yle\u015fisini dinledi. Ahmet \u00dcmit, \u015f\u00f6len havas\u0131nda ger\u00e7ekle\u015ftirilen edebiyat festivalinden dolay\u0131 Mersin B\u00fcy\u00fck\u015fehir Belediyesi&#8217;ne te\u015fekk\u00fcr ederek, &#8220;\u0130nsan\u0131 insanla\u015ft\u0131rman\u0131n en iyi yollar\u0131ndan bir tanesi sanatt\u0131r ve sanat\u0131n anas\u0131 da edebiyatt\u0131r&#8221; dedi. Ba\u015fkan Se\u00e7er de festivale kat\u0131l\u0131m\u0131ndan dolay\u0131 s\u00f6yle\u015fisi sonunda yazar Ahmet \u00dcmit&#8217;e te\u015fekk\u00fcr ederek, plaket verdi.<\/p>\n<p>Festivalin ilk g\u00fcn\u00fcnde, \u00f6d\u00fcl ge\u00e7idi<\/p>\n<p>S\u00f6yle\u015finin bitiminde edebiyatseverlerden kente kazand\u0131r\u0131lan festivalden dolay\u0131 \u00f6vg\u00fcler alan Ba\u015fkan Se\u00e7er, program\u0131n devam\u0131nda \u00f6d\u00fcl t\u00f6renine ge\u00e7ti. Festival kapsam\u0131nda; &#8220;Hik\u00e2yelerle Ku\u015faktan Ku\u015fa\u011fa Mersin, Liseliler An\u0131-Hikaye Yar\u0131\u015fmas\u0131 \u00d6d\u00fcl\u00fc&#8221;, &#8220;\u0130\u00e7el Sanat Kul\u00fcb\u00fc Rehber Ayd\u0131n \u015eiir \u00d6d\u00fcl\u00fc&#8221;, &#8220;Sanat Edebiyat Derne\u011fi, \u0130lyas Halil \u00d6yk\u00fc \u00d6d\u00fcl\u00fc&#8221; ve &#8220;2. Mersin Roman \u00d6d\u00fcl\u00fc&#8221; sahiplerine verildi.<\/p>\n<p>&#8220;Mersin&#8217;i k\u00fclt\u00fcr, sanat, festival ve etkinlik kenti olarak g\u00f6rmekten mutluluk duyuyorum&#8221;<\/p>\n<p>Adeta bir \u00f6d\u00fcl ge\u00e7idi havas\u0131nda ge\u00e7en t\u00f6rende Ba\u015fkan Se\u00e7er taraf\u0131ndan, bu y\u0131l 2.&#8217;si d\u00fczenlenen &#8216;Mersin Roman \u00d6d\u00fclleri&#8217; kategorisinde 1&#8217;incili\u011fe lay\u0131k g\u00f6r\u00fclen yazar Can \u00c7eliker&#8217;e \u00f6d\u00fcl\u00fcn\u00fc verdi. Festival co\u015fkusunu t\u00fcm kat\u0131l\u0131mc\u0131larla birlikte ya\u015famaktan mutluluk duydu\u011funu s\u00f6yleyen Ba\u015fkan Se\u00e7er, &#8220;Mersin&#8217;i k\u00fclt\u00fcr, sanat, festival ve etkinlik kenti olarak g\u00f6rmekten mutluluk duyuyorum. Festivalimiz 3 g\u00fcn s\u00fcrecek. \u00d6ncelikle Mersin B\u00fcy\u00fck\u015fehir Belediyesi&#8217;nden \u00f6te &#8216;Mersine De\u011fer Katanlar Kurulu&#8217; (MEDEKA) bir eme\u011fidir bu. MEDEKA; Mersin&#8217;in de\u011ferleri demek. Bu de\u011ferlerin, Mersin&#8217;in de\u011ferlerini a\u00e7\u0131\u011fa \u00e7\u0131kartmak i\u00e7in ortaya \u00e7\u0131kan bir olu\u015fum demek. Asl\u0131nda Mersin B\u00fcy\u00fck\u015fehir Belediye Ba\u015fkan\u0131 ve onun \u00f6tesinde Mersin B\u00fcy\u00fck\u015fehir Belediyesi&#8217;nden \u00f6nce bu etkinlikler ve festivaller i\u00e7in Mersin&#8217;in bu de\u011ferlerine te\u015fekk\u00fcr etmek, onlar\u0131 alk\u0131\u015flamak laz\u0131m. Her konuda olu\u015fturduklar\u0131 komitelerde yapt\u0131klar\u0131 \u00e7al\u0131\u015fmalarla ger\u00e7ekten Mersin&#8217;e de\u011fer kat\u0131yorlar. B\u00f6lgemizin en g\u00fczel k\u0131z\u0131 olarak yorumlad\u0131\u011f\u0131m, d\u00fcnyan\u0131n en eski kenti, tarihin, k\u00fclt\u00fcr\u00fcn, medeniyetin ba\u015fkenti Tarsus&#8217;ta da b\u00f6yle bir olu\u015fum ihtiyac\u0131 duyduk. Hem MEDEKA hem Tarsus&#8217;a De\u011fer Katanlar Kurulu (TADEKA) bug\u00fcne kadar \u015fahane i\u015fler yapt\u0131lar&#8221; dedi.<\/p>\n<p>&#8220;Siyasette var oldu\u011fum s\u00fcrece sanata ve sanat\u00e7\u0131ya ayr\u0131 bir \u00f6nem verece\u011fim&#8221;<\/p>\n<p>Kendi ya\u015fam\u0131nda sanata ve sanat\u00e7\u0131ya farkl\u0131 bir \u00f6nem verdi\u011fini ifade eden Ba\u015fkan Se\u00e7er, &#8220;Benden \u015fiir yazan bir \u015fair olmaz. Benden roman yazan bir edebiyat\u00e7\u0131 da olmaz. Bu genetik kodlar\u0131m\u0131zda olan bir \u015fey ama herkesten belediye ba\u015fkan\u0131 olabilir. Onun i\u00e7in sanat\u00e7\u0131lara sayg\u0131 duyuyorum. Belediye Ba\u015fkanl\u0131\u011f\u0131 yapt\u0131\u011f\u0131m ya da siyasette var oldu\u011fum s\u00fcrece sanata ve sanat\u00e7\u0131ya bug\u00fcne kadar oldu\u011fu gibi hayat\u0131m\u0131n sonuna kadar ayr\u0131 bir \u00f6nem verece\u011fim&#8221; diye konu\u015ftu.<\/p>\n<p>T\u00fcrkiye&#8217;nin \u00f6nemli bir siyasal s\u00fcre\u00e7ten ge\u00e7ti\u011fini belirten Se\u00e7er, &#8220;Bug\u00fcnlerde sanat\u00e7\u0131lar olmazsa T\u00fcrkiye&#8217;nin \u00e7\u00f6k\u00fc\u015f\u00fc \u00e7ok daha fazla h\u0131zl\u0131 olurdu. D\u00fc\u015f\u00fcn\u00fcr, yazar, \u00e7izer; onlar d\u00f6nemsel olarak tutsak da olabilir ama mutlaka \u00f6zg\u00fcrl\u00fckleri gelecektir. Onlar\u0131n cesaretle korkmadan d\u00fcnyan\u0131n en \u00f6nemli diktat\u00f6rlerinden, silahlar\u0131ndan \u00fcrkmeden fikirlerini a\u00e7\u0131k a\u00e7\u0131k ifade etmesi, toplumu uyarmas\u0131 hem bu insanlar\u0131 sayg\u0131n k\u0131l\u0131yor hem de bug\u00fcn i\u00e7in T\u00fcrkiye&#8217;de asla yok sayamayaca\u011f\u0131m\u0131z bu \u00fclkenin \u00e7ok de\u011fer verdi\u011fimiz insanlar\u0131lar&#8221; diye konu\u015ftu.<\/p>\n<p>&#8220;Misafirlerimizin, gittikleri yerlerde bu kenti y\u00f6netenlerin bar\u0131\u015f ve karde\u015flik yanl\u0131s\u0131 oldu\u011funu anlatmalar\u0131n\u0131 istiyorum&#8221;<\/p>\n<p>&#8220;Bu t\u00fcr festivallerin artarak devam edece\u011finin m\u00fcjdesini verebilirim&#8221; diye Se\u00e7er, &#8220;\u0130lk 4 y\u0131l geli\u015fen her t\u00fcrl\u00fc olumsuz ko\u015fullar\u0131 olumluya \u00e7evirmek i\u00e7in gayret sarf ettik. Fena da i\u015fler yap\u0131lmad\u0131 Mersin&#8217;de. Hem belediyemizin bireysel hem kolektif \u00e7al\u0131\u015fmalar oldu. Edebiyat Festivali de asl\u0131nda Belediyemizin de i\u00e7inde bulundu\u011fu kolektif bir \u00e7al\u0131\u015fma&#8221; dedi. Mersinli edebiyatseverlerin festivalde 3 g\u00fcn boyunca dolu dolu etkinliklerle bulu\u015faca\u011f\u0131n\u0131 s\u00f6yleyen Se\u00e7er, &#8220;D\u0131\u015fardan gelen misafirlerimiz \u00e7ok g\u00fczel an\u0131larla Mersin&#8217;den ayr\u0131lacak diye hissediyorum. Gittikleri yerde de Mersin&#8217;imizin g\u00fczelli\u011fini, Mersin&#8217;in bir k\u00fclt\u00fcr ve bar\u0131\u015f kenti oldu\u011funu ve bu kenti y\u00f6netenlerin bar\u0131\u015f, karde\u015flik, birlik, beraberlik ve insanl\u0131k yanl\u0131s\u0131 oldu\u011funu anlatmalar\u0131n\u0131 kendilerinden istiyorum&#8221; dedi. Yar\u0131\u015fmalarda \u00f6d\u00fcl alan ve alamayan t\u00fcm yazarlar\u0131, \u015fairleri \u00fcrettikleri eserlerden dolay\u0131 kutlayan Ba\u015fkan Se\u00e7er, t\u00f6reninin sonunda \u00f6d\u00fcle lay\u0131k g\u00f6r\u00fclen \u015fair ve yazarlarla foto\u011fraf \u00e7ektirdi.<\/p>\n<p>Etkinliklerin ard\u0131ndan, d\u00fczenlenen kokteyl program\u0131yla festivalin ilk g\u00fcn\u00fc sona erdi.<\/p>\n","protected":false},"excerpt":{"rendered":"<p>Mersin B\u00fcy\u00fck\u015fehir Belediyesi taraf\u0131ndan &#8220;Kar\u015f\u0131la\u015fmalar&#8221; temas\u0131yla bu y\u0131l ilki d\u00fczenlenen &#8220;Mersin Edebiyat Festivali&#8221;nin a\u00e7\u0131l\u0131\u015f\u0131 yap\u0131ld\u0131. B\u00fcy\u00fck\u015fehir Belediye Ba\u015fkan\u0131 Vahap Se\u00e7er ve e\u015fi Meral Se\u00e7er&#8217;in de a\u00e7\u0131l\u0131\u015f program\u0131na kat\u0131ld\u0131\u011f\u0131 festivalde, 13-15 &hellip; <a href=\"https:\/\/akdenizolaygazetesi.com\/?p=23525\" class=\"more-link\">Devam\u0131n\u0131 Oku&#8230;<\/a><\/p>\n","protected":false},"author":2,"featured_media":23526,"comment_status":"open","ping_status":"open","sticky":false,"template":"","format":"standard","meta":[],"categories":[34,2,3,5],"tags":[],"_links":{"self":[{"href":"https:\/\/akdenizolaygazetesi.com\/index.php?rest_route=\/wp\/v2\/posts\/23525"}],"collection":[{"href":"https:\/\/akdenizolaygazetesi.com\/index.php?rest_route=\/wp\/v2\/posts"}],"about":[{"href":"https:\/\/akdenizolaygazetesi.com\/index.php?rest_route=\/wp\/v2\/types\/post"}],"author":[{"embeddable":true,"href":"https:\/\/akdenizolaygazetesi.com\/index.php?rest_route=\/wp\/v2\/users\/2"}],"replies":[{"embeddable":true,"href":"https:\/\/akdenizolaygazetesi.com\/index.php?rest_route=%2Fwp%2Fv2%2Fcomments&post=23525"}],"version-history":[{"count":1,"href":"https:\/\/akdenizolaygazetesi.com\/index.php?rest_route=\/wp\/v2\/posts\/23525\/revisions"}],"predecessor-version":[{"id":23527,"href":"https:\/\/akdenizolaygazetesi.com\/index.php?rest_route=\/wp\/v2\/posts\/23525\/revisions\/23527"}],"wp:featuredmedia":[{"embeddable":true,"href":"https:\/\/akdenizolaygazetesi.com\/index.php?rest_route=\/wp\/v2\/media\/23526"}],"wp:attachment":[{"href":"https:\/\/akdenizolaygazetesi.com\/index.php?rest_route=%2Fwp%2Fv2%2Fmedia&parent=23525"}],"wp:term":[{"taxonomy":"category","embeddable":true,"href":"https:\/\/akdenizolaygazetesi.com\/index.php?rest_route=%2Fwp%2Fv2%2Fcategories&post=23525"},{"taxonomy":"post_tag","embeddable":true,"href":"https:\/\/akdenizolaygazetesi.com\/index.php?rest_route=%2Fwp%2Fv2%2Ftags&post=23525"}],"curies":[{"name":"wp","href":"https:\/\/api.w.org\/{rel}","templated":true}]}}