{"id":23528,"date":"2023-01-14T17:37:27","date_gmt":"2023-01-14T14:37:27","guid":{"rendered":"http:\/\/akdenizolaygazetesi.com\/?p=23528"},"modified":"2023-01-14T17:37:27","modified_gmt":"2023-01-14T14:37:27","slug":"sanat-sorumlusu-yilmaz-mersinli-sanatseverlere-daha-buyuk-daha-guzel-eserler-gosterebilmek-icin-calismalarimiz-basladi","status":"publish","type":"post","link":"https:\/\/akdenizolaygazetesi.com\/?p=23528","title":{"rendered":"SANAT SORUMLUSU YILMAZ: MERS\u0130NL\u0130 SANATSEVERLERE DAHA B\u00dcY\u00dcK, DAHA G\u00dcZEL ESERLER G\u00d6STEREB\u0130LMEK \u0130\u00c7\u0130N \u00c7ALI\u015eMALARIMIZ BA\u015eLADI&#8221;"},"content":{"rendered":"<p>Mersin B\u00fcy\u00fck\u015fehir Belediyesi \u015eehir Tiyatrosu, 2022-2023 sanat sezonunda da birbirinden g\u00fczel temsillerle sanatseverlerin kar\u015f\u0131s\u0131na \u00e7\u0131kmay\u0131 s\u00fcrd\u00fcr\u00fcyor. Ekim ay\u0131nda Haldun Taner&#8217;in &#8216;G\u00f6zlerimi Kapar\u0131m Vazifemi Yapar\u0131m&#8217; adl\u0131 m\u00fczikal oyunuyla perde a\u00e7an \u015eehir Tiyatrosu, g\u00fc\u00e7l\u00fc sanat ekibiyle, Mersinlilere seyir keyfi ya\u015fat\u0131yor.<\/p>\n<p>Kadrosunu daha da g\u00fc\u00e7lendiren \u015eehir Tiyatrosu&#8217;nun yeni Sanat Y\u00f6netmeni H\u00fclya Sava\u015f oldu. \u0130zmir Devlet Tiyatrosu&#8217;ndaki oyunculuk g\u00f6revine devam eden ve ayn\u0131 zamanda e\u011fitmen olan Sava\u015f, Mersin \u015eehir Tiyatrosu ile de birlikte yol y\u00fcr\u00fcyecek. Ankara Devlet Opera ve Balesi Solist Sanat\u00e7\u0131s\u0131 Mehmet Y\u0131lmaz ise, B\u00fcy\u00fck\u015fehir Belediyesi&#8217;nin t\u00fcm sanat birimlerinin ortak \u00e7al\u0131\u015fmas\u0131 i\u00e7in Sanat Sorumlulu\u011fu g\u00f6revini \u00fcstlendi. \u015eehir Tiyatrosu, Ocak ay\u0131 boyunca Ben Mimar Sinan, Buzlar \u00c7\u00f6z\u00fclmeden, D\u00fcnyan\u0131n Eski Zamanlar\u0131nda (\u00c7ocuk Oyunu), G\u00f6kku\u015fa\u011f\u0131&#8217;n\u0131n Alt\u0131nda (\u00c7ocuk Oyunu), G\u00f6zlerimi Kapar\u0131m Vazifemi Yapar\u0131m, Vah\u015fet Tanr\u0131s\u0131 gibi oyunlarla sanatseverlerin kar\u015f\u0131s\u0131na \u00e7\u0131kacak.<\/p>\n<p>Sava\u015f: &#8220;Bug\u00fcne kadar yap\u0131lanlar\u0131n \u00fczerine daha da koyarak yolumuza devam edece\u011fiz&#8221;<\/p>\n<p>\u0130zmir Devlet Tiyatrosu oyuncusu olan ve oyunculu\u011fun yan\u0131 s\u0131ra e\u011fitmenlik yapt\u0131\u011f\u0131n\u0131 ifade eden Mersin \u015eehir Tiyatrosu Sanat Y\u00f6netmeni H\u00fclya Sava\u015f, &#8220;\u015eimdi de Mersin B\u00fcy\u00fck\u015fehir Belediyesi \u015eehir Tiyatrosu&#8217;nun Sanat Y\u00f6netmeni olarak, ba\u015fka bir yoldan devam edece\u011fim. Ba\u015fta Say\u0131n Belediye Ba\u015fkan\u0131m\u0131z Vahap Se\u00e7er&#8217;in sanata ve sanat\u00e7\u0131ya yakla\u015f\u0131m\u0131 ile ekibinin vizyonu o kadar geni\u015f ve g\u00fczel ki. Buradaki sanat\u00e7\u0131 arkada\u015flar\u0131m\u0131zla, teknik arkada\u015flar\u0131m\u0131zla tan\u0131\u015ft\u0131k. G\u00f6rd\u00fc\u011f\u00fcm kadar\u0131yla hepsi p\u0131r\u0131l p\u0131r\u0131l, enerjik ve \u00e7ok iyi \u015feyler yapmak isteyen sanat\u00e7\u0131lar. O y\u00fczden de bir an \u00f6nce bir \u015feyler yapal\u0131m ve bug\u00fcne kadar yap\u0131lanlar\u0131n \u00fczerine daha da koyarak yolumuza devam edelim istiyorum&#8221; dedi.<\/p>\n<p>2022-2023 sanat sezonunda \u00e7ok g\u00fczel i\u015flere imza atacaklar\u0131na inand\u0131\u011f\u0131n\u0131 s\u00f6yleyen Sava\u015f, &#8220;Buradaki arkada\u015flar\u0131m\u0131zla \u00e7ok farkl\u0131 \u015feyler \u00fcrettik bir araya gelince. Zaten Belediye Ba\u015fkan\u0131m\u0131z Vahap Bey&#8217;in deste\u011fi bu konuda sonsuz. Sanat\u00e7\u0131lar\u0131n yolunu a\u00e7an bir insan. Bu ger\u00e7ekten \u00e7ok umut verici ve b\u00f6yle olunca da daha s\u0131n\u0131rs\u0131z d\u00fc\u015f\u00fcnebiliyorsunuz. Farkl\u0131 farkl\u0131 y\u00f6netmenlerimizi, yazarlar\u0131m\u0131z\u0131 davet edece\u011fiz. \u00c7e\u015fitli at\u00f6lye \u00e7al\u0131\u015fmalar\u0131m\u0131z olacak. Halk\u0131m\u0131z\u0131n, seyircimizin de i\u00e7inde olaca\u011f\u0131 interaktif \u00e7al\u0131\u015fmalar yapmay\u0131 d\u00fc\u015f\u00fcn\u00fcyoruz. \u015eimdilik projelerimiz bunlar. Sanatla ger\u00e7ekten iyile\u015fece\u011fimizi d\u00fc\u015f\u00fcn\u00fcyorum. Tiyatro daha da iyile\u015ftirir. Seyircilerimiz o y\u00fczden, kentlerinde kurulan bu tiyatroyu desteklemekten sak\u0131n vazge\u00e7mesin&#8221; diye konu\u015ftu.<\/p>\n<p>Y\u0131lmaz: &#8220;Mersin \u015eehir Tiyatrosu, T\u00fcrkiye&#8217;deki tiyatro skalas\u0131nda ba\u015far\u0131l\u0131 bir yere geldi&#8221;<\/p>\n<p>Ankara Devlet Opera ve Balesi solist sanat\u00e7\u0131s\u0131 ve ayn\u0131 zamanda Devlet Tiyatrolar\u0131 Opera ve Bale \u00c7al\u0131\u015fanlar\u0131 Yard\u0131mla\u015fma Vakf\u0131&#8217;n\u0131n Genel Ba\u015fkan\u0131 olan Mehmet Y\u0131lmaz ise, t\u00fcm sanat birimleriyle koordineli olarak \u00e7al\u0131\u015facaklar\u0131n\u0131 anlatarak, &#8220;Mersin B\u00fcy\u00fck\u015fehir Belediyesi sanat birimlerinin genel koordinasyonunu yapmak \u00fczere g\u00f6revlendirildim. Mersinli sanatseverlere daha verimli, daha b\u00fcy\u00fck, daha g\u00fczel, daha iyi eserler g\u00f6sterebilmek i\u00e7in, t\u00fcm sanat birimlerimizle ortak \u00e7al\u0131\u015fmay\u0131 koordine etmek \u00fczere \u00e7al\u0131\u015fmalar\u0131m\u0131z ba\u015flad\u0131. 1999 y\u0131l\u0131nda kurulan bir \u015eehir Tiyatrosu var Mersin&#8217;de ve Say\u0131n Vahap Se\u00e7er Belediye Ba\u015fkan\u0131 olduktan sonra, \u015eehir Tiyatrosu&#8217;nun revize edilmesini ve daha da iyile\u015ftirilmesini istedi. Say\u0131n Murat Atak&#8217;\u0131n Sanat Y\u00f6netmenli\u011fi&#8217;nde \u015eehir Tiyatrosu yeniden yap\u0131land\u0131r\u0131ld\u0131. Bug\u00fcne kadar B\u00fcy\u00fck\u015fehir Belediyesi \u015eehir Tiyatrosu, T\u00fcrkiye&#8217;deki tiyatro skalas\u0131nda ba\u015far\u0131l\u0131 bir yere geldi. Bunu daha da art\u0131rarak ve geli\u015ftirerek s\u00fcrd\u00fcrmeyi planl\u0131yoruz&#8221; dedi.<\/p>\n<p>&#8220;Sanat, tarihin her d\u00f6neminde insanl\u0131\u011f\u0131 geli\u015ftirmeye, iyile\u015ftirmeye devam ediyor&#8221;<\/p>\n<p>K\u00fclt\u00fcr ve Sosyal \u0130\u015fler Daire Ba\u015fkanl\u0131\u011f\u0131&#8217;ndaki birbirinden ba\u011f\u0131ms\u0131z t\u00fcm disiplinleri, organik ba\u011flarla bir arada tutmaya \u00e7al\u0131\u015facaklar\u0131n\u0131 s\u00f6zlerine ekleyen Y\u0131lmaz, &#8220;Diyelim ki Mersin B\u00fcy\u00fck\u015fehir Belediyesi bir m\u00fczikal yapacak; tiyatrosu var, orkestras\u0131 var, o zaman ne oluyor? M\u00fczikal yapmak i\u00e7in Mersin B\u00fcy\u00fck\u015fehir Belediyesi&#8217;nin orkestras\u0131n\u0131 kullanarak bir m\u00fczikal ortaya koyaca\u011f\u0131z. Sanat, tarihin her d\u00f6neminde insanl\u0131\u011f\u0131 geli\u015ftirmeye, iyile\u015ftirmeye devam ediyor. Sanat, bar\u0131\u015f\u0131 destekliyor, sanat onurlu, omurgal\u0131 insan\u0131 destekliyor. Dolay\u0131s\u0131yla sanat\u0131n geli\u015ftirici, iyile\u015ftirici, y\u00f6nlendirici, y\u00fcreklendirici g\u00fcc\u00fcn\u00fc kullanarak, co\u011frafyam\u0131zdaki insanlar\u0131n rahat, ferah ve bar\u0131\u015f i\u00e7inde ya\u015famalar\u0131na, sanat arac\u0131l\u0131\u011f\u0131yla katk\u0131 vermeyi arzu ediyoruz&#8221; ifadelerini kulland\u0131.<\/p>\n","protected":false},"excerpt":{"rendered":"<p>Mersin B\u00fcy\u00fck\u015fehir Belediyesi \u015eehir Tiyatrosu, 2022-2023 sanat sezonunda da birbirinden g\u00fczel temsillerle sanatseverlerin kar\u015f\u0131s\u0131na \u00e7\u0131kmay\u0131 s\u00fcrd\u00fcr\u00fcyor. Ekim ay\u0131nda Haldun Taner&#8217;in &#8216;G\u00f6zlerimi Kapar\u0131m Vazifemi Yapar\u0131m&#8217; adl\u0131 m\u00fczikal oyunuyla perde a\u00e7an \u015eehir &hellip; <a href=\"https:\/\/akdenizolaygazetesi.com\/?p=23528\" class=\"more-link\">Devam\u0131n\u0131 Oku&#8230;<\/a><\/p>\n","protected":false},"author":2,"featured_media":23529,"comment_status":"open","ping_status":"open","sticky":false,"template":"","format":"standard","meta":[],"categories":[2,3],"tags":[],"_links":{"self":[{"href":"https:\/\/akdenizolaygazetesi.com\/index.php?rest_route=\/wp\/v2\/posts\/23528"}],"collection":[{"href":"https:\/\/akdenizolaygazetesi.com\/index.php?rest_route=\/wp\/v2\/posts"}],"about":[{"href":"https:\/\/akdenizolaygazetesi.com\/index.php?rest_route=\/wp\/v2\/types\/post"}],"author":[{"embeddable":true,"href":"https:\/\/akdenizolaygazetesi.com\/index.php?rest_route=\/wp\/v2\/users\/2"}],"replies":[{"embeddable":true,"href":"https:\/\/akdenizolaygazetesi.com\/index.php?rest_route=%2Fwp%2Fv2%2Fcomments&post=23528"}],"version-history":[{"count":1,"href":"https:\/\/akdenizolaygazetesi.com\/index.php?rest_route=\/wp\/v2\/posts\/23528\/revisions"}],"predecessor-version":[{"id":23530,"href":"https:\/\/akdenizolaygazetesi.com\/index.php?rest_route=\/wp\/v2\/posts\/23528\/revisions\/23530"}],"wp:featuredmedia":[{"embeddable":true,"href":"https:\/\/akdenizolaygazetesi.com\/index.php?rest_route=\/wp\/v2\/media\/23529"}],"wp:attachment":[{"href":"https:\/\/akdenizolaygazetesi.com\/index.php?rest_route=%2Fwp%2Fv2%2Fmedia&parent=23528"}],"wp:term":[{"taxonomy":"category","embeddable":true,"href":"https:\/\/akdenizolaygazetesi.com\/index.php?rest_route=%2Fwp%2Fv2%2Fcategories&post=23528"},{"taxonomy":"post_tag","embeddable":true,"href":"https:\/\/akdenizolaygazetesi.com\/index.php?rest_route=%2Fwp%2Fv2%2Ftags&post=23528"}],"curies":[{"name":"wp","href":"https:\/\/api.w.org\/{rel}","templated":true}]}}