{"id":23550,"date":"2023-01-16T13:25:37","date_gmt":"2023-01-16T10:25:37","guid":{"rendered":"http:\/\/akdenizolaygazetesi.com\/?p=23550"},"modified":"2023-01-16T13:25:37","modified_gmt":"2023-01-16T10:25:37","slug":"buyuksehir-belediyesi-mersinde-engelleri-kaldiriyor","status":"publish","type":"post","link":"https:\/\/akdenizolaygazetesi.com\/?p=23550","title":{"rendered":"B\u00dcY\u00dcK\u015eEH\u0130R BELED\u0130YES\u0130, MERS\u0130N&#8217;DE ENGELLER\u0130 KALDIRIYOR"},"content":{"rendered":"<p>Mersin B\u00fcy\u00fck\u015fehir Belediyesi Sa\u011fl\u0131k \u0130\u015fleri Dairesi, 2022 y\u0131l\u0131nda da toplumun her kesiminden ihtiya\u00e7 sahibi yurtta\u015f\u0131n yan\u0131nda oldu. B\u00fcy\u00fck\u015fehir&#8217;in Evde Sa\u011fl\u0131k ve Bak\u0131m Ekibi, y\u0131l boyunca ilgiye ve bak\u0131ma muhta\u00e7 vatanda\u015flara sa\u011fl\u0131k ve evde bak\u0131m hizmeti g\u00f6t\u00fcrd\u00fc. \u00d6zel bireyler i\u00e7in y\u0131l boyunca hayata ge\u00e7irilen \u00e7e\u015fitli projeler ve hizmetlerle B\u00fcy\u00fck\u015fehir, &#8216;Engelsiz Mersin&#8217; i\u00e7in de engelleri ortadan kald\u0131rmay\u0131 s\u00fcrd\u00fcr\u00fcyor.<br \/>\nB\u00fcy\u00fck\u015fehir Belediyesi, kent genelinde sa\u011fl\u0131k alan\u0131nda y\u00fcr\u00fctt\u00fc\u011f\u00fc evde sa\u011fl\u0131k ve bak\u0131m hizmetleri kapsam\u0131nda, dezavantajl\u0131 bireylere ula\u015fmaya devam ediyor. Sa\u011fl\u0131k \u0130\u015fleri Dairesi&#8217;nin Evde Sa\u011fl\u0131k ve Bak\u0131m Ekibi, en uzak il\u00e7elere kadar gidiyor, sa\u011fl\u0131k ve bak\u0131m hizmetini vatanda\u015flar\u0131n aya\u011f\u0131na kadar g\u00f6t\u00fcr\u00fcyor. Bu kapsamda 2022 y\u0131l\u0131 i\u00e7inde toplam 11 bin 576 haneye 83 bin 93 kez evde sa\u011fl\u0131k, bak\u0131m ve destek hizmeti verilirken; ihtiya\u00e7 duyan 994 vatanda\u015fa 12 bin 160 kez fizik tedavi hizmeti ve psikolojik deste\u011fe ihtiya\u00e7 duyan 28 vatanda\u015fa da 49 seans terapi hizmeti verildi. Sa\u011fl\u0131k Hizmetleri Dairesi Ba\u015fkanl\u0131\u011f\u0131 b\u00fcnyesinde verilen hizmet ile hastalar evlerinde ziyaret ediliyor, muayene ve kontrolleri yap\u0131l\u0131yor.<br \/>\nMersin&#8217;de engeller a\u015f\u0131l\u0131yor<br \/>\nSa\u011fl\u0131k \u0130\u015fleri Dairesi Engelliler \u015eube M\u00fcd\u00fcrl\u00fc\u011f\u00fc taraf\u0131ndan hayata ge\u00e7irilen proje ve hizmetler kapsam\u0131nda 2022 y\u0131l\u0131 i\u00e7erisinde; medikal malzeme deste\u011finden transfer arac\u0131 hizmetine, Engelsiz Ya\u015fam Merkezi&#8217;ndeki sosyal aktivitelerden kurslara, k\u00fclt\u00fcr sanat faaliyetlerinden ebeveyn hizmetlerine kadar bir\u00e7ok alanda hizmet verildi.<br \/>\nEngelsiz Ya\u015fam Merkezi&#8217;nde hem \u00f6zel gereksinimli bireyler, hem de aileleri i\u00e7in \u00e7e\u015fitli kurslar a\u00e7\u0131ld\u0131. Seramik Kursu, Ba\u011f\u0131ms\u0131z Hareket Becerileri, Bilgisayar \u0130\u015fletmenli\u011fi, Ah\u015fap Boyama, El Sanatlar\u0131 gibi kurslar\u0131n yan\u0131 s\u0131ra; y\u00fczme, masa tenisi, badminton, bocce, fitness, halk danslar\u0131, resim, m\u00fczik gibi k\u00fclt\u00fcr, sanat ve spor kurslar\u0131 da veriliyor.<br \/>\nB\u00fcy\u00fck\u015fehir Belediyesi, \u00f6zel gereksinimli bireyler ve aileleri i\u00e7in y\u0131l boyunca \u00e7e\u015fitli gezi ve etkinlikler de d\u00fczenledi. &#8216;Engelliler Haftas\u0131&#8217;, &#8216;Otizm Fark\u0131ndal\u0131k G\u00fcn\u00fc&#8217;, &#8216;Beyaz Baston G\u00f6rme Engelliler G\u00fcn\u00fc&#8217; gibi \u00f6nemli g\u00fcn ve haftalarda fark\u0131ndal\u0131k etkinlikleri d\u00fczenleyen B\u00fcy\u00fck\u015fehir, kent genelindeki bir\u00e7ok noktaya da geziler d\u00fczenledi. Bu geziler sayesinde \u00f6zel gereksinimli bireyler akranlar\u0131yla sosyalle\u015fme imkan\u0131 bulurken, aileleri de di\u011fer ailelerle tan\u0131\u015ft\u0131.<br \/>\nDr. Atila: &#8220;Sa\u011fl\u0131\u011fa eri\u015fim anlam\u0131nda vatanda\u015flar\u0131m\u0131z\u0131n ihtiya\u00e7lar\u0131n\u0131 kar\u015f\u0131lamak bizi mutlu ediyor&#8221;<br \/>\n2022 y\u0131l\u0131 i\u00e7erisinde sa\u011fl\u0131k hizmet say\u0131lar\u0131n\u0131n anlaml\u0131 derecede art\u0131\u015f g\u00f6sterdi\u011fini belirten Sa\u011fl\u0131k \u0130\u015fleri Dairesi Ba\u015fkan\u0131 Dr. H\u00fclya Atila, yeni y\u0131lda da daha fazla ihtiya\u00e7 sahibi vatanda\u015fa ula\u015fmak i\u00e7in, sa\u011fl\u0131k hizmetlerini art\u0131rarak s\u00fcrd\u00fcreceklerini ifade etti. Dr. Atila, &#8220;Hizmetlerimize bakt\u0131\u011f\u0131m\u0131z zaman, hem \u00e7e\u015fitlilik anlam\u0131nda hem de vatanda\u015flara ula\u015fma anlam\u0131nda bir art\u0131\u015f oldu\u011funu g\u00f6r\u00fcyoruz. Belediyemize ba\u011fl\u0131 poliklini\u011fimizde, sosyal g\u00fcvencesi olsun ya da olmas\u0131n t\u00fcm vatanda\u015flar\u0131m\u0131za hizmet veriyoruz. Yoksulluk s\u0131n\u0131r\u0131ndaki vatanda\u015flar\u0131m\u0131za belediyenin elini uzat\u0131yor, onlar\u0131n evlerine kadar giderek hizmetlerimizi veriyoruz&#8221; dedi. Evde sa\u011fl\u0131k anlam\u0131nda 2022 y\u0131l\u0131 i\u00e7inde bir ilke imza att\u0131klar\u0131n\u0131 kaydeden Dr. Atila, &#8220;\u015eu ana kadar 83 bin kez vatanda\u015flar\u0131m\u0131z\u0131n evlerine giderek onlar\u0131n pansumanlar\u0131n\u0131, enjeksiyonlar\u0131n\u0131, doktor muayenelerini yap\u0131p hem\u015firelik hizmetlerini verdik. \u00d6zellikle de fizyoterapi anlam\u0131nda yataktan kalkamayan, y\u00fcr\u00fcyemeyen ya\u015fl\u0131, yatalak, engelli vatanda\u015flar\u0131m\u0131z\u0131n evlerine kadar giderek bu hizmetleri vermemiz, bizi ger\u00e7ekten mutlu eden hizmetlerimiz oldu. K\u0131sacas\u0131, sa\u011fl\u0131\u011fa eri\u015fim anlam\u0131nda vatanda\u015flar\u0131m\u0131z\u0131n ihtiya\u00e7lar\u0131n\u0131 kar\u015f\u0131lamak bizi mutlu ediyor&#8221; ifadelerini kulland\u0131.<br \/>\n&#8220;Sa\u011fl\u0131\u011f\u0131 daha da geli\u015ftiren bir belediye olmay\u0131 hedefliyoruz&#8221;<br \/>\nYa\u015fl\u0131 Destek Birimi ile onlara bir anlamda &#8216;manevi evlat&#8217; olduklar\u0131n\u0131 belirten Dr. Atila, \u00f6zel gereksinimli bireyler i\u00e7in de bir\u00e7ok hizmet sunduklar\u0131n\u0131 vurgulad\u0131. Mersin merkezde ve Tarsus&#8217;ta yer alan Mola Evi ile aileleri sosyal ya\u015fama dahil edebilmek i\u00e7in \u00e7e\u015fitli faaliyetler yapt\u0131klar\u0131n\u0131 s\u00f6yleyen Dr. Atila, &#8220;\u00d6zel \u00e7ocuklar\u0131m\u0131zla biz bir\u00e7ok ilki ger\u00e7ekle\u015ftirdik, bir\u00e7ok sosyal faaliyete imza att\u0131k. Otizmli bireyler i\u00e7in, yap\u0131m a\u015famas\u0131nda olan bir merkezi bu y\u0131l a\u00e7aca\u011f\u0131z. Mersin&#8217;in ihtiyac\u0131 oldu\u011funu d\u00fc\u015f\u00fcn\u00fcyoruz. Bu ihtiyac\u0131 kar\u015f\u0131lamak i\u00e7in de Otizm Merkezi a\u00e7mak i\u00e7in yola \u00e7\u0131kt\u0131k&#8221; diye konu\u015ftu. Engelsiz Ya\u015fam Merkezi ve Engelsiz Ya\u015fam Park\u0131&#8217;nda, \u00f6zel bireylere sahip anne ve babalarla el ele vererek \u00e7e\u015fitli faaliyetler ger\u00e7ekle\u015ftirdiklerini de s\u00f6zlerine ekleyen Atila, &#8220;Sosyal aktiviteler, geziler, piknikler, \u00f6zel g\u00fcn ve fark\u0131ndal\u0131k etkinlikleri yapt\u0131k.  O anlamda bakt\u0131\u011f\u0131m\u0131z zaman, birlikte bir\u00e7ok \u015feyi ba\u015fard\u0131\u011f\u0131m\u0131z\u0131 g\u00f6r\u00fcyorum. 2023 y\u0131l i\u00e7erisinde de en b\u00fcy\u00fck hedefimiz, sa\u011fl\u0131\u011f\u0131n korunmas\u0131 ve koruyucu sa\u011fl\u0131k hizmetleri olacak. Sa\u011fl\u0131\u011f\u0131 daha da geli\u015ftiren bir belediye olmay\u0131 hedefliyor, o anlamda 2023 y\u0131l\u0131 i\u00e7erisinde herkese sa\u011fl\u0131kl\u0131 y\u0131llar diliyorum&#8221; dedi.<\/p>\n","protected":false},"excerpt":{"rendered":"<p>Mersin B\u00fcy\u00fck\u015fehir Belediyesi Sa\u011fl\u0131k \u0130\u015fleri Dairesi, 2022 y\u0131l\u0131nda da toplumun her kesiminden ihtiya\u00e7 sahibi yurtta\u015f\u0131n yan\u0131nda oldu. B\u00fcy\u00fck\u015fehir&#8217;in Evde Sa\u011fl\u0131k ve Bak\u0131m Ekibi, y\u0131l boyunca ilgiye ve bak\u0131ma muhta\u00e7 vatanda\u015flara &hellip; <a href=\"https:\/\/akdenizolaygazetesi.com\/?p=23550\" class=\"more-link\">Devam\u0131n\u0131 Oku&#8230;<\/a><\/p>\n","protected":false},"author":2,"featured_media":23551,"comment_status":"open","ping_status":"open","sticky":false,"template":"","format":"standard","meta":[],"categories":[2,3,9],"tags":[],"_links":{"self":[{"href":"https:\/\/akdenizolaygazetesi.com\/index.php?rest_route=\/wp\/v2\/posts\/23550"}],"collection":[{"href":"https:\/\/akdenizolaygazetesi.com\/index.php?rest_route=\/wp\/v2\/posts"}],"about":[{"href":"https:\/\/akdenizolaygazetesi.com\/index.php?rest_route=\/wp\/v2\/types\/post"}],"author":[{"embeddable":true,"href":"https:\/\/akdenizolaygazetesi.com\/index.php?rest_route=\/wp\/v2\/users\/2"}],"replies":[{"embeddable":true,"href":"https:\/\/akdenizolaygazetesi.com\/index.php?rest_route=%2Fwp%2Fv2%2Fcomments&post=23550"}],"version-history":[{"count":1,"href":"https:\/\/akdenizolaygazetesi.com\/index.php?rest_route=\/wp\/v2\/posts\/23550\/revisions"}],"predecessor-version":[{"id":23552,"href":"https:\/\/akdenizolaygazetesi.com\/index.php?rest_route=\/wp\/v2\/posts\/23550\/revisions\/23552"}],"wp:featuredmedia":[{"embeddable":true,"href":"https:\/\/akdenizolaygazetesi.com\/index.php?rest_route=\/wp\/v2\/media\/23551"}],"wp:attachment":[{"href":"https:\/\/akdenizolaygazetesi.com\/index.php?rest_route=%2Fwp%2Fv2%2Fmedia&parent=23550"}],"wp:term":[{"taxonomy":"category","embeddable":true,"href":"https:\/\/akdenizolaygazetesi.com\/index.php?rest_route=%2Fwp%2Fv2%2Fcategories&post=23550"},{"taxonomy":"post_tag","embeddable":true,"href":"https:\/\/akdenizolaygazetesi.com\/index.php?rest_route=%2Fwp%2Fv2%2Ftags&post=23550"}],"curies":[{"name":"wp","href":"https:\/\/api.w.org\/{rel}","templated":true}]}}