{"id":23556,"date":"2023-01-16T13:29:59","date_gmt":"2023-01-16T10:29:59","guid":{"rendered":"http:\/\/akdenizolaygazetesi.com\/?p=23556"},"modified":"2023-01-16T13:29:59","modified_gmt":"2023-01-16T10:29:59","slug":"mersin-edebiyat-festivali-3-gununde-de-onemli-yazar-ve-sairleri-agirladi","status":"publish","type":"post","link":"https:\/\/akdenizolaygazetesi.com\/?p=23556","title":{"rendered":"MERS\u0130N EDEB\u0130YAT FEST\u0130VAL\u0130 3. G\u00dcN\u00dcNDE DE \u00d6NEML\u0130 YAZAR VE \u015eA\u0130RLER\u0130 A\u011eIRLADI"},"content":{"rendered":"<p>Mersin B\u00fcy\u00fck\u015fehir Belediyesi taraf\u0131ndan d\u00fczenlenen &#8216;Mersin Edebiyat Festivali&#8217;nin son g\u00fcn\u00fcnde de birbirinden de\u011ferli bir\u00e7ok yazar ve \u015fair edebiyatseverlerle bir araya geldi. &#8216;Kar\u015f\u0131la\u015fmalar&#8217; temas\u0131yla bu y\u0131l ilki d\u00fczenlenen ve 13-15 Ocak tarihleri aras\u0131nda 3 g\u00fcn boyunca s\u00fcren festival hem vatanda\u015flardan hem de kat\u0131l\u0131mc\u0131 yazar ve \u015fairlerden tam not ald\u0131.<br \/>\nB\u00fcy\u00fck\u015fehir Belediyesi Genel Sekreter Yard\u0131mc\u0131s\u0131 Hasan G\u00f6kbel ve Serdal G\u00f6kayaz, K\u00fclt\u00fcr ve Sosyal \u0130\u015fler Dairesi Ba\u015fkanl\u0131\u011f\u0131 Koordinat\u00f6r\u00fc ve Opera Sanat\u00e7\u0131s\u0131 Bengi \u0130spir \u00d6zd\u00fclger, Mersin Edebiyat Festivali Koordinat\u00f6r\u00fc Prof. Dr. Cemal Sakall\u0131 ve bir\u00e7ok edebiyatseverin kat\u0131ld\u0131\u011f\u0131 festivalin 3. g\u00fcn\u00fcnde; \u015eair Haydar Erg\u00fclen &#8216;\u015eiir At\u00f6lyesi&#8217; ger\u00e7ekle\u015ftiriken, Yazar M\u00fcge \u0130plik\u00e7i &#8216;Kutsal S\u0131\u011f\u0131na\u011f\u0131m: Yaz\u0131&#8217; ve Yazar Nursel Duruel &#8216;\u00d6yk\u00fcm\u00fcz, \u00d6yk\u00fcc\u00fclerimiz&#8217; konulu s\u00f6yle\u015filer ile vatanda\u015flarla bir araya geldi.<br \/>\nNaz\u0131m Hikmet \u015fiirleriyle an\u0131ld\u0131<br \/>\n\u015eair ve Yazar Mahmut Temizy\u00fcrek, Yazar Ahmet Ero\u011flu, \u015eair ve Yazar O\u011fuz T\u00fcmba\u015f &#8216;\u0130yi ki Do\u011fdun Naz\u0131m Hikmet&#8217; temas\u0131yla \u00f6l\u00fcms\u00fcz \u015fair Naz\u0131m Hikmet&#8217;i festivalin son g\u00fcn\u00fcne denk gelen ve do\u011fum g\u00fcn\u00fc tarihi olan 15 Ocak&#8217;ta \u00f6l\u00fcms\u00fcz eserleriyle and\u0131.<br \/>\nProgram\u0131n sonunda \u015eair ve Yazar Metin Cengiz, \u015eair ve Yazar Ne\u015fe Ya\u015f\u0131n, \u015eair Haydar Erg\u00fclen, \u015eair ve Yazar Mahmut Temizy\u00fcrek &#8216;Mersin Ak\u015fam\u0131na \u015eiirler&#8217; isimli \u015fiir dinletisi ger\u00e7ekle\u015ftirdi.<br \/>\n&#8220;Birbirinden k\u0131ymetli yazarlar\u0131m\u0131z, \u015fairlerimiz. 3 g\u00fcn boyunca Mersinli sanatseverlere g\u00fczel anlar ya\u015fatt\u0131&#8221;<br \/>\nB\u00fcy\u00fck\u015fehir Belediyesi Genel Sekreter Yard\u0131mc\u0131s\u0131 Serdal G\u00f6kayaz, Mersin Edebiyat Festivali&#8217;nin \u00f6n\u00fcm\u00fczdeki y\u0131llarda da s\u00fcrece\u011fini ifade ederek, &#8220;Birbirinden k\u0131ymetli yazarlar\u0131m\u0131z, \u015fairlerimiz \u00e7ok g\u00fczel katk\u0131larda bulundular. 3 g\u00fcn boyunca Mersinli sanatseverlere ger\u00e7ekten g\u00fczel anlar ya\u015fatt\u0131lar. Biz de Mersin B\u00fcy\u00fck\u015fehir Belediyesi olarak ger\u00e7ekten b\u00fcy\u00fck bir mutluluk duyuyoruz. Bir festivali daha bu anlamda geride b\u0131rakm\u0131\u015f oluyoruz. Umuyoruz ki \u00f6n\u00fcm\u00fczdeki s\u00fcre\u00e7lerde hem bu festivalimizin hem di\u011fer festivallerimizin daha farkl\u0131 zeminde, daha yo\u011fun daha g\u00fczel bir \u015fekilde devam\u0131n\u0131 sa\u011flayaca\u011f\u0131z&#8221; dedi.<br \/>\n&#8220;Mersinimiz, sanatsal de\u011ferleri anlam\u0131nda ger\u00e7ekten \u00e7ok zengin&#8221;<br \/>\nK\u00fclt\u00fcr ve Sosyal \u0130\u015fler Dairesi Ba\u015fkanl\u0131\u011f\u0131 Koordinat\u00f6r\u00fc ve Opera Sanat\u00e7\u0131s\u0131 Bengi \u0130spir \u00d6zd\u00fclger, Mersin Edebiyat Festivali&#8217;nin kente yara\u015f\u0131r bir etkinlik oldu\u011funu belirterek &#8220;Mersinimiz, sanatsal de\u011ferleri anlam\u0131nda ger\u00e7ekten \u00e7ok zengin, \u00e7ok de\u011ferli sanat\u00e7\u0131lara ev sahipli\u011fi yapan, bu topraklarda b\u00fcy\u00fcyen sanat\u00e7\u0131lara sahip bir \u015fehir, \u00e7ok \u015fansl\u0131y\u0131z. Yapt\u0131\u011f\u0131m\u0131z bu \u00e7al\u0131\u015fmada onun bir g\u00f6stergesi adeta. \u00c7\u00fcnk\u00fc biz \u015fehrimizin edebiyatla da an\u0131lmas\u0131n\u0131 \u00e7ok arzu ediyoruz. &#8216;Festivallerin birle\u015ftirici g\u00fcc\u00fcn\u00fcn fark\u0131nday\u0131z&#8217; demi\u015ftik, T\u00fcrkiye&#8217;nin \u00f6nde gelen yazar ve \u015fairleriyle Mersinli sanatseverlerin bir arada olmas\u0131n\u0131 hedeflemi\u015ftik ve hedefimize de ula\u015ft\u0131k. Dolu dolu ge\u00e7ti. Her s\u00f6yle\u015fi, at\u00f6lye \u00e7al\u0131\u015fmas\u0131, dinletiler, hepsinde kat\u0131l\u0131m \u00e7ok y\u00fcksekti. \u015eehirde yank\u0131lar\u0131n\u0131 duyuyoruz, etkisini g\u00f6r\u00fcyoruz ve bundan dolay\u0131 da \u00e7ok b\u00fcy\u00fck mutluluk, gurur ya\u015f\u0131yoruz. \u00d6n\u00fcm\u00fczdeki y\u0131llarda yine sevgili sanatseverlerimizle bir arada olmak bizim en b\u00fcy\u00fck dile\u011fimiz. Sanat\u0131n her kolunda dolu dolu etkinlikler, g\u00f6steriler, \u00e7al\u0131\u015fmalar, festivaller yapmak \u00fczere bizi takip etsinler istiyoruz. Biz, Mersin B\u00fcy\u00fck\u015fehir Belediyesi olarak bu \u00e7al\u0131\u015fmalar\u0131n devam\u0131n\u0131 getirece\u011fimizin s\u00f6z\u00fcn\u00fc de veriyoruz&#8221; diye konu\u015ftu.<br \/>\n&#8220;Edebiyat Festivali Mersin&#8217;e \u00e7ok yak\u0131\u015ft\u0131&#8221;<br \/>\nMersin Edebiyat Festivali Koordinat\u00f6r\u00fc Prof. Dr. Cemal Sakall\u0131, festivalin dolu dolu ge\u00e7ti\u011fini ve kat\u0131l\u0131mc\u0131lar\u0131n memnun ayr\u0131ld\u0131\u011f\u0131n\u0131 belirterek, &#8220;Kat\u0131l\u0131mc\u0131lar Edebiyat Festivali&#8217;ni benimsedi \u00e7\u00fcnk\u00fc Mersin bu festivale sahip \u00e7\u0131kt\u0131,  benimsedi. Festivalin ba\u015far\u0131l\u0131 ge\u00e7mesini sa\u011flayan bir \u015fey daha var o da Mersin B\u00fcy\u00fck\u015fehir Belediyesi&#8217;nin deste\u011fi ve katk\u0131lar\u0131d\u0131r. B\u00fcy\u00fck\u015fehir Mersin&#8217;e ve de\u011ferlerine sahip \u00e7\u0131kt\u0131, hem de T\u00fcrkiye&#8217;nin g\u00fcndemine oturttu&#8221; dedi. Mersin&#8217;de bir Edebiyat R\u00f6nesans&#8217;\u0131 ya\u015fand\u0131\u011f\u0131n\u0131 s\u00f6yleyen Sakall\u0131, &#8220;Mersin bundan sonra entelekt\u00fcel, k\u00fclt\u00fcrel ve sanatsal boyutuyla \u00e7ok daha ba\u015fka bir noktaya gelecek. \u0130lk defa bir B\u00fcy\u00fck\u015fehir Belediyesi b\u00f6yle bir organizasyon yap\u0131lmas\u0131na tam destek verdi. Organizasyon da ba\u015far\u0131l\u0131 bir \u015fekilde ge\u00e7ti, \u00e7ok keyif ald\u0131k. Gelen \u015fair ve yazarlar\u0131m\u0131z b\u00fcy\u00fck bir k\u0131van\u00e7la geri d\u00f6nd\u00fcler, &#8216;Mersin bu i\u015fi ba\u015fard\u0131&#8217; dediler. Gelen \u015fair ve yazarlar\u0131m\u0131z\u0131n da ortak d\u00fc\u015f\u00fcncesi \u015fu oldu; Edebiyat Festivali Mersin&#8217;e \u00e7ok yak\u0131\u015ft\u0131&#8221; ifadelerini kulland\u0131.<br \/>\n\u015eair Haydar Erg\u00fclen, Mersin Edebiyat Festivali&#8217;nin yurtd\u0131\u015f\u0131nda an\u0131lan festivallerden birisi olabilece\u011fini s\u00f6yleyerek, &#8220;Kutluyorum, Edebiyat Festivali olarak bildi\u011fim kadar\u0131yla Mersin&#8217;de ilk kez yap\u0131lan bir festival. Pek \u00e7ok Akdeniz \u00fclkesiyle kom\u015fu olan bir il buras\u0131. Co\u011frafyas\u0131 da uygun, insan yap\u0131s\u0131 da uygun. Pek \u00e7ok \u015fair ve yazar\u0131 olan bir yer. O nedenle uluslararas\u0131 boyutunun gelecek y\u0131ldan ba\u015flayarak yap\u0131lmas\u0131 iyi olacakt\u0131r. K\u00fclt\u00fcr ve turizm a\u00e7\u0131s\u0131ndan da iyi olacakt\u0131r. Bu tip etkinlikler, \u00f6zellikle yurtd\u0131\u015f\u0131nda, baz\u0131 kentler festivallerle an\u0131l\u0131r. Mersin Edebiyat Festivali neden bunlardan biri olmas\u0131n&#8221; diye konu\u015ftu.<br \/>\n&#8220;Bu festival Mersin&#8217;e \u00e7ok yak\u0131\u015ft\u0131&#8221;<br \/>\nYazar M\u00fcge \u0130plik\u00e7i, Edebiyat Festivali dolay\u0131s\u0131yla Mersin&#8217;de olmaktan dolay\u0131 \u00e7ok mutlu oldu\u011funu ifade ederek, &#8220;Mersin&#8217;in hak etti\u011fi bir festivaldi. Her daim buraya geldi\u011fimde \u015fu hissi duyuyorum; turun\u00e7 ve portakal kokular\u0131 aras\u0131nda edebiyat her daim farkl\u0131 bir \u015feydir. Co\u011frafyan\u0131n bereketine edebiyatta eklendi\u011finde herhalde tad\u0131ndan yenmez olur. Bu festival Mersin&#8217;e \u00e7ok yak\u0131\u015ft\u0131. Dilerim \u00e7ok uzun s\u00fcre b\u00fct\u00fcn bereketiyle devam eder o portakal ve turun\u00e7 kokular\u0131 e\u015fli\u011finde&#8221; dedi.<br \/>\n&#8220;Mersin B\u00fcy\u00fck\u015fehir Belediyesi&#8217;nin yapt\u0131\u011f\u0131 bu festival ger\u00e7ekten \u00e7ok de\u011ferli&#8221;<br \/>\nYazar, Nursen Duruel, &#8220;Mersin B\u00fcy\u00fck\u015fehir Belediyesi&#8217;nin yapt\u0131\u011f\u0131 bu festival ger\u00e7ekten \u00e7ok de\u011ferli. \u00dclkemizdeki \u00e7ok de\u011ferli yazarlar\u0131 bir araya toplad\u0131 ve yazarlar konu\u015furlarken salon daima dolu oldu. Bu harika bir \u015fey. Her yerde b\u00f6yle olmaz. Edebiyata, yazarlara ilgi \u00e7ok g\u00fczel ve Belediye bunun alt yap\u0131s\u0131n\u0131 son derece iyi haz\u0131rlam\u0131\u015f. O bak\u0131mdan ke\u015fke ba\u015fkalar\u0131 da bunu \u00f6rnek alsa da T\u00fcrkiye&#8217;de yayg\u0131n hale gelse&#8221; ifadelerini kulland\u0131.<br \/>\n&#8220;Bu festivalin \u00f6rnek olmas\u0131n\u0131 istiyorum&#8221;<br \/>\n\u015eair ve Yazar O\u011fuz T\u00fcmba\u015f ise festivalin yerel y\u00f6netimlere \u00f6rnek olmas\u0131n\u0131 istedi\u011fini belirterek, &#8220;Genelde bu t\u00fcr toplant\u0131lara \u00e7ok az insan gelir ve erkenden de gider ama burada bak\u0131yorum sonuna kadar \u00e7ok ilgili izleyenler. O y\u00fczden \u00e7ok ho\u015fnut kald\u0131m. Yerel y\u00f6netimlerin sanat, k\u00fclt\u00fcr ve edebiyat etkinliklerine daha \u00e7ok \u00f6nem vermelerini istiyorum ve bu festivalin \u00f6rnek olmas\u0131n\u0131 istiyorum&#8221; dedi. Sanata, edebiyata ve k\u00fclt\u00fcre dair yap\u0131labilecek etkinliklerin \u00e7ok \u00f6nemli oldu\u011funa inand\u0131\u011f\u0131n\u0131 belirten T\u00fcmba\u015f, &#8220;Buras\u0131 beni \u00e7ok mutlu etti, buray\u0131 b\u00fcy\u00fck bir kazan\u0131m say\u0131yorum. \u0130zmir&#8217;e d\u00f6nd\u00fc\u011f\u00fcmde de gazetemdeki k\u00f6\u015femde bunu da yazaca\u011f\u0131m. \u0130yi ki b\u00f6yle bir etkinli\u011fe geldim ve iyi ki b\u00f6yle bir etkinlikte yaz\u0131n emek\u00e7isi dostlar\u0131mla bulu\u015ftum. Dilerim bu festivaller \u00e7ok daha yayg\u0131n bir bi\u00e7imde s\u00fcrs\u00fcn s\u00fcrebilsin ve T\u00fcrkiye&#8217;nin her yerinde olsun&#8221; diye konu\u015ftu.<br \/>\n&#8220;Bu festival Mersin&#8217;e \u00e7ok yak\u0131\u015ft\u0131&#8221;<br \/>\n&#8220;Mersin&#8217;in k\u00fclt\u00fcr kenti olma yolunda bir ad\u0131m daha at\u0131ld\u0131&#8221;<br \/>\nYazar Ahmet Ero\u011flu, &#8220;Mersin B\u00fcy\u00fck\u015fehir Belediyesi&#8217;ni, ba\u011fl\u0131 kurumlar\u0131n\u0131, MEDEKA&#8217;y\u0131 eme\u011fi ge\u00e7en b\u00fct\u00fcn arkada\u015flar\u0131m\u0131 tebrik ediyorum. Onlara bir g\u00f6n\u00fcl borcumuz var bizim b\u00f6ylesi bir etkinli\u011fin d\u00fczenlenmesine ortam haz\u0131rlad\u0131klar\u0131 i\u00e7in. Son derece anlaml\u0131 ve de\u011ferli buluyorum. Mersin&#8217;in k\u00fclt\u00fcr kenti olma yolunda bir ad\u0131m daha at\u0131ld\u0131. Benim beklentim bunun devam ederek geleneksel hale gelmesidir. \u0130l d\u0131\u015f\u0131ndan, yurt d\u0131\u015f\u0131ndan gelen edebiyat\u00e7\u0131m\u0131z, konuklar\u0131m\u0131zla \u00e7ok g\u00fczel s\u00f6yle\u015filer yapt\u0131k. Bilgilendik, birbirimizden pek \u00e7ok \u015fey \u00f6\u011frendik. Bu anlamda Mersin kenti a\u00e7\u0131s\u0131ndan \u00e7ok \u00f6nemli bir kazan\u0131md\u0131r, kutluyorum&#8221; dedi.<br \/>\n\u015eair ve Yazar Mahmut Temizy\u00fcrek, festivalin dolu dolu ge\u00e7ti\u011fini anlatarak, &#8220;Daha \u00f6nce de edebiyat etkinlikleri vard\u0131 ama bu denli yo\u011fun bu denli zengin, geni\u015f programl\u0131 bir festivale ilk kez kat\u0131l\u0131yorum, ilk kez yap\u0131l\u0131yor zaten. Bu Mersin i\u00e7in galiba b\u00fcy\u00fck bir ba\u015flang\u0131\u00e7 oluyor. Hem ortam hem insanlar\u0131n ilgisi, dostlu\u011fu, misafirperverli\u011fi, Mersinlilik konusundaki y\u00fcceltici duygular\u0131 insan\u0131 etkiliyor ve insan Mersinli olman\u0131n mutlulu\u011funu ya\u015f\u0131yor&#8221; ifadelerine yer verdi.<br \/>\nFestivale kat\u0131lan vatanda\u015flardan Ay\u015feg\u00fcl G\u00f6k, festivali \u00e7ok g\u00fczel buldu\u011funu belirterek, &#8220;Devam\u0131 gelir in\u015fallah. Kitap fuarlar\u0131na da s\u00fcrekli gidiyorum ama ilk defa oldu Edebiyat Festivali. G\u00fczel bir etkinlik&#8221; derken, \u00fcniversite \u00f6\u011frencisi Buse G\u00f6k ise &#8220;G\u00fczel s\u00f6yle\u015filer yap\u0131l\u0131yor. Gen\u00e7lere hitaben de. Devam\u0131 gelir umar\u0131m&#8221; ifadelerine yer verdi.<\/p>\n","protected":false},"excerpt":{"rendered":"<p>Mersin B\u00fcy\u00fck\u015fehir Belediyesi taraf\u0131ndan d\u00fczenlenen &#8216;Mersin Edebiyat Festivali&#8217;nin son g\u00fcn\u00fcnde de birbirinden de\u011ferli bir\u00e7ok yazar ve \u015fair edebiyatseverlerle bir araya geldi. &#8216;Kar\u015f\u0131la\u015fmalar&#8217; temas\u0131yla bu y\u0131l ilki d\u00fczenlenen ve 13-15 Ocak &hellip; <a href=\"https:\/\/akdenizolaygazetesi.com\/?p=23556\" class=\"more-link\">Devam\u0131n\u0131 Oku&#8230;<\/a><\/p>\n","protected":false},"author":2,"featured_media":23557,"comment_status":"open","ping_status":"open","sticky":false,"template":"","format":"standard","meta":[],"categories":[2,3,5],"tags":[],"_links":{"self":[{"href":"https:\/\/akdenizolaygazetesi.com\/index.php?rest_route=\/wp\/v2\/posts\/23556"}],"collection":[{"href":"https:\/\/akdenizolaygazetesi.com\/index.php?rest_route=\/wp\/v2\/posts"}],"about":[{"href":"https:\/\/akdenizolaygazetesi.com\/index.php?rest_route=\/wp\/v2\/types\/post"}],"author":[{"embeddable":true,"href":"https:\/\/akdenizolaygazetesi.com\/index.php?rest_route=\/wp\/v2\/users\/2"}],"replies":[{"embeddable":true,"href":"https:\/\/akdenizolaygazetesi.com\/index.php?rest_route=%2Fwp%2Fv2%2Fcomments&post=23556"}],"version-history":[{"count":1,"href":"https:\/\/akdenizolaygazetesi.com\/index.php?rest_route=\/wp\/v2\/posts\/23556\/revisions"}],"predecessor-version":[{"id":23558,"href":"https:\/\/akdenizolaygazetesi.com\/index.php?rest_route=\/wp\/v2\/posts\/23556\/revisions\/23558"}],"wp:featuredmedia":[{"embeddable":true,"href":"https:\/\/akdenizolaygazetesi.com\/index.php?rest_route=\/wp\/v2\/media\/23557"}],"wp:attachment":[{"href":"https:\/\/akdenizolaygazetesi.com\/index.php?rest_route=%2Fwp%2Fv2%2Fmedia&parent=23556"}],"wp:term":[{"taxonomy":"category","embeddable":true,"href":"https:\/\/akdenizolaygazetesi.com\/index.php?rest_route=%2Fwp%2Fv2%2Fcategories&post=23556"},{"taxonomy":"post_tag","embeddable":true,"href":"https:\/\/akdenizolaygazetesi.com\/index.php?rest_route=%2Fwp%2Fv2%2Ftags&post=23556"}],"curies":[{"name":"wp","href":"https:\/\/api.w.org\/{rel}","templated":true}]}}