{"id":23559,"date":"2023-01-16T13:31:19","date_gmt":"2023-01-16T10:31:19","guid":{"rendered":"http:\/\/akdenizolaygazetesi.com\/?p=23559"},"modified":"2023-01-16T13:31:19","modified_gmt":"2023-01-16T10:31:19","slug":"turkiyeye-hic-bir-sekilde-yakismayan-bu-zihniyetin-geride-birakilmasi-gerekmektedir","status":"publish","type":"post","link":"https:\/\/akdenizolaygazetesi.com\/?p=23559","title":{"rendered":"&#8220;T\u00fcrkiye&#8217;ye hi\u00e7 bir \u015fekilde yak\u0131\u015fmayan bu zihniyetin, geride b\u0131rak\u0131lmas\u0131 gerekmektedir&#8221;"},"content":{"rendered":"<p>TBMM Anayasa Komisyonu Katip \u00dcyesi ve AK Parti Mersin Milletvekili Av. Zeynep G\u00fcl Y\u0131lmaz, &#8220;ba\u015f\u00f6rt\u00fcs\u00fcne anayasal g\u00fcvence ve ailenin korunmas\u0131&#8221;na y\u00f6nelik Anayasa de\u011fi\u015fikli\u011fi teklifine ili\u015fkin, &#8220;T\u00fcrkiye&#8217;ye hi\u00e7 bir \u015fekilde yak\u0131\u015fmayan ve Orta\u00e7a\u011f karanl\u0131\u011f\u0131n\u0131 and\u0131ran bu zihniyetin, ya\u015fanan ac\u0131lar\u0131n tekrara mahal vermeyecek \u015fekilde geride b\u0131rak\u0131lmas\u0131 gerekmektedir.&#8221; dedi.<br \/>\nYaz\u0131l\u0131 bir a\u00e7\u0131klama yapan Milletvekili Zeynep G\u00fcl Y\u0131lmaz, Cumhuriyet Halk Partisi (CHP) Genel Ba\u015fkan\u0131 Kemal K\u0131l\u0131\u00e7daro\u011flu&#8217;nun &#8216;ba\u015f\u00f6rt\u00fcs\u00fcne yasal g\u00fcvence&#8217;ye dair kanun teklifi sunacaklar\u0131n\u0131 a\u00e7\u0131klamas\u0131n\u0131n ard\u0131ndan, Cumhurba\u015fkan\u0131 Recep Tayyip Erdo\u011fan&#8217;\u0131n &#8220;Gelin \u00e7\u00f6z\u00fcm\u00fc Anayasa d\u00fczeyinde sa\u011flayal\u0131m&#8221; s\u00f6zleriyle s\u00fcrecin ba\u015flad\u0131\u011f\u0131n s\u00f6yledi. Anayasa de\u011fi\u015fikli\u011fi teklifinin 336 milletvekilinin imzas\u0131yla TBMM Ba\u015fkanl\u0131\u011f\u0131na sunuldu\u011funu an\u0131msatan Y\u0131lmaz, &#8220;\u00d6n\u00fcm\u00fczdeki g\u00fcnlerde TBMM Anayasa Komisyonu&#8217;na gelecek olan bu de\u011fi\u015fiklik teklifi, TBMM Genel Kurulu&#8217;nda 400 ve \u00fczeri bir oyla kabul edildi\u011fi zaman halk oylamas\u0131na gidilmeyecek. Referandum i\u00e7in ise en az 360 milletvekilinin oyu gerekiyor. K\u0131zlar\u0131m\u0131z\u0131n, kad\u0131nlar\u0131m\u0131z\u0131n yeniden ayn\u0131 s\u0131k\u0131nt\u0131lar\u0131 ya\u015famamas\u0131, e\u011fitim ve di\u011fer haklar\u0131ndan mahrum b\u0131rak\u0131lmamalar\u0131 yani olas\u0131 keyfi uygulamalar\u0131n tekrar etmemesi i\u00e7in bu Anayasal g\u00fcvencenin gerekli oldu\u011funu d\u00fc\u015f\u00fcn\u00fcyoruz.&#8221; diye konu\u015ftu.<br \/>\n&#8216;SAM\u0130M\u0130LERSE HAYIR DEMEMELER\u0130 GEREK\u0130YOR&#8221;<br \/>\nMilletvekili Zeynep G\u00fcl Y\u0131lmaz, beklentilerinin referanduma gerek kalmadan b\u00fct\u00fcn partilerin oyuyla kabul edilmesi oldu\u011funu belirtti. Bu sorunun, Anayasa de\u011fi\u015fikli\u011fiyle T\u00fcrkiye&#8217;nin g\u00fcndeminden \u00e7\u0131kart\u0131lmas\u0131 gerekti\u011finin alt\u0131n\u0131 \u00e7izen Y\u0131lmaz, \u015f\u00f6yle devam etti:<br \/>\n&#8220;CHP lideri K\u0131l\u0131\u00e7daro\u011flu, s\u00f6zlerinde samimiyse, grubunun da Anayasa de\u011fi\u015fikli\u011fi teklifimize hay\u0131r dememesi gerekiyor. Ancak bu konuda daha \u00f6nce partimiz taraf\u0131ndan yap\u0131lan g\u00f6r\u00fc\u015fme teklifini reddettiklerine g\u00f6re bunun da t\u0131pk\u0131 di\u011ferleri gibi K\u0131l\u0131\u00e7daro\u011flu&#8217;nun siyasi bir \u015fovu oldu\u011fu anla\u015f\u0131l\u0131yor. Ba\u015fka hi\u00e7 bir konuda ortak karara varamayan muhalefet, bu konuda tam mutabakat\u0131 sa\u011flam\u0131\u015f g\u00f6r\u00fcn\u00fcyor. E\u011fer bu teklif TBMM Genel Kurulunda 400&#8217;\u00fcn alt\u0131nda ve 360&#8217;\u0131n \u00fcst\u00fcnde bir oy al\u0131rsa Say\u0131n Cumhurba\u015fkan\u0131m\u0131z referanduma gidilece\u011fini ve bundan geri d\u00f6n\u00fc\u015f olmad\u0131\u011f\u0131n\u0131 a\u00e7\u0131klam\u0131\u015ft\u0131. Beklentimiz referanduma gerek kalmadan, b\u00fct\u00fcn partilerin oyuyla kabul edilmesidir. \u00c7\u00fcnk\u00fc T\u00fcrkiye&#8217;ye hi\u00e7 bir \u015fekilde yak\u0131\u015fmayan ve Orta\u00e7a\u011f karanl\u0131\u011f\u0131n\u0131 and\u0131ran bu zihniyetin, ya\u015fanan ac\u0131lar\u0131n tekrara mahal vermeyecek \u015fekilde geride b\u0131rak\u0131lmas\u0131 gerekmektedir.&#8221;<\/p>\n","protected":false},"excerpt":{"rendered":"<p>TBMM Anayasa Komisyonu Katip \u00dcyesi ve AK Parti Mersin Milletvekili Av. Zeynep G\u00fcl Y\u0131lmaz, &#8220;ba\u015f\u00f6rt\u00fcs\u00fcne anayasal g\u00fcvence ve ailenin korunmas\u0131&#8221;na y\u00f6nelik Anayasa de\u011fi\u015fikli\u011fi teklifine ili\u015fkin, &#8220;T\u00fcrkiye&#8217;ye hi\u00e7 bir \u015fekilde yak\u0131\u015fmayan &hellip; <a href=\"https:\/\/akdenizolaygazetesi.com\/?p=23559\" class=\"more-link\">Devam\u0131n\u0131 Oku&#8230;<\/a><\/p>\n","protected":false},"author":2,"featured_media":23560,"comment_status":"open","ping_status":"open","sticky":false,"template":"","format":"standard","meta":[],"categories":[3,6],"tags":[],"_links":{"self":[{"href":"https:\/\/akdenizolaygazetesi.com\/index.php?rest_route=\/wp\/v2\/posts\/23559"}],"collection":[{"href":"https:\/\/akdenizolaygazetesi.com\/index.php?rest_route=\/wp\/v2\/posts"}],"about":[{"href":"https:\/\/akdenizolaygazetesi.com\/index.php?rest_route=\/wp\/v2\/types\/post"}],"author":[{"embeddable":true,"href":"https:\/\/akdenizolaygazetesi.com\/index.php?rest_route=\/wp\/v2\/users\/2"}],"replies":[{"embeddable":true,"href":"https:\/\/akdenizolaygazetesi.com\/index.php?rest_route=%2Fwp%2Fv2%2Fcomments&post=23559"}],"version-history":[{"count":1,"href":"https:\/\/akdenizolaygazetesi.com\/index.php?rest_route=\/wp\/v2\/posts\/23559\/revisions"}],"predecessor-version":[{"id":23561,"href":"https:\/\/akdenizolaygazetesi.com\/index.php?rest_route=\/wp\/v2\/posts\/23559\/revisions\/23561"}],"wp:featuredmedia":[{"embeddable":true,"href":"https:\/\/akdenizolaygazetesi.com\/index.php?rest_route=\/wp\/v2\/media\/23560"}],"wp:attachment":[{"href":"https:\/\/akdenizolaygazetesi.com\/index.php?rest_route=%2Fwp%2Fv2%2Fmedia&parent=23559"}],"wp:term":[{"taxonomy":"category","embeddable":true,"href":"https:\/\/akdenizolaygazetesi.com\/index.php?rest_route=%2Fwp%2Fv2%2Fcategories&post=23559"},{"taxonomy":"post_tag","embeddable":true,"href":"https:\/\/akdenizolaygazetesi.com\/index.php?rest_route=%2Fwp%2Fv2%2Ftags&post=23559"}],"curies":[{"name":"wp","href":"https:\/\/api.w.org\/{rel}","templated":true}]}}