{"id":23568,"date":"2023-01-17T13:27:31","date_gmt":"2023-01-17T10:27:31","guid":{"rendered":"http:\/\/akdenizolaygazetesi.com\/?p=23568"},"modified":"2023-01-17T13:27:31","modified_gmt":"2023-01-17T10:27:31","slug":"buyuksehirle-mersinliler-sanatin-her-daliyla-tanisiyor","status":"publish","type":"post","link":"https:\/\/akdenizolaygazetesi.com\/?p=23568","title":{"rendered":"B\u00dcY\u00dcK\u015eEH\u0130R&#8217;LE MERS\u0130NL\u0130LER SANATIN HER DALIYLA TANI\u015eIYOR"},"content":{"rendered":"<p>B\u00fcy\u00fck\u015fehir&#8217;in sanat kadrolar\u0131 g\u00fc\u00e7lendirilen ve yeniden yap\u0131land\u0131r\u0131lan \u015eehir Tiyatrosu, 2021-2022 sanat sezonunda Halktan Biri, Aslolan Hayatt\u0131r, Kozalar, Matru\u015fka, Vah\u015fet Tanr\u0131s\u0131, Buzlar \u00c7\u00f6z\u00fclmeden, \u00d6l\u00fcm\u00fc Ard\u0131nda Gezdirenler, G\u00f6zlerimi Kapar\u0131m Vazifemi Yapar\u0131m ve \u00e7ocuk oyunu olan G\u00f6kku\u015fa\u011f\u0131&#8217;n\u0131n Alt\u0131nda oyunlar\u0131 ile seyircisinin kar\u015f\u0131s\u0131nda 72 kere perde a\u00e7t\u0131.<br \/>\n\u00d6zd\u00fclger: &#8220;\u015eehir Tiyatromuz, de\u011fi\u015fik kategorilerde tam 29 \u00f6d\u00fcl ald\u0131&#8221;<br \/>\n\u015eehir Tiyatrosu, hem kent merkezinde hem de turne kapsam\u0131nda gidecekleri il\u00e7elerde de &#8216;perde&#8217; dedi. Oyunlar\u0131n pr\u00f6miyerleriyle de seyircisini selamlayan \u015eehir Tiyatrosu oyuncular\u0131, hem sahne performanslar\u0131, hem dekor, hem de kost\u00fcmleriyle g\u00f6z doldurdu.  \u015eehir Tiyatrosu, 2022 y\u0131l\u0131 i\u00e7erisinde turne kapsam\u0131nda il\u00e7elerin yan\u0131 s\u0131ra K\u0131br\u0131s, Hatay, \u0130zmir, Adana, \u0130stanbul ve U\u015fak&#8217;ta da oyunlar\u0131n\u0131 sergiledi.<br \/>\nK\u00fclt\u00fcr ve Sosyal \u0130\u015fler Dairesi Ba\u015fkanl\u0131\u011f\u0131 Koordinat\u00f6r\u00fc ve Opera Sanat\u00e7\u0131s\u0131 Bengi \u0130spir \u00d6zd\u00fclger, \u015eehir Tiyatrolar\u0131 \u015eube M\u00fcd\u00fcrl\u00fc\u011f\u00fc kapsam\u0131nda sanat\u0131 kente yayd\u0131klar\u0131n\u0131 belirterek, &#8220;Dolu dolu bir y\u0131l ya\u015fad\u0131k. Yapt\u0131\u011f\u0131m\u0131z temsillerle, g\u00f6sterilerle, turnelerle ve festival kat\u0131l\u0131mlar\u0131yla, Mersin B\u00fcy\u00fck\u015fehir Belediyesi \u015eehir Tiyatrosu sadece ilimizde de\u011fil, \u00fclkemizde de ad\u0131ndan \u00f6vg\u00fcyle s\u00f6z ettirdi. Bu y\u0131l i\u00e7erisinde K\u0131br\u0131s&#8217;tan K\u0131r\u015fehir&#8217;e, \u0130stanbul&#8217;dan \u0130zmir&#8217;e bir\u00e7ok kente, Mersin \u015eehir Tiyatromuzun temsilleriyle gittik. Dolu dolu ge\u00e7en bir repertuvar olu\u015fturdu\u011fumuz i\u00e7in de yapt\u0131\u011f\u0131m\u0131z bu \u00e7al\u0131\u015fmalar ger\u00e7ekten \u00e7ok ses getirdi. Ayn\u0131 zamanda b\u00fcy\u00fck \u00f6d\u00fcller de ald\u0131k. \u015eehir Tiyatrosu oyunlarla, performanslarla, ayn\u0131 zamanda oyuncular\u0131m\u0131zla, arka tarafta kreatif ekibin olu\u015fturdu\u011fu \u00e7al\u0131\u015fmalarla \u015fu ana kadar 29 tane \u00f6d\u00fcle lay\u0131k g\u00f6r\u00fcld\u00fc. Biz ayn\u0131 zamanda dezavantajl\u0131 b\u00f6lgelerde, okullarda yapt\u0131\u011f\u0131m\u0131z \u00e7ocuk oyunlar\u0131yla da \u015fehrimizdeki sevgili \u00e7ocuklar\u0131m\u0131za ve vatanda\u015flar\u0131m\u0131za temsillerimizi tan\u0131tma ve izletme f\u0131rsat\u0131 bulduk. \u015eehir Tiyatrosu olarak 2023&#8217;te de yine turnelerimizle, festival kat\u0131l\u0131mlar\u0131m\u0131zla ba\u015fka \u015fehirlerdeki g\u00f6sterilerimiz ve \u015fehrimizdeki g\u00f6sterilerimizle, ad\u0131m\u0131zdan \u00f6vg\u00fc ile s\u00f6z ettirmeye devam edece\u011fiz&#8221; dedi.<br \/>\nKonserler, festivaller, \u015fenlikler ve dahas\u0131<br \/>\nK\u00fclt\u00fcr ve Sosyal \u0130\u015fler Dairesi b\u00fcnyesinde faaliyetlerini y\u00fcr\u00fcten Kent Orkestras\u0131, her ya\u015ftan ve kesimden vatanda\u015f\u0131 2022&#8217;de de konser etkinliklerinde bulu\u015fturdu. B\u00fcy\u00fck\u015fehir, &#8216;Yaz Dostum&#8217;, &#8216;Ho\u015f Geldin Bahar&#8217;, &#8216;Y\u0131ld\u0131zlar\u0131n Alt\u0131nda&#8217;, &#8216;Gen\u00e7lik Konseri&#8217; gibi bir\u00e7ok farkl\u0131 temayla Mersin&#8217;i ezgilerle doldurdu. Bu y\u0131l ilki ger\u00e7ekle\u015ftirilen &#8216;Mersin Gen\u00e7lik Festivali&#8217;nde gen\u00e7ler; oyunlar, aktiviteler, \u015fovlar ve konserlerle doyas\u0131ya e\u011flendi. &#8216;Kleopatra&#8217; temas\u0131yla ilki ger\u00e7ekle\u015ftirilen &#8216;Uluslararas\u0131 Tarsus Festivali&#8217;yle de at\u00f6lyeler, s\u00f6yle\u015filer, e\u011flence alanlar\u0131, sergiler, dans g\u00f6sterileri ve konserler ile festival co\u015fkusu doyas\u0131ya ya\u015fand\u0131, usta kalemler vatanda\u015flarla bulu\u015ftu. 2022&#8217;de \u015eevval Sam, Sagopa Kajmer, Sefo, Zeynep Casalini, Gazapizm, \u0130rem Derici, Edis, Derya Ulu\u011f, Zeynep Bast\u0131k gibi T\u00fcrkiye&#8217;nin sevilen sanat\u00e7\u0131lar\u0131, B\u00fcy\u00fck\u015fehir&#8217;in d\u00fczenledi\u011fi etkinliklerde sahne alarak Mersinlilerin co\u015fkusuna ortak oldu.<br \/>\nK\u00fclt\u00fcrel Etkinlikler ve Sanat Topluluklar\u0131 \u015eube M\u00fcd\u00fcrl\u00fc\u011f\u00fc&#8217;n\u00fcn i\u00e7inde Kent Orkestras\u0131, T\u00fcrk Halk M\u00fczi\u011fi, T\u00fcrk Sanat M\u00fczi\u011fi Orkestras\u0131, Halk Oyunlar\u0131 Ekibi, Bando Toplulu\u011fu&#8217;nun yer ald\u0131\u011f\u0131n\u0131 belirterek, sanat\u00e7\u0131 al\u0131mlar\u0131yla t\u00fcm sanat topluluklar\u0131n\u0131n kadrolar\u0131n\u0131 g\u00fc\u00e7lendirdiklerini s\u00f6yleyen \u00d6zd\u00fclger, &#8220;T\u00fcrk Halk M\u00fczi\u011fi, T\u00fcrk Sanat M\u00fczi\u011fi konserlerimizle, halk oyunlar\u0131 g\u00f6sterilerimizle, sanatsal etkinliklerimizi vatanda\u015flar\u0131m\u0131zla b\u00fct\u00fcnle\u015ftirmekten b\u00fcy\u00fck mutluluk duyuyoruz. D\u00fczenli bir program yaparak da bu \u00e7al\u0131\u015fmalar\u0131 hareketlendiriyoruz&#8221; dedi. &#8216;Kleopatra&#8217; temas\u0131yla ilkinin ger\u00e7ekle\u015fti\u011fi &#8216;Uluslararas\u0131 Tarsus Festivali&#8217;, &#8216;Mut Ot Festivali&#8217;, &#8216;Gen\u00e7lik Festivali&#8217; gibi festivallerle kente hareket katt\u0131klar\u0131n\u0131, 7&#8217;den 70&#8217;e herkesin bu festival programlar\u0131nda e\u011flendi\u011fini ve k\u00fclt\u00fcr etkile\u015fimi ya\u015fand\u0131\u011f\u0131n\u0131 s\u00f6yleyen \u00d6zd\u00fclger, &#8220;2023 i\u00e7in dolu dolu festivaller, \u015fenlikler ve etkinlikler haz\u0131rlad\u0131k. 2023&#8217;te yeni etkinlikler, yeni festivallerle \u015fehrimizle b\u00fct\u00fcnle\u015fmeye devam edece\u011fiz&#8221; diye konu\u015ftu.<br \/>\n&#8220;Ulusal ve uluslararas\u0131 festivallere kat\u0131larak, kentimizin tan\u0131t\u0131m\u0131na katk\u0131 sunuyoruz&#8221;<br \/>\nKent Kat\u0131l\u0131m\u0131 ve Sivil Toplumla \u0130li\u015fkiler \u015eube M\u00fcd\u00fcrl\u00fc\u011f\u00fc&#8217;n\u00fcn i\u00e7inde, Mersin&#8217;e De\u011fer Katanlar Kurulu (MEDEKA) ile Tarsus&#8217;a De\u011fer Katanlar Kurulu (TADEKA)&#8217;n\u0131n yer ald\u0131\u011f\u0131n\u0131 ve 2022 y\u0131l\u0131nda bu kurullar ile bir\u00e7ok \u00e7al\u0131\u015fma ger\u00e7ekle\u015ftirdiklerini anlatan \u00d6zd\u00fclger, &#8220;Ayn\u0131 zamanda Sinema Ofisi ile Kent Tarihi Ara\u015ft\u0131rmalar\u0131 \u00fczerine bir ofis kurulmas\u0131 ile ilgili de \u00e7al\u0131\u015fmalar yap\u0131l\u0131yor. Onunla ilgili d\u00f6k\u00fcmanlar, objeler, belgeler toparlan\u0131yor ve ileriki s\u00fcre\u00e7te m\u00fczelerimizi olu\u015ftururken de bunlar\u0131n i\u00e7eri\u011finin olu\u015fturulmas\u0131 sa\u011flanacak&#8221; dedi. \u00d6zd\u00fclger, kurulacak olan Sinema Ofisi&#8217;ne de \u00e7ok \u00f6nem verdiklerini ve \u00e7al\u0131\u015fmalar\u0131n h\u0131zla s\u00fcrd\u00fc\u011f\u00fcn\u00fc anlatt\u0131. Turizm ve Tan\u0131tma \u015eube M\u00fcd\u00fcrl\u00fc\u011f\u00fc ile Mersin&#8217;deki 15 kaz\u0131ya destek verdiklerini belirten \u00d6zd\u00fclger, &#8220;Mersin \u00f6ren yerleriyle, turizmiyle, arkeolojisiyle, tarihiyle dolu dolu bir \u015fehir oldu\u011fu i\u00e7in, bu anlamda bu kaz\u0131lara destek vermek bizim i\u00e7in \u00f6nemli. Ayn\u0131 zamanda Mersinimizi sadece \u00fclkemizde de\u011fil, yurtd\u0131\u015f\u0131nda da tan\u0131tmay\u0131 hedefliyoruz. Bu noktada yapt\u0131\u011f\u0131m\u0131z \u00e7al\u0131\u015fmalar\u0131m\u0131z var. \u00d6nemli uluslararas\u0131 fuarlara kat\u0131l\u0131mlar\u0131m\u0131z var. Bunlar\u0131n aras\u0131nda yer alan 5. EMITT Do\u011fu Akdeniz Uluslararas\u0131 Turizm ve Seyahat Fuar\u0131, Adana Uluslararas\u0131 Portakal \u00c7i\u00e7e\u011fi Karnaval\u0131, 8. Uluslararas\u0131 Mersin Narenciye Festivali, 16.TTI \u0130zmir Uluslararas\u0131 Turizm Ticaret Fuar\u0131 ve Kongresi ile Hatay \u0130linde ger\u00e7ekle\u015fen Expo 2021 Hatay Medeniyetler Bah\u00e7esi, Mersin&#8217;in tan\u0131t\u0131m\u0131n\u0131 sa\u011flad\u0131&#8221; dedi.<br \/>\n &#8220;2023&#8217;te k\u00fclt\u00fcrel ve sanatsal \u00e7al\u0131\u015fmalar\u0131m\u0131z\u0131 daha da art\u0131rmay\u0131 hedefliyoruz&#8221;<br \/>\nHer ya\u015ftan Mersinliye okuma al\u0131\u015fkanl\u0131\u011f\u0131n\u0131 kazand\u0131rmay\u0131 ama\u00e7lad\u0131klar\u0131n\u0131 ve Mersin&#8217;e Okuma Salonlar\u0131 kazand\u0131rd\u0131klar\u0131n\u0131 da s\u00f6zlerine ekleyen \u00d6zd\u00fclger, &#8220;Buray\u0131 bir \u00fcniversite, gen\u00e7lik kenti yapmay\u0131 hedefledi\u011fimiz i\u00e7in, \u00fcniversiteye haz\u0131rlanan \u00f6\u011frencilere Okuma Salonlar\u0131 a\u00e7may\u0131 hedefledik. Tarsus \u00d6t\u00fcken Park\u0131&#8217;n\u0131n i\u00e7erisinde, Marina&#8217;da Gen\u00e7lik Okuma Salonumuz var. Ayn\u0131 zamanda So\u011fucak&#8217;ta Okuma Salonlar\u0131m\u0131z var. Merkez K\u00fct\u00fcphanemiz var ve en son a\u00e7t\u0131\u011f\u0131m\u0131z ve bizi \u015fu anda ger\u00e7ekten \u00e7ok heyecanland\u0131ran bir \u00e7al\u0131\u015fma olan Adres Okuma Salonu. 24 saat \u00e7al\u0131\u015fmak isteyen, kitap okumak isteyen, \u00f6devlerine veya s\u0131navlar\u0131na haz\u0131rlanmak isteyen herkese hitap etmek \u00fczere organize ettik. Bu da Ba\u015fkan\u0131m\u0131z\u0131n \u00f6ng\u00f6r\u00fcs\u00fc ve iste\u011fiyle oldu. Bu anlamda kendimizi ger\u00e7ekten \u00e7ok iyi hissediyoruz&#8221; dedi.<br \/>\nYay\u0131n Kurulu&#8217;nun da, kitap basarak \u015fehrin tan\u0131t\u0131m\u0131na katk\u0131 sa\u011flad\u0131\u011f\u0131n\u0131 ifade eden \u00d6zd\u00fclger, &#8220;Kitaplar\u0131n daha \u00e7ok okunmas\u0131 ve sevdirilmesi amac\u0131yla da, bize ba\u015fvuran herkese ve \u00f6zellikle \u00e7ocuklar\u0131m\u0131za bu anlamda destek olmak, onlar\u0131n yan\u0131nda olmak istiyoruz. Mersin B\u00fcy\u00fck\u015fehir Belediyesi K\u00fclt\u00fcr ve Sosyal \u0130\u015fler Daire Ba\u015fkanl\u0131\u011f\u0131 olarak, 2023&#8217;te de turizm ad\u0131na yapt\u0131\u011f\u0131m\u0131z, gen\u00e7lere, \u00e7ocuklar\u0131m\u0131za y\u00f6nelik yapt\u0131\u011f\u0131m\u0131z t\u00fcm sanatsal ve k\u00fclt\u00fcrel \u00e7al\u0131\u015fmalar\u0131 daha da art\u0131rmay\u0131 hedefliyoruz&#8221; diye konu\u015ftu.<\/p>\n","protected":false},"excerpt":{"rendered":"<p>B\u00fcy\u00fck\u015fehir&#8217;in sanat kadrolar\u0131 g\u00fc\u00e7lendirilen ve yeniden yap\u0131land\u0131r\u0131lan \u015eehir Tiyatrosu, 2021-2022 sanat sezonunda Halktan Biri, Aslolan Hayatt\u0131r, Kozalar, Matru\u015fka, Vah\u015fet Tanr\u0131s\u0131, Buzlar \u00c7\u00f6z\u00fclmeden, \u00d6l\u00fcm\u00fc Ard\u0131nda Gezdirenler, G\u00f6zlerimi Kapar\u0131m Vazifemi Yapar\u0131m ve &hellip; <a href=\"https:\/\/akdenizolaygazetesi.com\/?p=23568\" class=\"more-link\">Devam\u0131n\u0131 Oku&#8230;<\/a><\/p>\n","protected":false},"author":2,"featured_media":23569,"comment_status":"open","ping_status":"open","sticky":false,"template":"","format":"standard","meta":[],"categories":[2,3,5],"tags":[],"_links":{"self":[{"href":"https:\/\/akdenizolaygazetesi.com\/index.php?rest_route=\/wp\/v2\/posts\/23568"}],"collection":[{"href":"https:\/\/akdenizolaygazetesi.com\/index.php?rest_route=\/wp\/v2\/posts"}],"about":[{"href":"https:\/\/akdenizolaygazetesi.com\/index.php?rest_route=\/wp\/v2\/types\/post"}],"author":[{"embeddable":true,"href":"https:\/\/akdenizolaygazetesi.com\/index.php?rest_route=\/wp\/v2\/users\/2"}],"replies":[{"embeddable":true,"href":"https:\/\/akdenizolaygazetesi.com\/index.php?rest_route=%2Fwp%2Fv2%2Fcomments&post=23568"}],"version-history":[{"count":1,"href":"https:\/\/akdenizolaygazetesi.com\/index.php?rest_route=\/wp\/v2\/posts\/23568\/revisions"}],"predecessor-version":[{"id":23570,"href":"https:\/\/akdenizolaygazetesi.com\/index.php?rest_route=\/wp\/v2\/posts\/23568\/revisions\/23570"}],"wp:featuredmedia":[{"embeddable":true,"href":"https:\/\/akdenizolaygazetesi.com\/index.php?rest_route=\/wp\/v2\/media\/23569"}],"wp:attachment":[{"href":"https:\/\/akdenizolaygazetesi.com\/index.php?rest_route=%2Fwp%2Fv2%2Fmedia&parent=23568"}],"wp:term":[{"taxonomy":"category","embeddable":true,"href":"https:\/\/akdenizolaygazetesi.com\/index.php?rest_route=%2Fwp%2Fv2%2Fcategories&post=23568"},{"taxonomy":"post_tag","embeddable":true,"href":"https:\/\/akdenizolaygazetesi.com\/index.php?rest_route=%2Fwp%2Fv2%2Ftags&post=23568"}],"curies":[{"name":"wp","href":"https:\/\/api.w.org\/{rel}","templated":true}]}}