{"id":23574,"date":"2023-01-17T13:32:04","date_gmt":"2023-01-17T10:32:04","guid":{"rendered":"http:\/\/akdenizolaygazetesi.com\/?p=23574"},"modified":"2023-01-17T13:32:04","modified_gmt":"2023-01-17T10:32:04","slug":"yenisehirde-iklim-degisikligi-karsisinda-yapilmasi-gerekenler-konusuldu","status":"publish","type":"post","link":"https:\/\/akdenizolaygazetesi.com\/?p=23574","title":{"rendered":"Yeni\u015fehir\u2019de iklim de\u011fi\u015fikli\u011fi kar\u015f\u0131s\u0131nda yap\u0131lmas\u0131 gerekenler konu\u015fuldu"},"content":{"rendered":"<p>Mersin Yeni\u015fehir Belediyesi, iklim de\u011fi\u015fikli\u011finin y\u0131k\u0131c\u0131 etkileri kar\u015f\u0131s\u0131nda kenti diren\u00e7li hale getirmek  ve toplumu do\u011fay\u0131 koruma konusunda bilin\u00e7lendirmek ad\u0131na \u00e7al\u0131\u015fmalar\u0131na devam ediyor.  \u201cEnerjini yenile, \u015fehri gelece\u011fe ta\u015f\u0131\u201d slogan\u0131yla Enerji Verimlili\u011fi Haftas\u0131\u2019nda d\u00fczenlenen \u201cYeni\u015fehir\u2019de 1.Enerji G\u00fcnleri\u201d kapsam\u0131nda \u201c\u0130klim De\u011fi\u015fiyor! Biz ne yapabiliriz?\u201d panel ve \u00e7al\u0131\u015ftay\u0131 ger\u00e7ekle\u015ftirildi. Panelin a\u00e7\u0131l\u0131\u015f konu\u015fmas\u0131n\u0131 Cumhuriyet Halk Partisi(CHP) Enerji ve Altyap\u0131 Politikalar\u0131ndan Sorumlu Genel Ba\u015fkan Yard\u0131mc\u0131s\u0131 ve Bal\u0131kesir Milletvekili Ahmet Ak\u0131n yapt\u0131.<br \/>\nYeni\u015fehir Belediyesi,  \u201c\u0130klim De\u011fi\u015fiyor! Biz ne yapabiliriz?\u201d panel ve \u00e7al\u0131\u015ftay\u0131yla ba\u015flayan \u201cYeni\u015fehir\u2019de 1.Enerji G\u00fcnleri\u201dnde enerji ve \u00e7evre konusunda alan\u0131nda uzman bilim insanlar\u0131n\u0131 a\u011f\u0131rlad\u0131. Yeni\u015fehir Belediyesi Atat\u00fcrk K\u00fclt\u00fcr Merkezinde d\u00fczenlenen panele Yeni\u015fehir Belediye Ba\u015fkan\u0131 Abdullah \u00d6zyi\u011fit ve CHP Enerji ve Altyap\u0131 Politikalar\u0131ndan Sorumlu Genel Ba\u015fkan Yard\u0131mc\u0131s\u0131 Ahmet Ak\u0131n\u2019\u0131n yan\u0131 s\u0131ra CHP Mersin Milletvekilleri Alpay Antmen ve Cengiz G\u00f6k\u00e7el, Mezitli Belediye Ba\u015fkan\u0131 Ne\u015fet Tarhan, CHP Mersin \u0130l Ba\u015fkan\u0131 Koral \u00d6m\u00fcr, CHP Yeni\u015fehir \u0130l\u00e7e Ba\u015fkan\u0131 Tayar Tahiro\u011flu, sivil toplum kurulu\u015flar\u0131n\u0131n ba\u015fkan ve temsilcileri, bilim insanlar\u0131 ve \u00e7ok say\u0131da vatanda\u015f kat\u0131ld\u0131.<br \/>\n\u0130klim ve Enerji \u0130\u00e7in Avrupa Belediye Ba\u015fkanlar\u0131 S\u00f6zle\u015fmesi\u2019ni imzalayan Mersin\u2019deki ilk belediye olan ve ekoloji konusunda fark yaratan projeleri hayata ge\u00e7iren Mersin Yeni\u015fehir Belediyesi, g\u00fcnden g\u00fcne ba\u015f g\u00f6steren iklim krizi kar\u015f\u0131s\u0131nda enerji verimlili\u011fini art\u0131rmak ad\u0131na \u00e7al\u0131\u015fmalar\u0131n\u0131 s\u00fcrd\u00fcr\u00fcyor.  \u0130ki oturum \u015feklinde ger\u00e7ekle\u015ftirilen panel ve \u00e7al\u0131\u015ftayda alan\u0131nda uzman isimler Mersinlilere iklim de\u011fi\u015firken yap\u0131lmas\u0131 gerekenleri anlatt\u0131. Panelin a\u00e7\u0131l\u0131\u015f konu\u015fmas\u0131n\u0131 ise Ahmet Ak\u0131n yapt\u0131.<br \/>\nAhmet Ak\u0131n \u201cBelediyelerimizin bu konularla ilgili \u00e7al\u0131\u015fmalar\u0131ndan onur duyuyoruz.\u201d<br \/>\n \u201c\u00d6ncelikle ismini g\u00f6rd\u00fcm \u2018Biz ne yapabiliriz?\u2019 diye de Yeni\u015fehir Belediye Ba\u015fkan\u0131m\u0131z Abdullah \u00d6zyi\u011fit yap\u0131yor zaten, bunlar b\u00fcy\u00fck olaylar tebrik ederim\u201d diyerek s\u00f6zlerine ba\u015flayan Cumhuriyet Halk Partisi Enerji ve Altyap\u0131 Politikalar\u0131ndan Sorumlu Genel Ba\u015fkan Yard\u0131mc\u0131s\u0131 Ahmet Ak\u0131n \u015f\u00f6yle konu\u015ftu \u201cT\u00fcrkiye\u2019de iklim de\u011fi\u015fti\u011fi zaman \u00e7ok \u015fey de\u011fi\u015fiyor. Asl\u0131nda bu konuda bir d\u00fczeltme yapmak isterim. T\u00fcrkiye\u2019de ve d\u00fcnyada iklim de\u011fi\u015fikli\u011fi de\u011fil iklim krizi var. Tehlike daha da b\u00fcy\u00fcd\u00fc ve \u00f6n\u00fcne ge\u00e7mek i\u00e7in b\u00fcy\u00fck fedak\u00e2rl\u0131klar gerekiyor. Ama \u00f6ncelikle ben ne yapabilirim demek laz\u0131m. Daha sonras\u0131nda vizyon sahibi olmak laz\u0131m. Vizyon sadece hayal kurmak de\u011fil. Planl\u0131 bir programla ilerlemek laz\u0131m. Belediyelerimizde bunu g\u00f6rmek \u00e7ok ho\u015fumuza gidiyor. \u0130klim ve Enerji \u0130\u00e7in Avrupa Belediye Ba\u015fkanlar\u0131 S\u00f6zle\u015fmesi\u2019ni imzalayan bir belediye olarak Yeni\u015fehir Belediyemizin bu vizyona sahip oldu\u011funu tekrar g\u00f6rmek bizi son derece mutlu etti. Bu at\u0131l\u0131mlar neden yap\u0131l\u0131yor? T\u00fcm T\u00fcrkiye\u2019de ve belediyelerimizde \u00f6zellikle. \u00d6zellikle belediyelerimizde diyorum \u00e7\u00fcnk\u00fc belediyelerimizin \u00e7al\u0131\u015fmalar\u0131n\u0131 yak\u0131ndan takip ediyoruz. Ama\u00e7 burada bir d\u00f6n\u00fc\u015f\u00fcm. Ye\u015fil bir d\u00f6n\u00fc\u015f\u00fcme imza atmak i\u00e7in belediyelerimiz yerelden ba\u015fl\u0131yor. Yerelden yapmaya ba\u015flay\u0131p iktidar\u0131m\u0131zda biz onlara daha b\u00fcy\u00fck destekler vererek bunu genele ta\u015f\u0131yaca\u011f\u0131z. \u00c7\u00fcnk\u00fc genelde bu vizyonun olmas\u0131 gerekir ki d\u00fcnyay\u0131 ve T\u00fcrkiye\u2019yi ye\u015fillendirelim. Belediyelerimizin bu konularla ilgili \u00e7al\u0131\u015fmalar\u0131ndan onur duyuyoruz. Eme\u011fi ge\u00e7enlere te\u015fekk\u00fcr ederken Belediye Ba\u015fkan\u0131m\u0131z ve ekibini y\u00fcrekten kutluyorum.\u201d<br \/>\nBa\u015fkan \u00d6zyi\u011fit, \u201cTemiz enerjili ve ye\u015fil binalar Yeni\u015fehir\u2019de yap\u0131lmaya ba\u015fland\u0131.\u201d<br \/>\nMersin\u2019de ilk kez Yeni\u015fehir Belediyesinin yapt\u0131\u011f\u0131 ve sadece \u00e7evre dostu binalara verilen  LEED Sertifikal\u0131 binadan sonra Mersin\u2019de bu sertifikaya uygun bina yapan \u015firketlere panel \u00f6ncesinde tebrik plaketi verildi. Duyarl\u0131 \u015firketlere plaketlerini veren Yeni\u015fehir Belediye Ba\u015fkan\u0131 Abdullah \u00d6zyi\u011fit, \u201cYeni\u015fehir Belediye Ba\u015fkanl\u0131\u011f\u0131 g\u00f6revine geldikten ve Ba\u015fkanlar S\u00f6zle\u015fmesi s\u00fcrecine dahil olduktan sonra ye\u015fil bina yap\u0131m\u0131 konusunda ilk binay\u0131 biz ger\u00e7ekle\u015ftirdik. \u0130lk LEED Sertifikal\u0131 binay\u0131  Yeni\u015fehir Belediyesi olarak yapt\u0131k. B\u00f6lgede yat\u0131r\u0131m yapan arkada\u015flar\u0131m\u0131za konuyu anlatt\u0131k. Temiz enerjili ve ye\u015fil binalar Yeni\u015fehir\u2019de yap\u0131lmaya ba\u015fland\u0131. Bu plaketleri de bizimle i\u015fbirli\u011fi yapan firmalara vermek istedik. Kendilerine te\u015fekk\u00fcr ederim.\u201d \u015feklinde konu\u015ftu.<br \/>\n\u201c2020 y\u0131l\u0131nda Avrupa Belediye Ba\u015fkanlar\u0131 S\u00f6zle\u015fmesi\u2019ni imzalad\u0131k.\u201d<br \/>\nPanelin ilk oturumunun moderat\u00f6rl\u00fc\u011f\u00fcn\u00fc de yapan Yeni\u015fehir Belediye Ba\u015fkan\u0131 Abdullah \u00d6zyi\u011fit,  Yeni\u015fehir Belediyesinin alt\u0131 temel ilkesinden birinin ekoloji oldu\u011funu hat\u0131rlatarak, bu kapsamda 2020 y\u0131l\u0131nda Avrupa Belediye Ba\u015fkanlar\u0131 S\u00f6zle\u015fmesi\u2019ni imzalad\u0131klar\u0131n\u0131 s\u00f6yledi. Ba\u015fkan Abdullah \u00d6zyi\u011fit \u201c2020 y\u0131l\u0131nda Avrupa Belediye Ba\u015fkanlar\u0131 S\u00f6zle\u015fmesi\u2019ni imzalad\u0131k. Fakat bu imza dostlar al\u0131\u015fveri\u015fte g\u00f6rs\u00fcn imzas\u0131 de\u011fildi. Ger\u00e7ekten i\u015fimizi \u00e7evreci ve do\u011fru bir anlay\u0131\u015fla yapmak istedik. Bunun i\u00e7in yapt\u0131\u011f\u0131m\u0131z ilk binay\u0131 LEED Sertifikal\u0131, alt\u0131n madalyal\u0131 ilk binay\u0131 Yeni\u015fehir\u2019imize, Mersin\u2019imize kazand\u0131rd\u0131k.\u201d dedi.<br \/>\nBa\u015fkan Abdullah \u00d6zyi\u011fit Yeni\u015fehir il\u00e7esinde y\u0131k\u0131lmas\u0131 planlanan binalarda asbest kontrol\u00fc yap\u0131lmas\u0131n\u0131 sa\u011flad\u0131klar\u0131n\u0131 ve y\u0131k\u0131mlar\u0131n bu \u00e7er\u00e7evede yap\u0131ld\u0131\u011f\u0131n\u0131 dile getirdi. Ba\u015fkan \u00d6zyi\u011fit,  \u201c\u0130n\u015faat yapmak \u00fczere bina y\u0131kanlar\u0131n, o binada asbest olup olmad\u0131\u011f\u0131 noktas\u0131ndaki denetimlerini yapt\u0131rmalar\u0131n\u0131 sa\u011fl\u0131yoruz. Asbest tespit etti\u011fimiz binalar\u0131 asbestli bina y\u0131k\u0131m ko\u015fullar\u0131n\u0131n uygulanmas\u0131 \u015feklinde ger\u00e7ekle\u015ftirdik. Burada plaket verdi\u011fimiz firmalardan bir tanesi y\u0131k\u0131m yaparken bu s\u00fcreci uygulad\u0131 ve 20 ton asbestli malzeme tespiti oldu, o malzeme orada toparland\u0131 uygun imha ko\u015fullar\u0131n\u0131n ger\u00e7ekle\u015fece\u011fi yerlere g\u00f6t\u00fcr\u00fcld\u00fc.\u201d \u015feklinde konu\u015ftu.<br \/>\nYeni\u015fehir\u2019de iklim de\u011fi\u015fikli\u011finin etkilerine kar\u015f\u0131 yapay zeka kullan\u0131lacak<br \/>\nBa\u015fkan Abdullah \u00d6zyi\u011fit, Yeni\u015fehir Belediyesi olarak teknolojiyi en \u00fcst seviyede kulland\u0131klar\u0131n\u0131 ifade ederek haz\u0131rl\u0131klar\u0131na devam edilen \u00e7al\u0131\u015fmalar\u0131 anlatt\u0131. Ba\u015fkan \u00d6zyi\u011fit \u201dYeni\u015fehir il\u00e7esi \u00fc\u00e7 boyutlu dijital ikizi \u00fczerinden ger\u00e7ekle\u015fen sim\u00fclasyonla iklim de\u011fi\u015fikli\u011finin etkilerinin belirlenmesi, co\u011frafi bilgi sistemi ve yapay zeka destekli karar destek sistemi konusunda bir projenin haz\u0131rl\u0131klar\u0131n\u0131 da yap\u0131yoruz\u201d dedi. Ak\u0131ll\u0131 kaynak verilerini planlama yaz\u0131l\u0131m\u0131n\u0131 da ger\u00e7ekle\u015ftirdiklerini ifade eden Ba\u015fkan Abdullah \u00d6zyi\u011fit \u201dBu yaz\u0131l\u0131m bizim kaynaklar\u0131m\u0131z\u0131 en verimli bi\u00e7imde en do\u011fru bi\u00e7imde kullanmam\u0131za altl\u0131k olu\u015fturacak ve bizi y\u00f6nlendirecek.\u201c de\u011ferlendirmesinde bulundu.<br \/>\nPanelin ilk oturumunda \u00c7ukurova \u00dcniversitesi M\u00fchendislik Fak\u00fcltesi \u00c7evre M\u00fchendisli\u011fi b\u00f6l\u00fcm\u00fcnde g\u00f6revli Prof.Dr. Zeynep Zaimo\u011flu \u201c\u0130klim De\u011fi\u015fikli\u011fi Nedir! Ne De\u011fildir?\u201d, S\u00fcrd\u00fcr\u00fclebilirlik \u0130\u00e7in Yerel Y\u00f6netimler K\u00fcresel Savunma Direkt\u00f6r\u00fc Yunus Ar\u0131kan \u201c\u0130klim De\u011fi\u015fikli\u011fi ve Uluslararas\u0131 \u0130nisiyatifler\u201d konular\u0131nda kat\u0131l\u0131mc\u0131lara sunum yapt\u0131. ODT\u00dc Deniz Bilimleri Enstit\u00fcs\u00fc M\u00fcd\u00fcr\u00fc Prof. Dr. Bar\u0131\u015f Saliho\u011flu moderat\u00f6rl\u00fc\u011f\u00fcnde yap\u0131lan panelin ikinci oturumunda Prof. Dr. Salih Ofluo\u011flu \u201cYap\u0131l\u0131 \u00c7evre \u00d6l\u00e7e\u011finde \u0130klim De\u011fi\u015fikli\u011fine Y\u00f6nelik Yap\u0131labilecekler\u201d, Ayd\u0131n Adnan Menderes \u00dcniversitesi T\u0131p Fak\u00fcltesi Halk Sa\u011fl\u0131\u011f\u0131 Ana Bilim Dal\u0131nda g\u00f6revli Prof. Dr. Didem Emine Evci Kiraz \u201cBirey \u00d6l\u00e7e\u011finde \u0130klim De\u011fi\u015fikli\u011fine Y\u00f6nelik Yap\u0131labilecekler\u201d, ODT\u00dc Mimarl\u0131k Fak\u00fcltesi \u015eehir ve B\u00f6lge Planlama b\u00f6l\u00fcm\u00fcnde g\u00f6revli Prof. Dr. Osman Balaban ise \u201cKent \u00d6l\u00e7e\u011finde \u0130klim De\u011fi\u015fikli\u011fine Y\u00f6nelik Yap\u0131labilecekler\u201d konular\u0131nda sunum yapt\u0131.  Oturumlar\u0131n sonunda \u201c\u0130klim De\u011fi\u015fiyor! Biz ne yapabiliriz?\u201d panel ve \u00e7al\u0131\u015ftay\u0131na katk\u0131 sunan uzmanlara plaketleri Mersin Yeni\u015fehir Belediye Ba\u015fkan\u0131 Abdullah \u00d6zyi\u011fit taraf\u0131ndan verildi.<\/p>\n","protected":false},"excerpt":{"rendered":"<p>Mersin Yeni\u015fehir Belediyesi, iklim de\u011fi\u015fikli\u011finin y\u0131k\u0131c\u0131 etkileri kar\u015f\u0131s\u0131nda kenti diren\u00e7li hale getirmek ve toplumu do\u011fay\u0131 koruma konusunda bilin\u00e7lendirmek ad\u0131na \u00e7al\u0131\u015fmalar\u0131na devam ediyor. \u201cEnerjini yenile, \u015fehri gelece\u011fe ta\u015f\u0131\u201d slogan\u0131yla Enerji Verimlili\u011fi &hellip; <a href=\"https:\/\/akdenizolaygazetesi.com\/?p=23574\" class=\"more-link\">Devam\u0131n\u0131 Oku&#8230;<\/a><\/p>\n","protected":false},"author":2,"featured_media":23575,"comment_status":"open","ping_status":"open","sticky":false,"template":"","format":"standard","meta":[],"categories":[7,1,3,11],"tags":[],"_links":{"self":[{"href":"https:\/\/akdenizolaygazetesi.com\/index.php?rest_route=\/wp\/v2\/posts\/23574"}],"collection":[{"href":"https:\/\/akdenizolaygazetesi.com\/index.php?rest_route=\/wp\/v2\/posts"}],"about":[{"href":"https:\/\/akdenizolaygazetesi.com\/index.php?rest_route=\/wp\/v2\/types\/post"}],"author":[{"embeddable":true,"href":"https:\/\/akdenizolaygazetesi.com\/index.php?rest_route=\/wp\/v2\/users\/2"}],"replies":[{"embeddable":true,"href":"https:\/\/akdenizolaygazetesi.com\/index.php?rest_route=%2Fwp%2Fv2%2Fcomments&post=23574"}],"version-history":[{"count":1,"href":"https:\/\/akdenizolaygazetesi.com\/index.php?rest_route=\/wp\/v2\/posts\/23574\/revisions"}],"predecessor-version":[{"id":23576,"href":"https:\/\/akdenizolaygazetesi.com\/index.php?rest_route=\/wp\/v2\/posts\/23574\/revisions\/23576"}],"wp:featuredmedia":[{"embeddable":true,"href":"https:\/\/akdenizolaygazetesi.com\/index.php?rest_route=\/wp\/v2\/media\/23575"}],"wp:attachment":[{"href":"https:\/\/akdenizolaygazetesi.com\/index.php?rest_route=%2Fwp%2Fv2%2Fmedia&parent=23574"}],"wp:term":[{"taxonomy":"category","embeddable":true,"href":"https:\/\/akdenizolaygazetesi.com\/index.php?rest_route=%2Fwp%2Fv2%2Fcategories&post=23574"},{"taxonomy":"post_tag","embeddable":true,"href":"https:\/\/akdenizolaygazetesi.com\/index.php?rest_route=%2Fwp%2Fv2%2Ftags&post=23574"}],"curies":[{"name":"wp","href":"https:\/\/api.w.org\/{rel}","templated":true}]}}