{"id":23577,"date":"2023-01-18T13:31:47","date_gmt":"2023-01-18T10:31:47","guid":{"rendered":"http:\/\/akdenizolaygazetesi.com\/?p=23577"},"modified":"2023-01-18T13:31:47","modified_gmt":"2023-01-18T10:31:47","slug":"silifke-adliyesi-personeline-ilk-yardim-egitimi","status":"publish","type":"post","link":"https:\/\/akdenizolaygazetesi.com\/?p=23577","title":{"rendered":"Silifke Adliyesi personeline ilk yard\u0131m e\u011fitimi"},"content":{"rendered":"<p>Silifke Cumhuriyet Ba\u015fsavc\u0131l\u0131\u011f\u0131 koordinesinde Silifke Halk E\u011fitim Merkezi M\u00fcd\u00fcrl\u00fc\u011f\u00fc taraf\u0131ndan Silifke Adliyesinde g\u00f6revli personele y\u00f6nelik ilk yard\u0131m e\u011fitimi d\u00fczenlendi.<\/p>\n<p>Silifke Adliyesinde 11-13 \u015eubat 2023 tarihleri aras\u0131nda ger\u00e7ekle\u015fen e\u011fitim kapsam\u0131nda \u0130lk Yard\u0131m E\u011fitmeni Derya TEN AK taraf\u0131ndan ilk yard\u0131m\u0131n temel ilkeleri, temel ya\u015fam deste\u011fi, k\u0131r\u0131k, \u00e7\u0131k\u0131k ve burkulmalarda ilk yard\u0131m, ta\u015f\u0131malar, di\u011fer acil durumlarda yard\u0131m ve yaralanmalarda ilk yard\u0131m konu ba\u015fl\u0131klar\u0131nda pratik ve uygulamal\u0131 toplam 18 saat ders verildi.<\/p>\n<p>D\u00fczenlenen e\u011fitim sonras\u0131 a\u00e7\u0131klamalarda bulunan Cumhuriyet Ba\u015fsavc\u0131s\u0131 Selman ESK\u0130LER &#8220;\u0130lk yard\u0131m e\u011fitimi insan ya\u015fam\u0131nda hastal\u0131k, kaza, deprem, yang\u0131n gibi bir\u00e7ok tehlikeli durumda hayat kurtaran bir \u00f6neme sahiptir. Bu kapsamda adliyede g\u00f6revli personelimize, hem ger\u00e7ek ya\u015famlar\u0131nda hem de i\u015f hayatlar\u0131nda kar\u015f\u0131la\u015facaklar\u0131 zor durumlarda, yaral\u0131 ki\u015filere sa\u011fl\u0131k g\u00f6revlilerinin t\u0131bbi yard\u0131m\u0131 sa\u011flan\u0131ncaya kadar, do\u011fru ve en h\u0131zl\u0131 m\u00fcdahaleyi yapabilmeleri ad\u0131na ilk yard\u0131m e\u011fitimi verilmesini sa\u011flad\u0131k. Sorumluluk ve duyarl\u0131l\u0131k bilinciyle hareket ederek ilk yard\u0131m e\u011fitimine kat\u0131lan ve e\u011fitimi ba\u015far\u0131yla tamamlayan t\u00fcm personelimize ve e\u011fitime katk\u0131lar\u0131 sebebiyle Silifke Halk E\u011fitim Merkezi M\u00fcd\u00fcrl\u00fc\u011f\u00fcne te\u015fekk\u00fcr ederim.&#8221; dedi.<\/p>\n","protected":false},"excerpt":{"rendered":"<p>Silifke Cumhuriyet Ba\u015fsavc\u0131l\u0131\u011f\u0131 koordinesinde Silifke Halk E\u011fitim Merkezi M\u00fcd\u00fcrl\u00fc\u011f\u00fc taraf\u0131ndan Silifke Adliyesinde g\u00f6revli personele y\u00f6nelik ilk yard\u0131m e\u011fitimi d\u00fczenlendi. Silifke Adliyesinde 11-13 \u015eubat 2023 tarihleri aras\u0131nda ger\u00e7ekle\u015fen e\u011fitim kapsam\u0131nda \u0130lk &hellip; <a href=\"https:\/\/akdenizolaygazetesi.com\/?p=23577\" class=\"more-link\">Devam\u0131n\u0131 Oku&#8230;<\/a><\/p>\n","protected":false},"author":2,"featured_media":23578,"comment_status":"open","ping_status":"open","sticky":false,"template":"","format":"standard","meta":[],"categories":[2,3],"tags":[],"_links":{"self":[{"href":"https:\/\/akdenizolaygazetesi.com\/index.php?rest_route=\/wp\/v2\/posts\/23577"}],"collection":[{"href":"https:\/\/akdenizolaygazetesi.com\/index.php?rest_route=\/wp\/v2\/posts"}],"about":[{"href":"https:\/\/akdenizolaygazetesi.com\/index.php?rest_route=\/wp\/v2\/types\/post"}],"author":[{"embeddable":true,"href":"https:\/\/akdenizolaygazetesi.com\/index.php?rest_route=\/wp\/v2\/users\/2"}],"replies":[{"embeddable":true,"href":"https:\/\/akdenizolaygazetesi.com\/index.php?rest_route=%2Fwp%2Fv2%2Fcomments&post=23577"}],"version-history":[{"count":1,"href":"https:\/\/akdenizolaygazetesi.com\/index.php?rest_route=\/wp\/v2\/posts\/23577\/revisions"}],"predecessor-version":[{"id":23579,"href":"https:\/\/akdenizolaygazetesi.com\/index.php?rest_route=\/wp\/v2\/posts\/23577\/revisions\/23579"}],"wp:featuredmedia":[{"embeddable":true,"href":"https:\/\/akdenizolaygazetesi.com\/index.php?rest_route=\/wp\/v2\/media\/23578"}],"wp:attachment":[{"href":"https:\/\/akdenizolaygazetesi.com\/index.php?rest_route=%2Fwp%2Fv2%2Fmedia&parent=23577"}],"wp:term":[{"taxonomy":"category","embeddable":true,"href":"https:\/\/akdenizolaygazetesi.com\/index.php?rest_route=%2Fwp%2Fv2%2Fcategories&post=23577"},{"taxonomy":"post_tag","embeddable":true,"href":"https:\/\/akdenizolaygazetesi.com\/index.php?rest_route=%2Fwp%2Fv2%2Ftags&post=23577"}],"curies":[{"name":"wp","href":"https:\/\/api.w.org\/{rel}","templated":true}]}}