{"id":23583,"date":"2023-01-18T13:35:42","date_gmt":"2023-01-18T10:35:42","guid":{"rendered":"http:\/\/akdenizolaygazetesi.com\/?p=23583"},"modified":"2023-01-18T13:35:42","modified_gmt":"2023-01-18T10:35:42","slug":"mutta-gunes-panelleri-destegimizle-orman-koylulerimizin-yanindayiz","status":"publish","type":"post","link":"https:\/\/akdenizolaygazetesi.com\/?p=23583","title":{"rendered":"Mut\u2019ta, G\u00fcne\u015f Panelleri Deste\u011fimizle Orman K\u00f6yl\u00fclerimizin Yan\u0131nday\u0131z"},"content":{"rendered":"<p>Orman Genel M\u00fcd\u00fcrl\u00fc\u011f\u00fcm\u00fcz taraf\u0131ndan, K\u00fcresel \u00c7evre Fonu (GEF) finans deste\u011fiyle ve Birle\u015fmi\u015f Milletler Kalk\u0131nma Program\u0131 (UNDP) i\u015fbirli\u011finde y\u00fcr\u00fct\u00fclen \u2018Orman K\u00f6ylerinde G\u00fcne\u015f Enerjisinden Elektrik \u00dcretimi i\u00e7in S\u00fcrd\u00fcr\u00fclebilir Finans Mekanizmas\u0131 Projesi\u2019nin (ORK\u00d6Y PV) uygulama \u00e7al\u0131\u015fmas\u0131 Mersin\u2019de ilk olarak Mersin Orman B\u00f6lge M\u00fcd\u00fcrl\u00fc\u011f\u00fc, Mut Orman \u0130\u015fletme M\u00fcd\u00fcrl\u00fc\u011f\u00fc s\u0131n\u0131rlar\u0131 d\u00e2hilinde bulunan I\u015f\u0131klar orman mahallesinde 33 ailenin \u00e7at\u0131s\u0131na g\u00fcne\u015f panellerinin kurulumu yap\u0131ld\u0131. <\/p>\n<p>Bu kapsamda toplam 1.576.616 TL \u00f6denekten 520.283 TL K\u00fcresel \u00c7evre Fonu (GEF) finans deste\u011fiyle ve Birle\u015fmi\u015f Milletler Kalk\u0131nma Program\u0131 (UNDP) taraf\u0131ndan kar\u015f\u0131lan\u0131rken,1.056.332 TL ise Orman Genel M\u00fcd\u00fcrl\u00fc\u011f\u00fc ORK\u00d6Y Deste\u011fi ile ger\u00e7ekle\u015ftirilmi\u015ftir.<br \/>\nMersin Orman B\u00f6lge M\u00fcd\u00fcr\u00fc Mustafa Yal\u00e7\u0131n \u201cOrman k\u00f6ylerinde fark\u0131ndal\u0131k olu\u015fturmak ve kendi elektrik ihtiya\u00e7lar\u0131n\u0131 kar\u015f\u0131lamak \u00fczere s\u0131f\u0131r faizli % 46 hibeli 1,5 kw ve 2 kw\u2019l\u0131k g\u00fcc\u00fcnde \u015febekeye ba\u011fl\u0131 \u00e7at\u0131 tipi g\u00fcne\u015f enerjisinden elektrik \u00fcretimi (\u015eEBGES) projesiyle orman k\u00f6yl\u00fclerimizin yan\u0131nda olmaya devam edece\u011fiz\u201d dedi.<\/p>\n","protected":false},"excerpt":{"rendered":"<p>Orman Genel M\u00fcd\u00fcrl\u00fc\u011f\u00fcm\u00fcz taraf\u0131ndan, K\u00fcresel \u00c7evre Fonu (GEF) finans deste\u011fiyle ve Birle\u015fmi\u015f Milletler Kalk\u0131nma Program\u0131 (UNDP) i\u015fbirli\u011finde y\u00fcr\u00fct\u00fclen \u2018Orman K\u00f6ylerinde G\u00fcne\u015f Enerjisinden Elektrik \u00dcretimi i\u00e7in S\u00fcrd\u00fcr\u00fclebilir Finans Mekanizmas\u0131 Projesi\u2019nin (ORK\u00d6Y &hellip; <a href=\"https:\/\/akdenizolaygazetesi.com\/?p=23583\" class=\"more-link\">Devam\u0131n\u0131 Oku&#8230;<\/a><\/p>\n","protected":false},"author":2,"featured_media":23584,"comment_status":"open","ping_status":"open","sticky":false,"template":"","format":"standard","meta":[],"categories":[2,3,11],"tags":[],"_links":{"self":[{"href":"https:\/\/akdenizolaygazetesi.com\/index.php?rest_route=\/wp\/v2\/posts\/23583"}],"collection":[{"href":"https:\/\/akdenizolaygazetesi.com\/index.php?rest_route=\/wp\/v2\/posts"}],"about":[{"href":"https:\/\/akdenizolaygazetesi.com\/index.php?rest_route=\/wp\/v2\/types\/post"}],"author":[{"embeddable":true,"href":"https:\/\/akdenizolaygazetesi.com\/index.php?rest_route=\/wp\/v2\/users\/2"}],"replies":[{"embeddable":true,"href":"https:\/\/akdenizolaygazetesi.com\/index.php?rest_route=%2Fwp%2Fv2%2Fcomments&post=23583"}],"version-history":[{"count":1,"href":"https:\/\/akdenizolaygazetesi.com\/index.php?rest_route=\/wp\/v2\/posts\/23583\/revisions"}],"predecessor-version":[{"id":23585,"href":"https:\/\/akdenizolaygazetesi.com\/index.php?rest_route=\/wp\/v2\/posts\/23583\/revisions\/23585"}],"wp:featuredmedia":[{"embeddable":true,"href":"https:\/\/akdenizolaygazetesi.com\/index.php?rest_route=\/wp\/v2\/media\/23584"}],"wp:attachment":[{"href":"https:\/\/akdenizolaygazetesi.com\/index.php?rest_route=%2Fwp%2Fv2%2Fmedia&parent=23583"}],"wp:term":[{"taxonomy":"category","embeddable":true,"href":"https:\/\/akdenizolaygazetesi.com\/index.php?rest_route=%2Fwp%2Fv2%2Fcategories&post=23583"},{"taxonomy":"post_tag","embeddable":true,"href":"https:\/\/akdenizolaygazetesi.com\/index.php?rest_route=%2Fwp%2Fv2%2Ftags&post=23583"}],"curies":[{"name":"wp","href":"https:\/\/api.w.org\/{rel}","templated":true}]}}