{"id":23589,"date":"2023-01-18T13:40:01","date_gmt":"2023-01-18T10:40:01","guid":{"rendered":"http:\/\/akdenizolaygazetesi.com\/?p=23589"},"modified":"2023-01-18T13:40:01","modified_gmt":"2023-01-18T10:40:01","slug":"eski-muhakemat-binasi-olarak-bilinen-yapida-duzenlenen-ilk-karma-sergi-sanatseverlerin-begenisine-sunuldu","status":"publish","type":"post","link":"https:\/\/akdenizolaygazetesi.com\/?p=23589","title":{"rendered":"Eski Muhakemat Binas\u0131 olarak bilinen yap\u0131da d\u00fczenlenen ilk karma sergi sanatseverlerin be\u011fenisine sunuldu"},"content":{"rendered":"<p>Akdeniz Belediyesi\u2019nin, tarihi bir Mersin Evi\u2019ni restore ederek ve \u201cAkdeniz Sanat Galerisi\u201d ad\u0131yla kentin k\u00fclt\u00fcr-sanat ya\u015fam\u0131na kazand\u0131rd\u0131\u011f\u0131 yap\u0131n\u0131n a\u00e7\u0131l\u0131\u015f\u0131; Mersin, Adana ve Tarsus\u2019tan 28 sanat\u00e7\u0131n\u0131n eserlerinin be\u011feniye sunuldu\u011fu bir sergi ile ger\u00e7ekle\u015fti.<br \/>\nAkdeniz Belediyesi\u2019nin, K\u00fclt\u00fcr ve Turizm Bakanl\u0131\u011f\u0131 ile birlikte tamamen yenileyip hayata ve gelece\u011fe kazand\u0131rd\u0131\u011f\u0131; Eski Muhakemat Binas\u0131 olarak da bilinen Uray Caddesi \u00fczerindeki Tarihi Mersin Evi, K\u00fclt\u00fcr ve Sosyal \u0130\u015fler M\u00fcd\u00fcrl\u00fc\u011f\u00fc\u2019ne ba\u011fl\u0131 \u201cAkdeniz Sanat Galerisi\u201d olarak yeniden d\u00fczenlenip hizmete a\u00e7\u0131ld\u0131.<br \/>\nAdana, Mersin ve Tarsus\u2019tan 28 sanat\u00e7\u0131n\u0131n eseri sergilendi<br \/>\nTarihi mek\u00e2nda ger\u00e7ekle\u015fen ilk sergi; Mersin, Adana ve Tarsus\u2019tan 28 sanat\u00e7\u0131n\u0131n birbirinden g\u00fczel ve farkl\u0131 eserlerinin sergilendi\u011fi etkinlikle sanatseverlerle bulu\u015ftu. Yenilenip yeniden gelece\u011fe kazand\u0131r\u0131lan Tarihi Mersin Evi\u2019nde, canl\u0131 m\u00fczik e\u015fli\u011finde ger\u00e7ekle\u015fen serginin a\u00e7\u0131l\u0131\u015f\u0131na Akdeniz Belediye Ba\u015fkan\u0131 M. Mustafa G\u00fcltak, sergiye eserleriyle kat\u0131lan sanat\u00e7\u0131lar, ba\u015fkan yard\u0131mc\u0131lar\u0131, birim m\u00fcd\u00fcrleri, siyasi parti ve sivil toplum kurulu\u015fu temsilcileri ile \u00e7ok say\u0131da sanatsever kat\u0131ld\u0131.<br \/>\nBa\u015fkan G\u00fcltak; \u201cEl atmasayd\u0131k, tarihi bina \u00f6mr\u00fcn\u00fc tamamlayacakt\u0131\u201d<br \/>\nMersin\u2019de, g\u00fczel bir mek\u00e2n\u0131 kentin k\u00fclt\u00fcr ve sanat ya\u015fam\u0131na kazand\u0131rmaktan gurur ve mutluluk duyduklar\u0131n\u0131 ifade eden Ba\u015fkan G\u00fcltak, \u201cTarihi binam\u0131zda yap\u0131lan b\u00fct\u00fcn bu yenileme ve d\u00fczenleme \u00e7al\u0131\u015fmalar\u0131n\u0131, K\u00fclt\u00fcr ve Turizm Bakanl\u0131\u011f\u0131m\u0131z himayesinde, bizlerin destekleri ve An\u0131tlar Kurulu\u2019ndan da t\u00fcm izinler al\u0131narak ger\u00e7ekle\u015ftirildi. E\u011fer bu binaya el at\u0131lmasayd\u0131 maalesef bir\u00e7ok tarihi bina gibi o da \u00f6mr\u00fcn\u00fc tamamlayacakt\u0131\u201d dedi.<br \/>\n\u201cUlusal ve uluslararas\u0131 etkinlikler de d\u00fczenleyece\u011fiz\u201d<br \/>\nMersin\u2019e kazand\u0131r\u0131lan \u0130z B\u0131rakanlar M\u00fczesi\u2019ni de hat\u0131rlatt\u0131\u011f\u0131 ve ziyaret tavsiyesinde bulundu\u011fu konu\u015fmas\u0131nda Ba\u015fkan G\u00fcltak, \u201cTabi buras\u0131 biraz daha b\u00fcy\u00fck olmas\u0131 ve farkl\u0131 ambiyans\u0131ndan dolay\u0131 amac\u0131m\u0131z Akdeniz Sanat Galerisi olarak kullan\u0131lmas\u0131. Bug\u00fcn ilkini ger\u00e7ekle\u015ftiriyoruz, bunu bir gala olarak d\u00fc\u015f\u00fcnebiliriz. K\u00fc\u00e7\u00fck, sempatik, ger\u00e7ekten amat\u00f6r ruhlu da olsa \u00e7ok g\u00fczel bir heyecan var. Bundan sonra da y\u0131l\u0131n farkl\u0131 aylar\u0131nda burada farkl\u0131 etkinlikler d\u00fczenlemek istiyoruz. <\/p>\n<p>Sonraki etkinliklerimizde pergeli biraz daha a\u00e7\u0131p yurt i\u00e7inden sanat\u00e7\u0131lar\u0131m\u0131z\u0131n kat\u0131laca\u011f\u0131 bir sergiyi a\u00e7aca\u011f\u0131z. Sonras\u0131nda da seviye atlay\u0131p in\u015fallah farkl\u0131 \u00fclkelerden sanat\u00e7\u0131lar\u0131n da gelmesini sa\u011flayaca\u011f\u0131z\u201d diye konu\u015ftu.<br \/>\nBa\u015fkan Mustafa G\u00fcltak; s\u00f6zlerini; \u201cViraneye d\u00f6nen, y\u0131k\u0131lmakta olan Mersin\u2019in \u00f6nemli bir tarihi yap\u0131s\u0131n\u0131 kentimizin k\u00fclt\u00fcr ve sanat hayat\u0131na kazand\u0131rmaktan mutlu oldu\u011fumu ifade etmek istiyorum. Sergimize kat\u0131lan t\u00fcm sanat\u00e7\u0131lar\u0131m\u0131za ve konuklar\u0131m\u0131za da te\u015fekk\u00fcr ediyorum\u201d \u015feklinde bitirdi.<br \/>\nKonu\u015fmas\u0131ndan sonra Ba\u015fkan G\u00fcltak, birbirinden \u00f6zel eserleriyle tarihi yap\u0131da ilki ger\u00e7ekle\u015fen sergiye kat\u0131lan sanat\u00e7\u0131lara ve binan\u0131n sanat galerisine d\u00f6n\u00fc\u015fmesinde emek veren K\u00fclt\u00fcr ve Sosyal i\u015fler M\u00fcd\u00fcrl\u00fc\u011f\u00fc personeline plaket verdi. <\/p>\n","protected":false},"excerpt":{"rendered":"<p>Akdeniz Belediyesi\u2019nin, tarihi bir Mersin Evi\u2019ni restore ederek ve \u201cAkdeniz Sanat Galerisi\u201d ad\u0131yla kentin k\u00fclt\u00fcr-sanat ya\u015fam\u0131na kazand\u0131rd\u0131\u011f\u0131 yap\u0131n\u0131n a\u00e7\u0131l\u0131\u015f\u0131; Mersin, Adana ve Tarsus\u2019tan 28 sanat\u00e7\u0131n\u0131n eserlerinin be\u011feniye sunuldu\u011fu bir sergi &hellip; <a href=\"https:\/\/akdenizolaygazetesi.com\/?p=23589\" class=\"more-link\">Devam\u0131n\u0131 Oku&#8230;<\/a><\/p>\n","protected":false},"author":2,"featured_media":23590,"comment_status":"open","ping_status":"open","sticky":false,"template":"","format":"standard","meta":[],"categories":[2,3,5],"tags":[],"_links":{"self":[{"href":"https:\/\/akdenizolaygazetesi.com\/index.php?rest_route=\/wp\/v2\/posts\/23589"}],"collection":[{"href":"https:\/\/akdenizolaygazetesi.com\/index.php?rest_route=\/wp\/v2\/posts"}],"about":[{"href":"https:\/\/akdenizolaygazetesi.com\/index.php?rest_route=\/wp\/v2\/types\/post"}],"author":[{"embeddable":true,"href":"https:\/\/akdenizolaygazetesi.com\/index.php?rest_route=\/wp\/v2\/users\/2"}],"replies":[{"embeddable":true,"href":"https:\/\/akdenizolaygazetesi.com\/index.php?rest_route=%2Fwp%2Fv2%2Fcomments&post=23589"}],"version-history":[{"count":1,"href":"https:\/\/akdenizolaygazetesi.com\/index.php?rest_route=\/wp\/v2\/posts\/23589\/revisions"}],"predecessor-version":[{"id":23591,"href":"https:\/\/akdenizolaygazetesi.com\/index.php?rest_route=\/wp\/v2\/posts\/23589\/revisions\/23591"}],"wp:featuredmedia":[{"embeddable":true,"href":"https:\/\/akdenizolaygazetesi.com\/index.php?rest_route=\/wp\/v2\/media\/23590"}],"wp:attachment":[{"href":"https:\/\/akdenizolaygazetesi.com\/index.php?rest_route=%2Fwp%2Fv2%2Fmedia&parent=23589"}],"wp:term":[{"taxonomy":"category","embeddable":true,"href":"https:\/\/akdenizolaygazetesi.com\/index.php?rest_route=%2Fwp%2Fv2%2Fcategories&post=23589"},{"taxonomy":"post_tag","embeddable":true,"href":"https:\/\/akdenizolaygazetesi.com\/index.php?rest_route=%2Fwp%2Fv2%2Ftags&post=23589"}],"curies":[{"name":"wp","href":"https:\/\/api.w.org\/{rel}","templated":true}]}}