{"id":23595,"date":"2023-01-18T13:43:14","date_gmt":"2023-01-18T10:43:14","guid":{"rendered":"http:\/\/akdenizolaygazetesi.com\/?p=23595"},"modified":"2023-01-18T13:43:14","modified_gmt":"2023-01-18T10:43:14","slug":"mersinliler-nergis-festivalinde-bulusacak","status":"publish","type":"post","link":"https:\/\/akdenizolaygazetesi.com\/?p=23595","title":{"rendered":"MERS\u0130NL\u0130LER NERG\u0130S FEST\u0130VAL\u0130&#8217;NDE BULU\u015eACAK"},"content":{"rendered":"<p>Mersin B\u00fcy\u00fck\u015fehir Belediyesi, hayata ge\u00e7irdi\u011fi projelerle \u00fcretimi ve \u00fcreticiyi desteklemeye devam ediyor. At\u0131l arazileri tar\u0131ma kazand\u0131rmak i\u00e7in \u00fcreticiye nergis so\u011fan\u0131 da\u011f\u0131t\u0131m\u0131 yapan B\u00fcy\u00fck\u015fehir, bu kez de tarlalarda yeti\u015fen nergisleri T\u00fcrkiye&#8217;ye tan\u0131tmak i\u00e7in \u015fenlik d\u00fczenleyecek. Tar\u0131msal Hizmetler Dairesi Ba\u015fkanl\u0131\u011f\u0131 taraf\u0131ndan 21 Ocak&#8217;ta ger\u00e7ekle\u015ftirilecek 1. Nergis Festivali ile \u00fcreticiler B\u00fcy\u00fck\u015fehir sayesinde kazan\u00e7 kap\u0131s\u0131na d\u00f6n\u00fc\u015ft\u00fcrd\u00fckleri nergisleri tan\u0131tma f\u0131rsat\u0131 yakalayacak.<br \/>\n\u015eahuto\u011flu: &#8220;Mis kokan festivale t\u00fcm Mersinlileri bekliyoruz&#8221;<br \/>\nFestival hakk\u0131nda a\u00e7\u0131klama yapan Tar\u0131msal Hizmetler Dairesi Ba\u015fkan\u0131 Sel\u00e7uk \u015eahuto\u011flu, &#8220;Mersin B\u00fcy\u00fck\u015fehir Belediyesi olarak tar\u0131ma elveri\u015fsiz, suyun olmad\u0131\u011f\u0131 arazileri tar\u0131ma kavu\u015fturmak ad\u0131ma nergis so\u011fan\u0131 da\u011f\u0131t\u0131m projesini ger\u00e7ekle\u015ftirmi\u015ftik. Biz bu proje kapsam\u0131nda Mersin genelinde 350 bin Tarsus&#8217;ta da 100 bin adet nergis so\u011fan\u0131n\u0131 \u00fcreticilerle bulu\u015fturmu\u015ftuk. Nergis so\u011fanlar\u0131n\u0131 \u00fcreticilerimiz ekti, \u00fcr\u00fcnlerimiz hasada geldi ve b\u00f6lgede giderek yay\u0131l\u0131yor&#8221; dedi.<br \/>\nNergisin pazar alanlar\u0131n\u0131 art\u0131rmak, Mersin&#8217;e sonra da T\u00fcrkiye&#8217;ye duyurmak ad\u0131na Nergis Festivali&#8217;ni hayata ge\u00e7irdiklerini belirten \u015eahuto\u011flu, &#8220;Nergis Festivali&#8217;nde \u00fcreticilerin hasat yapabilece\u011fi imkanlar olacak. Ayn\u0131 zamanda nergis ile ilgili s\u00f6yle\u015filerin olaca\u011f\u0131, nergisin kullan\u0131m alanlar\u0131n\u0131n g\u00f6sterilebilece\u011fi; buna re\u00e7el, sabun, kolonya da dahil olmak \u00fczere; g\u00fczel bir \u015fenlik ge\u00e7ekle\u015ftirece\u011fiz. \u015eenli\u011fi de Mersin B\u00fcy\u00fck\u015fehir Belediyemizin orkestras\u0131yla tamamlamay\u0131 d\u00fc\u015f\u00fcn\u00fcyoruz. Mis kokan festivalimize t\u00fcm Mersinlileri bekliyoruz&#8221; diye konu\u015ftu.<br \/>\n&#8220;Festivalimiz \u00e7ok g\u00fczel olacak&#8221;<br \/>\nFestivalde yerini alacak nergis \u00fcreticilerinden Ay\u015fe Sar\u0131o\u011f, festival i\u00e7in \u00e7ok heyecanl\u0131 olduklar\u0131n\u0131 belirterek, &#8220;7 k\u00f6y\u00fcn muhtar\u0131n\u0131n \u00f6nc\u00fcl\u00fc\u011f\u00fcnde; \u00fcreticilerimiz, k\u00f6yl\u00fclerimizle birlikte bir \u015fenlik d\u00fczenlemeye karar verdik. Mersin B\u00fcy\u00fck\u015fehir Belediyesi Tar\u0131msal Hizmetler Dairesi Ba\u015fkanl\u0131\u011f\u0131&#8217;na ba\u015fvurduk, onlar da onay verdiler. B\u00f6yle bir \u015fey yapt\u0131k. Stantlar kurulacak, nergislerimiz sat\u0131lacak, k\u00f6yde olan \u00fcr\u00fcnlerimiz sat\u0131lacak, \u00fcreticilerimiz faydalanacak&#8221; ifadelerini kulland\u0131. Kendisinin de nergisten yapt\u0131\u011f\u0131 re\u00e7elleri sat\u0131\u015fa sunaca\u011f\u0131n\u0131 ve bu sayede ek gelir elde edece\u011fini s\u00f6yleyen Sar\u0131o\u011f, &#8220;\u015eenlikte s\u0131kmalar, b\u00f6rekler olacak. Konserler, e\u015fek yar\u0131\u015f\u0131, nergis demetleme yar\u0131\u015fmas\u0131 olacak, b\u00f6yle devam edece\u011fiz, e\u011flenece\u011fiz in\u015fallah&#8221; dedi. \u015eenlikle birlikte nergisi tan\u0131tma f\u0131rsat\u0131 yakalayacaklar\u0131n\u0131 s\u00f6yleyen Sar\u0131o\u011f, &#8220;Nergisin sat\u0131\u015ft\u0131 da artacak in\u015fallah. B\u00fct\u00fcn tan\u0131d\u0131k tan\u0131mad\u0131k, g\u00f6ren, duyan, duymayan, herkesi bekliyoruz. Festivalimiz \u00e7ok g\u00fczel olacak&#8221; diye konu\u015ftu.<br \/>\n\u00dcreticilerden Naciye Reyhan Ate\u015f ise, &#8220;21 Ocak&#8217;ta Tarsus Pir\u00f6merli K\u00f6y\u00fc&#8217;nde Nergis Festivali yap\u0131lacak, t\u00fcm halk\u0131m\u0131z\u0131 bekliyoruz. \u015eenli\u011fimizde nergislerimiz, nergis re\u00e7eli, nergis suyu ve \u00e7e\u015fitli faaliyetler de olacak. Gelebilen herkesi 21 Ocakta bekliyor olaca\u011f\u0131z&#8221; dedi. Ay\u015fe Ate\u015f ise, Mersinlileri \u015fenli\u011fe davet ederek, &#8220;Bu sayede nergisi de herkese tan\u0131tm\u0131\u015f olaca\u011f\u0131z. B\u00fct\u00fcn herkesi bekliyoruz&#8221; ifadelerini kulland\u0131.<\/p>\n","protected":false},"excerpt":{"rendered":"<p>Mersin B\u00fcy\u00fck\u015fehir Belediyesi, hayata ge\u00e7irdi\u011fi projelerle \u00fcretimi ve \u00fcreticiyi desteklemeye devam ediyor. At\u0131l arazileri tar\u0131ma kazand\u0131rmak i\u00e7in \u00fcreticiye nergis so\u011fan\u0131 da\u011f\u0131t\u0131m\u0131 yapan B\u00fcy\u00fck\u015fehir, bu kez de tarlalarda yeti\u015fen nergisleri T\u00fcrkiye&#8217;ye &hellip; <a href=\"https:\/\/akdenizolaygazetesi.com\/?p=23595\" class=\"more-link\">Devam\u0131n\u0131 Oku&#8230;<\/a><\/p>\n","protected":false},"author":2,"featured_media":23596,"comment_status":"open","ping_status":"open","sticky":false,"template":"","format":"standard","meta":[],"categories":[1,2,3],"tags":[],"_links":{"self":[{"href":"https:\/\/akdenizolaygazetesi.com\/index.php?rest_route=\/wp\/v2\/posts\/23595"}],"collection":[{"href":"https:\/\/akdenizolaygazetesi.com\/index.php?rest_route=\/wp\/v2\/posts"}],"about":[{"href":"https:\/\/akdenizolaygazetesi.com\/index.php?rest_route=\/wp\/v2\/types\/post"}],"author":[{"embeddable":true,"href":"https:\/\/akdenizolaygazetesi.com\/index.php?rest_route=\/wp\/v2\/users\/2"}],"replies":[{"embeddable":true,"href":"https:\/\/akdenizolaygazetesi.com\/index.php?rest_route=%2Fwp%2Fv2%2Fcomments&post=23595"}],"version-history":[{"count":1,"href":"https:\/\/akdenizolaygazetesi.com\/index.php?rest_route=\/wp\/v2\/posts\/23595\/revisions"}],"predecessor-version":[{"id":23597,"href":"https:\/\/akdenizolaygazetesi.com\/index.php?rest_route=\/wp\/v2\/posts\/23595\/revisions\/23597"}],"wp:featuredmedia":[{"embeddable":true,"href":"https:\/\/akdenizolaygazetesi.com\/index.php?rest_route=\/wp\/v2\/media\/23596"}],"wp:attachment":[{"href":"https:\/\/akdenizolaygazetesi.com\/index.php?rest_route=%2Fwp%2Fv2%2Fmedia&parent=23595"}],"wp:term":[{"taxonomy":"category","embeddable":true,"href":"https:\/\/akdenizolaygazetesi.com\/index.php?rest_route=%2Fwp%2Fv2%2Fcategories&post=23595"},{"taxonomy":"post_tag","embeddable":true,"href":"https:\/\/akdenizolaygazetesi.com\/index.php?rest_route=%2Fwp%2Fv2%2Ftags&post=23595"}],"curies":[{"name":"wp","href":"https:\/\/api.w.org\/{rel}","templated":true}]}}