{"id":23601,"date":"2023-01-18T13:46:49","date_gmt":"2023-01-18T10:46:49","guid":{"rendered":"http:\/\/akdenizolaygazetesi.com\/?p=23601"},"modified":"2023-01-18T13:46:49","modified_gmt":"2023-01-18T10:46:49","slug":"proje-akdeniz-belediyesi-ile-mip-ortakliginda-gerceklesiyor","status":"publish","type":"post","link":"https:\/\/akdenizolaygazetesi.com\/?p=23601","title":{"rendered":"Proje; Akdeniz Belediyesi ile MIP ortakl\u0131\u011f\u0131nda ger\u00e7ekle\u015fiyor"},"content":{"rendered":"<p>Akdeniz Belediyesi ile Mersin Uluslararas\u0131 Liman \u0130\u015fletmecili\u011fi i\u015fbirli\u011finde hayata ge\u00e7en proje ile Mersin Millet Bah\u00e7esi i\u00e7inde, sadece geri d\u00f6n\u00fc\u015f\u00fcm malzemeleri kullan\u0131larak \u00e7ocuk oyun park\u0131 yap\u0131l\u0131yor.<br \/>\nAkdeniz Belediye Ba\u015fkan\u0131 M. Mustafa G\u00fcltak ile Mersin Uluslararas\u0131 Liman \u0130\u015fletmecili\u011fi (MIP) Genel M\u00fcd\u00fcr\u00fc Johan Van Daele, MIP taraf\u0131ndan Mersin Millet Bah\u00e7esi i\u00e7inde, geri d\u00f6n\u00fc\u015f\u00fcm malzemeleri kullan\u0131larak yap\u0131lan \u00e7ocuk oyun park\u0131nda incelemelerde bulundu. \u0130nceleme gezisinde bir a\u00e7\u0131klama yapan Ba\u015fkan G\u00fcltak, \u201cMillet Bah\u00e7esi Projesi, Cumhurba\u015fkan\u0131m\u0131z Say\u0131n Recep Tayyip Erdo\u011fan&#8217;\u0131n takip etti\u011fi projelerden bir tanesiydi. Toplamda 140 d\u00f6n\u00fcml\u00fck araziyi, milletimizin gezebilece\u011fi, \u00e7ocuklar\u0131n oyun oynayabilece\u011fi ye\u015fil alan olarak Mersin&#8217;e kazand\u0131rd\u0131k. Bug\u00fcn de burada \u00f6nemli projelerden bir tanesini ger\u00e7ekle\u015ftirdik\u201d dedi. <\/p>\n<p>\u201c\u0130\u015fbirli\u011fimiz sayesinde Mersin\u2019e kad\u0131n konuk evi de kazand\u0131rd\u0131k\u201d<br \/>\nBa\u015fkan G\u00fcltak; Akdeniz\u2019de g\u00f6reve geldikleri g\u00fcnden bu yana MIP ile de bir\u00e7ok alanda i\u015fbirli\u011fi yapt\u0131klar\u0131n\u0131 kaydederek, \u201cT\u00fcrkiye&#8217;nin en g\u00fczel kad\u0131n konuk evlerinden bir tanesini Mersin&#8217;e kazand\u0131rd\u0131k. Bu projemiz de onlardan bir tanesi. Millet Bah\u00e7emizin i\u00e7erisinde yer alan, geri d\u00f6n\u00fc\u015f\u00fcm malzemelerinden haz\u0131rlanm\u0131\u015f ve \u00e7ocuklar\u0131m\u0131z\u0131n keyifli zaman ge\u00e7irece\u011fi bir alan\u0131 bize kazand\u0131rd\u0131klar\u0131 i\u00e7in MIP yetkililerine te\u015fekk\u00fcr ediyorum\u201d \u015feklinde konu\u015ftu.<\/p>\n<p>Akdeniz Belediyesi ve MIP i\u015fbirli\u011fi devam edecek<br \/>\n\u0130lerleyen zamanlarda MIP ile birlikte yeni projeye daha imza atacaklar\u0131n\u0131n m\u00fcjdesini veren Akdeniz Belediye Ba\u015fkan\u0131 G\u00fcltak, \u201cBir s\u00f6z daha ald\u0131k. Askerlik \u015eubesi yan\u0131nda yer alan ve Millet Bah\u00e7esine entegre olan 3\u2019\u00fcnc\u00fc etapta da yine buna benzer bir projeyi ger\u00e7ekle\u015ftirece\u011fiz. B\u00f6yle bir sosyal sorumluluk projesinde yan\u0131m\u0131zda yer ald\u0131klar\u0131 i\u00e7in MIP Genel M\u00fcd\u00fcr\u00fc Johan Van Daele ve MIP \u00fcst d\u00fczey y\u00f6neticilerine te\u015fekk\u00fcr ederim&#8221; diye konu\u015ftu.<\/p>\n<p>Daele; \u201cMIP olarak projelerimiz devam edecek\u201d<br \/>\nMIP olarak kendileri i\u00e7in \u00f6nemli olan\u0131n, Mersin b\u00f6lgesi i\u00e7in sosyal faaliyetler i\u00e7erisinde yer almak oldu\u011funu kaydeden MIP Genel M\u00fcd\u00fcr\u00fc Johan Van Daele ise konu\u015fmas\u0131nda; &#8220;Bu proje, \u00e7ocuklara baz\u0131 \u015feyler verebilmek ad\u0131na bizim i\u00e7in b\u00fcy\u00fck \u00f6nem arz ediyor. Bunun yan\u0131 s\u0131ra kulland\u0131\u011f\u0131m\u0131z malzemelerin geri d\u00f6n\u00fc\u015f\u00fcmden kazan\u0131lan malzemeler olmas\u0131 da ayr\u0131ca gurur kayna\u011f\u0131.<br \/>\nUmar\u0131m yapt\u0131\u011f\u0131m\u0131z bu parklarda \u00e7ocuklar\u0131m\u0131z doyas\u0131ya e\u011flenir ve oynarlar. MIP olarak Mersin b\u00f6lgesine b\u00f6yle projelerin devam\u0131n\u0131 getirece\u011fiz. B\u00f6yle bir sosyal sorumluluk i\u00e7erisinde yer alarak bizleri destekledi\u011fi ve bize b\u00f6yle bir yer tahsis ettikleri i\u00e7in Akdeniz Belediye Ba\u015fkan\u0131 Say\u0131n Mustafa G\u00fcltak&#8217;a te\u015fekk\u00fcr ederim&#8221; ifadelerini kulland\u0131.<\/p>\n","protected":false},"excerpt":{"rendered":"<p>Akdeniz Belediyesi ile Mersin Uluslararas\u0131 Liman \u0130\u015fletmecili\u011fi i\u015fbirli\u011finde hayata ge\u00e7en proje ile Mersin Millet Bah\u00e7esi i\u00e7inde, sadece geri d\u00f6n\u00fc\u015f\u00fcm malzemeleri kullan\u0131larak \u00e7ocuk oyun park\u0131 yap\u0131l\u0131yor. Akdeniz Belediye Ba\u015fkan\u0131 M. Mustafa &hellip; <a href=\"https:\/\/akdenizolaygazetesi.com\/?p=23601\" class=\"more-link\">Devam\u0131n\u0131 Oku&#8230;<\/a><\/p>\n","protected":false},"author":2,"featured_media":23602,"comment_status":"open","ping_status":"open","sticky":false,"template":"","format":"standard","meta":[],"categories":[1,2,3],"tags":[],"_links":{"self":[{"href":"https:\/\/akdenizolaygazetesi.com\/index.php?rest_route=\/wp\/v2\/posts\/23601"}],"collection":[{"href":"https:\/\/akdenizolaygazetesi.com\/index.php?rest_route=\/wp\/v2\/posts"}],"about":[{"href":"https:\/\/akdenizolaygazetesi.com\/index.php?rest_route=\/wp\/v2\/types\/post"}],"author":[{"embeddable":true,"href":"https:\/\/akdenizolaygazetesi.com\/index.php?rest_route=\/wp\/v2\/users\/2"}],"replies":[{"embeddable":true,"href":"https:\/\/akdenizolaygazetesi.com\/index.php?rest_route=%2Fwp%2Fv2%2Fcomments&post=23601"}],"version-history":[{"count":1,"href":"https:\/\/akdenizolaygazetesi.com\/index.php?rest_route=\/wp\/v2\/posts\/23601\/revisions"}],"predecessor-version":[{"id":23603,"href":"https:\/\/akdenizolaygazetesi.com\/index.php?rest_route=\/wp\/v2\/posts\/23601\/revisions\/23603"}],"wp:featuredmedia":[{"embeddable":true,"href":"https:\/\/akdenizolaygazetesi.com\/index.php?rest_route=\/wp\/v2\/media\/23602"}],"wp:attachment":[{"href":"https:\/\/akdenizolaygazetesi.com\/index.php?rest_route=%2Fwp%2Fv2%2Fmedia&parent=23601"}],"wp:term":[{"taxonomy":"category","embeddable":true,"href":"https:\/\/akdenizolaygazetesi.com\/index.php?rest_route=%2Fwp%2Fv2%2Fcategories&post=23601"},{"taxonomy":"post_tag","embeddable":true,"href":"https:\/\/akdenizolaygazetesi.com\/index.php?rest_route=%2Fwp%2Fv2%2Ftags&post=23601"}],"curies":[{"name":"wp","href":"https:\/\/api.w.org\/{rel}","templated":true}]}}