{"id":23604,"date":"2023-01-18T13:48:41","date_gmt":"2023-01-18T10:48:41","guid":{"rendered":"http:\/\/akdenizolaygazetesi.com\/?p=23604"},"modified":"2023-01-18T13:48:41","modified_gmt":"2023-01-18T10:48:41","slug":"nazim-hikmet-mersin-yenisehirde-anilacak","status":"publish","type":"post","link":"https:\/\/akdenizolaygazetesi.com\/?p=23604","title":{"rendered":"Naz\u0131m Hikmet, Mersin Yeni\u015fehir\u2019de an\u0131lacak"},"content":{"rendered":"<p>Mersin Yeni\u015fehir Belediyesi,  usta \u015fair Naz\u0131m Hikmet Ran\u2019\u0131n121\u2019inci do\u011fum g\u00fcn\u00fc dolay\u0131s\u0131yla anma program\u0131 d\u00fczenleyecek. Anma program\u0131nda sevilen sanat\u00e7\u0131 Sad\u0131k G\u00fcrb\u00fcz sahne alacak. Yeni\u015fehir Belediye Ba\u015fkan\u0131 Abdullah \u00d6zyi\u011fit, t\u00fcm Mersinlileri anma program\u0131na davet etti.<br \/>\nMersin Yeni\u015fehir Belediyesi, her y\u0131l d\u00fczenledi\u011fi anma programlar\u0131yla iz b\u0131rakan usta \u015fair ve yazarlar gibi T\u00fcrkiye\u2019nin \u00f6nemli de\u011ferlerini unutmuyor. Yeni\u015fehir Belediyesi bu y\u0131l da T\u00fcrk ve d\u00fcnya edebiyat\u0131n\u0131n \u00f6nemli ismi Naz\u0131m Hikmet i\u00e7in anma program\u0131 d\u00fczenleyecek. Yeni\u015fehir Belediyesi Atat\u00fcrk K\u00fclt\u00fcr Merkezi\u2019nde 19 Ocak Per\u015fembe g\u00fcn\u00fc saat 20.00\u2019de ba\u015flayacak anma program\u0131 ile b\u00fcy\u00fck usta Naz\u0131m Hikmet, m\u00fczikle an\u0131lacak. Anma program\u0131nda sevilen sanat\u00e7\u0131 Sad\u0131k G\u00fcrb\u00fcz t\u00fcrk\u00fclerini Naz\u0131m Hikmet i\u00e7in s\u00f6yleyecek. Yeni\u015fehir Belediye Ba\u015fkan\u0131 Abdullah \u00d6zyi\u011fit, \u201cNaz\u0131m Hikmet\u2019i anlamal\u0131 ve unutmamal\u0131y\u0131z. Naz\u0131m Hikmet iyi ki do\u011fmu\u015f, onu ya\u015fatmaya devam edece\u011fiz. T\u00fcm hem\u015fehrilerimi yar\u0131n Yeni\u015fehir Belediyesi Atat\u00fcrk K\u00fclt\u00fcr Merkezi\u2019mize bekliyorum.\u201d dedi. <\/p>\n","protected":false},"excerpt":{"rendered":"<p>Mersin Yeni\u015fehir Belediyesi, usta \u015fair Naz\u0131m Hikmet Ran\u2019\u0131n121\u2019inci do\u011fum g\u00fcn\u00fc dolay\u0131s\u0131yla anma program\u0131 d\u00fczenleyecek. Anma program\u0131nda sevilen sanat\u00e7\u0131 Sad\u0131k G\u00fcrb\u00fcz sahne alacak. Yeni\u015fehir Belediye Ba\u015fkan\u0131 Abdullah \u00d6zyi\u011fit, t\u00fcm Mersinlileri anma &hellip; <a href=\"https:\/\/akdenizolaygazetesi.com\/?p=23604\" class=\"more-link\">Devam\u0131n\u0131 Oku&#8230;<\/a><\/p>\n","protected":false},"author":2,"featured_media":23605,"comment_status":"open","ping_status":"open","sticky":false,"template":"","format":"standard","meta":[],"categories":[3],"tags":[],"_links":{"self":[{"href":"https:\/\/akdenizolaygazetesi.com\/index.php?rest_route=\/wp\/v2\/posts\/23604"}],"collection":[{"href":"https:\/\/akdenizolaygazetesi.com\/index.php?rest_route=\/wp\/v2\/posts"}],"about":[{"href":"https:\/\/akdenizolaygazetesi.com\/index.php?rest_route=\/wp\/v2\/types\/post"}],"author":[{"embeddable":true,"href":"https:\/\/akdenizolaygazetesi.com\/index.php?rest_route=\/wp\/v2\/users\/2"}],"replies":[{"embeddable":true,"href":"https:\/\/akdenizolaygazetesi.com\/index.php?rest_route=%2Fwp%2Fv2%2Fcomments&post=23604"}],"version-history":[{"count":1,"href":"https:\/\/akdenizolaygazetesi.com\/index.php?rest_route=\/wp\/v2\/posts\/23604\/revisions"}],"predecessor-version":[{"id":23606,"href":"https:\/\/akdenizolaygazetesi.com\/index.php?rest_route=\/wp\/v2\/posts\/23604\/revisions\/23606"}],"wp:featuredmedia":[{"embeddable":true,"href":"https:\/\/akdenizolaygazetesi.com\/index.php?rest_route=\/wp\/v2\/media\/23605"}],"wp:attachment":[{"href":"https:\/\/akdenizolaygazetesi.com\/index.php?rest_route=%2Fwp%2Fv2%2Fmedia&parent=23604"}],"wp:term":[{"taxonomy":"category","embeddable":true,"href":"https:\/\/akdenizolaygazetesi.com\/index.php?rest_route=%2Fwp%2Fv2%2Fcategories&post=23604"},{"taxonomy":"post_tag","embeddable":true,"href":"https:\/\/akdenizolaygazetesi.com\/index.php?rest_route=%2Fwp%2Fv2%2Ftags&post=23604"}],"curies":[{"name":"wp","href":"https:\/\/api.w.org\/{rel}","templated":true}]}}