{"id":23611,"date":"2023-01-19T13:05:48","date_gmt":"2023-01-19T10:05:48","guid":{"rendered":"http:\/\/akdenizolaygazetesi.com\/?p=23611"},"modified":"2023-01-19T13:05:48","modified_gmt":"2023-01-19T10:05:48","slug":"secer-turkiyenin-gelecegi-icin-birlik-ve-beraberlik-icerisinde-calismaya-devam-edecegiz","status":"publish","type":"post","link":"https:\/\/akdenizolaygazetesi.com\/?p=23611","title":{"rendered":"SE\u00c7ER: &#8220;T\u00dcRK\u0130YE&#8217;N\u0130N GELECE\u011e\u0130 \u0130\u00c7\u0130N B\u0130RL\u0130K VE BERABERL\u0130K \u0130\u00c7ER\u0130S\u0130NDE \u00c7ALI\u015eMAYA DEVAM EDECE\u011e\u0130Z&#8221;"},"content":{"rendered":"<p>Mersin B\u00fcy\u00fck\u015fehir Belediye Ba\u015fkan\u0131 Vahap Se\u00e7er, Cumhuriyet Halk Partili (CHP) di\u011fer B\u00fcy\u00fck\u015fehir Belediye Ba\u015fkanlar\u0131yla birlikte hakk\u0131nda hapis ve siyasi yasak karar\u0131 verilen \u0130stanbul B\u00fcy\u00fck\u015fehir Belediyesi (\u0130BB) Ba\u015fkan\u0131 Ekrem \u0130mamo\u011flu&#8217;na desteklerini bir kez daha g\u00f6stermek amac\u0131yla \u0130stanbul&#8217;dayd\u0131. Ba\u015fkan Vahap Se\u00e7er, \u0130stanbul program\u0131 kapsam\u0131nda &#8216;K\u0130PTA\u015e Tuzla Ayd\u0131nl\u0131k Evler Daire Belirleme Kura \u00c7ekili\u015fi T\u00f6reni&#8217;ne kat\u0131ld\u0131. \u0130BB Ba\u015fkan\u0131 \u0130mamo\u011flu&#8217;nun ev sahipli\u011finde yap\u0131lan t\u00f6rende; CHP Genel Ba\u015fkan Yard\u0131mc\u0131lar\u0131 Seyit Torun ve Y\u00fcksel Ta\u015fk\u0131n, CHP \u0130stanbul \u0130l Ba\u015fkan\u0131 Canan Kaftanc\u0131o\u011flu, CHP&#8217;li B\u00fcy\u00fck\u015fehir Belediye Ba\u015fkanlar\u0131 ile baz\u0131 il ve il\u00e7e belediye ba\u015fkanlar\u0131 da yer ald\u0131.<br \/>\n&#8220;Her \u015feyiyle g\u00fczel i\u015fler yap\u0131yoruz&#8221;<br \/>\nDaire belirleme kura \u00e7ekili\u015finde sosyal konutlarda hak sahibi olacak vatanda\u015flara &#8220;Hay\u0131rl\u0131 olsun&#8221; dile\u011finde bulunan Ba\u015fkan Vahap Se\u00e7er, CHP&#8217;li B\u00fcy\u00fck\u015fehir Belediye Ba\u015fkanlar\u0131n\u0131n say\u0131s\u0131z sosyal projeye imza att\u0131\u011f\u0131n\u0131 ve T\u00fcrkiye&#8217;nin gelece\u011fi i\u00e7in daima birlik ve beraberlik i\u00e7erisinde \u00e7al\u0131\u015f\u0131p hizmet \u00fcretmeye devam edeceklerini s\u00f6yledi. Se\u00e7er, &#8220;Bizim i\u00e7in &#8216;topal \u00f6rdek&#8217; yak\u0131\u015ft\u0131rmas\u0131 olmu\u015ftu. O zaman bunu duydu\u011fumda \u015funu s\u00f6ylemi\u015ftim: &#8216;Topal \u00f6rdek miyiz, taz\u0131 m\u0131y\u0131z, zaman bunu g\u00f6sterir.&#8217; Ma\u015fallah taz\u0131 gibi de ko\u015fuyoruz. \u0130\u015fte Ekrem Ba\u015fkan, \u00e7ok \u00f6nemli ve de\u011ferli projeler yap\u0131yor. G\u00f6stermelik de\u011fil, g\u00fcn\u00fc savmak i\u00e7in de\u011fil, yasak savmak i\u00e7in de\u011fil, ger\u00e7ekten etkin. Hani &#8216;evladiyelik&#8217; deriz ya; gayet g\u00fczel, mimarisiyle, yap\u0131s\u0131yla, her \u015feyiyle g\u00fczel i\u015fler yap\u0131yoruz. 4 ay sonra da in\u015fallah T\u00fcrkiye&#8217;de her \u015fey de\u011fi\u015fecek. T\u00fcrkiye&#8217;de \u00e7ok g\u00fczel i\u015fler yapacak bu kadrolar. Can\u0131 g\u00f6n\u00fclden inan\u0131yorum&#8221; dedi. Konu\u015fmalar\u0131n ard\u0131ndan kuralar \u00e7ekildi ve K\u0130PTA\u015e Tuzla Ayd\u0131nl\u0131k Evleri&#8217;nin hak sahipleri dairelerine kavu\u015ftu.<br \/>\nBa\u015fkan Se\u00e7er, &#8220;Haysiyet Duvar\u0131&#8221;na imza att\u0131<br \/>\nT\u00f6renin sonlanmas\u0131yla Ba\u015fkan Vahap Se\u00e7er; CHP Genel Ba\u015fkan Yard\u0131mc\u0131lar\u0131 Torun ve Ta\u015fk\u0131n, \u0130BB Ba\u015fkan\u0131 \u0130mamo\u011flu ve di\u011fer CHP&#8217;li B\u00fcy\u00fck\u015fehir Belediye Ba\u015fkanlar\u0131yla birlikte Sara\u00e7hane&#8217;deki \u0130BB ana yerle\u015fkesinin \u00f6n\u00fcnde konumland\u0131r\u0131lan &#8220;Haysiyet Duvar\u0131&#8221;na gitti. Heyet, burada haysiyet duvar\u0131na imza atarak, foto\u011fraf \u00e7ektirdi.<br \/>\nSe\u00e7er, &#8216;1 Milyon Kitap Destek Gecesi&#8217;ne kat\u0131ld\u0131: &#8220;Kampanyaya daha fazla destek verme karar\u0131 ald\u0131m&#8221;<br \/>\nBa\u015fkan Se\u00e7er, program\u0131n\u0131 Prof. Dr. Sel\u00e7uk \u015eirin \u00f6nc\u00fcl\u00fc\u011f\u00fcnde &#8220;1 milyon \u00e7ocu\u011fun ilk kitapl\u0131\u011f\u0131n\u0131 birlikte kuruyoruz&#8221; mottosuyla ger\u00e7ekle\u015ftirilen &#8216;1 Milyon Kitap Destek Gecesi&#8217;ne kat\u0131larak s\u00fcrd\u00fcrd\u00fc. Gecede; Cem Y\u0131lmaz, G\u00fclben Ergen, C\u00fcneyt \u00d6zdemir, Ate\u015f \u0130lyas Ba\u015fsoy gibi sanat, i\u015f d\u00fcnyas\u0131 ve siyaset\u00e7ilerden pek \u00e7ok isim de yer ald\u0131. Evinde kitap olmayan 1 milyon \u00e7ocu\u011fa ilk kitap setini hediye etmeyi ama\u00e7layan projeye B\u00fcy\u00fck\u015fehir Belediyesi olarak verdikleri destekten dolay\u0131 plaket alan Ba\u015fkan Se\u00e7er, &#8220;Kampanyaya daha fazla destek verme karar\u0131 ald\u0131m&#8221; dedi.<br \/>\nKitaplar\u0131n insan hayat\u0131ndaki \u00f6nemi ve \u00e7ocuklar\u0131n gelece\u011fi \u00fczerindeki etkileri hakk\u0131nda konu\u015fan Ba\u015fkan Se\u00e7er, ger\u00e7ekle\u015ftirilen etkinli\u011fi \u00e7ok de\u011ferli buldu\u011funu s\u00f6yledi. Projenin \u00f6zellikle k\u0131rsalda e\u011fitimde f\u0131rsat e\u015fitli\u011fi, eri\u015fim e\u015fitli\u011finin sa\u011flanmas\u0131 a\u00e7\u0131s\u0131ndan \u00e7ok daha \u00f6nemli buldu\u011funu dile getiren Se\u00e7er, &#8220;Mutlaka belediyelerin de bu konuda farkl\u0131 projeksiyonlar\u0131 oluyor. En az\u0131ndan bununla beraber bizim \u00e7ocuklara e\u011fitim konusunda verdi\u011fimiz destekler \u00e7ok daha fazla zenginle\u015fecek diye d\u00fc\u015f\u00fcn\u00fcyorum. Buraya gelmemin bu kampanya a\u00e7\u0131s\u0131ndan bir yarar\u0131 oldu bana. Size yapt\u0131\u011f\u0131m deste\u011fin yetersiz oldu\u011funu g\u00f6rd\u00fcm ve daha fazla destek verme karar\u0131 ald\u0131m&#8221; ifadelerini kulland\u0131.<\/p>\n","protected":false},"excerpt":{"rendered":"<p>Mersin B\u00fcy\u00fck\u015fehir Belediye Ba\u015fkan\u0131 Vahap Se\u00e7er, Cumhuriyet Halk Partili (CHP) di\u011fer B\u00fcy\u00fck\u015fehir Belediye Ba\u015fkanlar\u0131yla birlikte hakk\u0131nda hapis ve siyasi yasak karar\u0131 verilen \u0130stanbul B\u00fcy\u00fck\u015fehir Belediyesi (\u0130BB) Ba\u015fkan\u0131 Ekrem \u0130mamo\u011flu&#8217;na desteklerini &hellip; <a href=\"https:\/\/akdenizolaygazetesi.com\/?p=23611\" class=\"more-link\">Devam\u0131n\u0131 Oku&#8230;<\/a><\/p>\n","protected":false},"author":2,"featured_media":23612,"comment_status":"open","ping_status":"open","sticky":false,"template":"","format":"standard","meta":[],"categories":[2,3,5],"tags":[],"_links":{"self":[{"href":"https:\/\/akdenizolaygazetesi.com\/index.php?rest_route=\/wp\/v2\/posts\/23611"}],"collection":[{"href":"https:\/\/akdenizolaygazetesi.com\/index.php?rest_route=\/wp\/v2\/posts"}],"about":[{"href":"https:\/\/akdenizolaygazetesi.com\/index.php?rest_route=\/wp\/v2\/types\/post"}],"author":[{"embeddable":true,"href":"https:\/\/akdenizolaygazetesi.com\/index.php?rest_route=\/wp\/v2\/users\/2"}],"replies":[{"embeddable":true,"href":"https:\/\/akdenizolaygazetesi.com\/index.php?rest_route=%2Fwp%2Fv2%2Fcomments&post=23611"}],"version-history":[{"count":1,"href":"https:\/\/akdenizolaygazetesi.com\/index.php?rest_route=\/wp\/v2\/posts\/23611\/revisions"}],"predecessor-version":[{"id":23613,"href":"https:\/\/akdenizolaygazetesi.com\/index.php?rest_route=\/wp\/v2\/posts\/23611\/revisions\/23613"}],"wp:featuredmedia":[{"embeddable":true,"href":"https:\/\/akdenizolaygazetesi.com\/index.php?rest_route=\/wp\/v2\/media\/23612"}],"wp:attachment":[{"href":"https:\/\/akdenizolaygazetesi.com\/index.php?rest_route=%2Fwp%2Fv2%2Fmedia&parent=23611"}],"wp:term":[{"taxonomy":"category","embeddable":true,"href":"https:\/\/akdenizolaygazetesi.com\/index.php?rest_route=%2Fwp%2Fv2%2Fcategories&post=23611"},{"taxonomy":"post_tag","embeddable":true,"href":"https:\/\/akdenizolaygazetesi.com\/index.php?rest_route=%2Fwp%2Fv2%2Ftags&post=23611"}],"curies":[{"name":"wp","href":"https:\/\/api.w.org\/{rel}","templated":true}]}}