{"id":23614,"date":"2023-01-19T13:07:42","date_gmt":"2023-01-19T10:07:42","guid":{"rendered":"http:\/\/akdenizolaygazetesi.com\/?p=23614"},"modified":"2023-01-19T13:07:42","modified_gmt":"2023-01-19T10:07:42","slug":"2022de-622-bin-518-ton-kati-atik-dogaya-zarar-vermeden-bertaraf-edildi","status":"publish","type":"post","link":"https:\/\/akdenizolaygazetesi.com\/?p=23614","title":{"rendered":"2022&#8217;DE 622 B\u0130N 518 TON KATI ATIK DO\u011eAYA ZARAR VERMEDEN BERTARAF ED\u0130LD\u0130"},"content":{"rendered":"<p>Mersin B\u00fcy\u00fck\u015fehir Belediyesi b\u00fcnyesinde yeni kurulan \u0130klim De\u011fi\u015fikli\u011fi ve S\u0131f\u0131r At\u0131k Daire Ba\u015fkanl\u0131\u011f\u0131, iklim de\u011fi\u015fikli\u011fine neden olan etmenlerin zararlar\u0131n\u0131 en aza indirebilmek ad\u0131na \u00e7al\u0131\u015fmalar yap\u0131yor. Kat\u0131 at\u0131klar\u0131n yeniden de\u011ferlendirilmesi, depolanmas\u0131 ve bertaraf\u0131 i\u015flemlerini y\u00fcr\u00fcten daire, at\u0131klardan enerji \u00fcretimi de ger\u00e7ekle\u015ftiriyor. \u0130klim de\u011fi\u015fikli\u011fi ile m\u00fccadele ve yenilenebilir enerji kaynaklar\u0131 alan\u0131nda plan ve projeler y\u00fcr\u00fcten daire, \u00e7evre y\u00f6netimi sistemi \u00e7al\u0131\u015fmalar\u0131na da destek veriyor.<br \/>\n\u0130klim De\u011fi\u015fikli\u011fi ve S\u0131f\u0131r At\u0131k Dairesi&#8217;ne ba\u011fl\u0131 ekipler, Mersin genelinde bulunan 9 kat\u0131 at\u0131k aktarma istasyonunda 2022 y\u0131l\u0131nda toplam 480 bin 414 ton kat\u0131 at\u0131\u011f\u0131 ta\u015f\u0131rken, 622 bin 518 ton at\u0131\u011f\u0131n da bertaraf\u0131n\u0131 ger\u00e7ekle\u015ftirdi.<br \/>\nTemiz bir \u00e7evre olu\u015fturmak i\u00e7in \u00e7\u00f6pten de\u011fer \u00fcreterek, hem \u00e7evreye hem de ekonomiye katk\u0131 sa\u011flayan \u0130klim De\u011fi\u015fikli\u011fi ve S\u0131f\u0131r At\u0131k Dairesi, b\u00fcnyesindeki 3 kat\u0131 at\u0131k d\u00fczenli depolama tesisinde bertaraf etti\u011fi at\u0131klardan olu\u015fan metan gaz\u0131ndan elektrik enerjisi \u00fcretiyor. 2022 y\u0131l\u0131 i\u00e7erisinde t\u00fcm sa\u011fl\u0131k kurum ve kurulu\u015flar\u0131ndan 2 milyon 753 bin kg t\u0131bbi at\u0131k toplayan ekipler, bu at\u0131klar\u0131 da bertaraf ederek, insan ve \u00e7evre sa\u011fl\u0131\u011f\u0131na zarar vermesinin \u00f6n\u00fcne ge\u00e7ti.<br \/>\nKent genelinde herhangi bir nedenle olu\u015fan hafriyat at\u0131klar\u0131n\u0131n y\u00f6netimini de \u00fcstelenen daire, hafriyatlar\u0131 Hafriyat Denetim Kurulu&#8217;nca rehabilite ama\u00e7l\u0131 izinlendirilen dolgu alanlar\u0131na b\u0131rakarak, moloz kirlili\u011fini \u00f6nl\u00fcyor.<br \/>\nDr. Zorlu: &#8220;2022&#8217;de yakla\u015f\u0131k 65 milyon kilovat enerji \u00fcretimi ger\u00e7ekle\u015ftirildi&#8221;<br \/>\n\u0130klim De\u011fi\u015fikli\u011fi ve S\u0131f\u0131r At\u0131k Dairesi Ba\u015fkan\u0131 Dr. Kemal Zorlu, \u015fube m\u00fcd\u00fcrl\u00fckleri ve hizmetlerini anlatt\u0131. S\u0131f\u0131r At\u0131k Y\u00f6netimi \u015eube M\u00fcd\u00fcrl\u00fc\u011f\u00fc&#8217;n\u00fcn hizmetlerini anlatan Zorlu, &#8220;\u0130l\u00e7elerimizde toplam 9 tane aktarma istasyonumuz var. Bu aktarma istasyonlar\u0131m\u0131za gelen at\u0131klar\u0131n, d\u00fczenli depolama ve bertaraf tesislerimize ta\u015f\u0131nmas\u0131 i\u015flemini ger\u00e7ekle\u015ftiriyoruz. 2022 y\u0131l\u0131nda yakla\u015f\u0131k olarak 480 bin ton kat\u0131 at\u0131\u011f\u0131, aktarma istasyonlar\u0131ndan bertaraf sahalar\u0131m\u0131za ta\u015f\u0131d\u0131k. Bu sahalar\u0131m\u0131zda bu at\u0131klar\u0131n bertaraf\u0131 i\u015flemini ger\u00e7ekle\u015ftiriyoruz. Yakla\u015f\u0131k olarak 622 bin ton at\u0131\u011f\u0131n bertaraf\u0131n\u0131 bu 3 saham\u0131zda ger\u00e7ekle\u015ftirdik. Birisi Tarsus&#8217;ta, birisi merkezde, birisi Silifke&#8217;de olmak \u00fczere 3 tane saham\u0131z bulunuyor&#8221; dedi.<br \/>\nBertaraf edilen at\u0131klardan \u00fcrettikleri elektrik enerji miktar\u0131n\u0131 da payla\u015fan Zorlu, &#8220;Buraya getirmi\u015f oldu\u011fumuz kat\u0131 at\u0131klar\u0131n bertaraf\u0131 s\u0131ras\u0131nda bir de enerji \u00fcretimimiz var. 2022 y\u0131l\u0131nda yakla\u015f\u0131k olarak 72 bin hanenin ayd\u0131nlatma enerjisine e\u015fde\u011fer miktarda enerji \u00fcretimi ger\u00e7ekle\u015ftirdik. \u00d6n\u00fcm\u00fczdeki s\u00fcre\u00e7te bu 72 bin say\u0131s\u0131n\u0131, yakla\u015f\u0131k olarak 100-120 bine ta\u015f\u0131may\u0131 hedefliyoruz. Bertaraf saham\u0131za gelen kat\u0131 at\u0131klardan 2022 y\u0131l\u0131 i\u00e7erisinde yakla\u015f\u0131k olarak 65 milyon kilovat enerji \u00fcretimi ger\u00e7ekle\u015ftirdik. Bu tabi ki, hem iklim de\u011fi\u015fikli\u011fi ile m\u00fccadele, hem de at\u0131klar\u0131n ekonomiye kazand\u0131r\u0131lmas\u0131 a\u00e7\u0131s\u0131ndan \u00f6nemli bir ad\u0131m&#8221; diye konu\u015ftu.<br \/>\n&#8220;Hafriyatlar\u0131, belirlenen dolgu alanlar\u0131na b\u0131rakarak, moloz kirlili\u011fini \u00f6nl\u00fcyoruz&#8221;<br \/>\nZorlu, sa\u011fl\u0131k kurulu\u015flar\u0131ndan \u00e7\u0131kan t\u0131bbi at\u0131klar\u0131 da bertaraf ettiklerini s\u00f6ylerken, hafriyat at\u0131klar\u0131n\u0131 da dolgu alanlar\u0131na ta\u015f\u0131d\u0131klar\u0131n\u0131 belirtti. Zorlu, &#8220;Bunun d\u0131\u015f\u0131nda, kentimizde faaliyet g\u00f6steren sa\u011fl\u0131k kurulu\u015flar\u0131ndan \u00e7\u0131kan t\u0131bbi at\u0131klar\u0131n bertaraf\u0131 ve sterilizasyon i\u015flemlerini de ger\u00e7ekle\u015ftiriyoruz. Yine bu \u015eube M\u00fcd\u00fcrl\u00fc\u011f\u00fcm\u00fczde, kentte olu\u015fan hafriyat\u0131n bertaraf edilmesi, dolgu alanlar\u0131na g\u00f6t\u00fcr\u00fcl\u00fcp oralarda depolanmas\u0131 ve talep \u00fczerine ki\u015filerin ve kurumlar\u0131n ihtiya\u00e7 duydu\u011fu noktalara dolgu yap\u0131lmas\u0131 i\u015flemi ger\u00e7ekle\u015ftiriliyor. 2022 y\u0131l\u0131nda yakla\u015f\u0131k olarak 173 bin ton malzeme, dolgu alanlar\u0131nda bertaraf edildi&#8221; diye konu\u015ftu.<br \/>\n&#8220;S\u00fcrd\u00fcr\u00fclebilir Enerji ve \u0130klim Eylem Plan\u0131 \u00e7al\u0131\u015fmalar\u0131n\u0131 ger\u00e7ekle\u015ftiriyoruz&#8221;<br \/>\n\u0130klim De\u011fi\u015fikli\u011fi ve Yenilenebilir Enerji \u015eube M\u00fcd\u00fcrl\u00fc\u011f\u00fc ile t\u00fcm d\u00fcnyan\u0131n ve insano\u011flunun en b\u00fcy\u00fck problemlerinden birisi olan iklim de\u011fi\u015fikli\u011fi konusu \u00fczerine \u00e7al\u0131\u015fmalar yapt\u0131klar\u0131n\u0131 da aktaran Zorlu, &#8220;\u0130klim de\u011fi\u015fikli\u011finin yak\u0131c\u0131 etkilerini, hayat\u0131m\u0131zda her ge\u00e7en g\u00fcn g\u00f6r\u00fcyoruz. Biz buradaki \u015eube M\u00fcd\u00fcrl\u00fc\u011f\u00fc&#8217;m\u00fczde, iklim de\u011fi\u015fikli\u011fine nas\u0131l uyum sa\u011flayaca\u011f\u0131m\u0131z\u0131 ve iklim de\u011fi\u015fikli\u011fine neden olan etkenleri nas\u0131l azaltabilece\u011fimize dair faaliyetler yap\u0131yoruz. Bu kapsamda T\u00dcB\u0130TAK&#8217;la yapm\u0131\u015f oldu\u011fumuz bir protokol \u00e7er\u00e7evesinde, ilimizin &#8216;S\u00fcrd\u00fcr\u00fclebilir Enerji ve \u0130klim Eylem Plan\u0131&#8217; \u00e7al\u0131\u015fmalar\u0131n\u0131 ger\u00e7ekle\u015ftiriyoruz. Bu \u00e7al\u0131\u015fmalara 2022 y\u0131l\u0131 i\u00e7erisinde ba\u015flad\u0131k ve 2023 y\u0131l\u0131n\u0131n Haziran ay\u0131nda sonlanmas\u0131n\u0131 bekliyoruz. Bu ba\u011flamda iklim de\u011fi\u015fikli\u011fi ile Mersin&#8217;de nas\u0131l m\u00fccadele edebilece\u011fimizi veya iklim de\u011fi\u015fikli\u011fine nas\u0131l uyum sa\u011flayabilece\u011fimiz konusunda ataca\u011f\u0131m\u0131z ad\u0131mlar\u0131 ortaya \u00e7\u0131karaca\u011f\u0131z&#8221; dedi.<br \/>\n&#8220;T\u00fcrkiye&#8217;nin en b\u00fcy\u00fck kapasiteli planetaryumu faaliyete ge\u00e7ecek&#8221;<br \/>\nSon olarak \u0130klim ve \u00c7evre Bilim Merkezi \u015eube M\u00fcd\u00fcrl\u00fc\u011f\u00fc b\u00fcnyesinde kurulacak \u0130klim ve \u00c7evre Bilim Merkezi&#8217;nin detaylar\u0131n\u0131 aktaran Zorlu, &#8220;Bu m\u00fcd\u00fcrl\u00fc\u011f\u00fcm\u00fczde, \u015fu anda yap\u0131m faaliyetleri devam eden bir Bilim Merkezimiz var. Bu Bilim Merkezi&#8217;nin i\u00e7erisinde, yakla\u015f\u0131k olarak 150&#8217;ye yak\u0131n deney d\u00fczene\u011fi bulunacak ve bir tane de planetaryum bulunacak. \u0130klim ve \u00c7evre Bilim Merkezi&#8217;nde yapaca\u011f\u0131m\u0131z faaliyetlerle, \u00f6zellikle 8-14 ya\u015f grubundaki \u00e7ocuklara iklim ve \u00e7evre konusunda bilin\u00e7lendirme faaliyetleri yapmak istiyoruz. Bu ba\u011flamda 2022 y\u0131l\u0131 i\u00e7erisinde \u0130klim ve \u00c7evre Bilim Merkezimizin deney d\u00fczenekleri ihalesini ger\u00e7ekle\u015ftirdik. \u00d6n\u00fcm\u00fczdeki y\u0131l\u0131n sonuna do\u011fru bu deney d\u00fczenekleri ve planetaryumu faaliyete ge\u00e7irerek, Mersin halk\u0131na hizmet vermesini sa\u011flamak istiyoruz. Yapaca\u011f\u0131m\u0131z planetaryum b\u00fcy\u00fck bir olas\u0131l\u0131kla, T\u00fcrkiye&#8217;nin en b\u00fcy\u00fck kapasiteli planetaryumu olacak ve bu planetaryumda, gelen ziyaret\u00e7ilere 3 boyutlu iklim, \u00e7evre ve uzay konusunda g\u00f6steriler ger\u00e7ekle\u015ftirece\u011fiz&#8221; ifadelerine yer verdi.<\/p>\n","protected":false},"excerpt":{"rendered":"<p>Mersin B\u00fcy\u00fck\u015fehir Belediyesi b\u00fcnyesinde yeni kurulan \u0130klim De\u011fi\u015fikli\u011fi ve S\u0131f\u0131r At\u0131k Daire Ba\u015fkanl\u0131\u011f\u0131, iklim de\u011fi\u015fikli\u011fine neden olan etmenlerin zararlar\u0131n\u0131 en aza indirebilmek ad\u0131na \u00e7al\u0131\u015fmalar yap\u0131yor. Kat\u0131 at\u0131klar\u0131n yeniden de\u011ferlendirilmesi, depolanmas\u0131 &hellip; <a href=\"https:\/\/akdenizolaygazetesi.com\/?p=23614\" class=\"more-link\">Devam\u0131n\u0131 Oku&#8230;<\/a><\/p>\n","protected":false},"author":2,"featured_media":23615,"comment_status":"open","ping_status":"open","sticky":false,"template":"","format":"standard","meta":[],"categories":[7,1,2,3,11],"tags":[],"_links":{"self":[{"href":"https:\/\/akdenizolaygazetesi.com\/index.php?rest_route=\/wp\/v2\/posts\/23614"}],"collection":[{"href":"https:\/\/akdenizolaygazetesi.com\/index.php?rest_route=\/wp\/v2\/posts"}],"about":[{"href":"https:\/\/akdenizolaygazetesi.com\/index.php?rest_route=\/wp\/v2\/types\/post"}],"author":[{"embeddable":true,"href":"https:\/\/akdenizolaygazetesi.com\/index.php?rest_route=\/wp\/v2\/users\/2"}],"replies":[{"embeddable":true,"href":"https:\/\/akdenizolaygazetesi.com\/index.php?rest_route=%2Fwp%2Fv2%2Fcomments&post=23614"}],"version-history":[{"count":1,"href":"https:\/\/akdenizolaygazetesi.com\/index.php?rest_route=\/wp\/v2\/posts\/23614\/revisions"}],"predecessor-version":[{"id":23616,"href":"https:\/\/akdenizolaygazetesi.com\/index.php?rest_route=\/wp\/v2\/posts\/23614\/revisions\/23616"}],"wp:featuredmedia":[{"embeddable":true,"href":"https:\/\/akdenizolaygazetesi.com\/index.php?rest_route=\/wp\/v2\/media\/23615"}],"wp:attachment":[{"href":"https:\/\/akdenizolaygazetesi.com\/index.php?rest_route=%2Fwp%2Fv2%2Fmedia&parent=23614"}],"wp:term":[{"taxonomy":"category","embeddable":true,"href":"https:\/\/akdenizolaygazetesi.com\/index.php?rest_route=%2Fwp%2Fv2%2Fcategories&post=23614"},{"taxonomy":"post_tag","embeddable":true,"href":"https:\/\/akdenizolaygazetesi.com\/index.php?rest_route=%2Fwp%2Fv2%2Ftags&post=23614"}],"curies":[{"name":"wp","href":"https:\/\/api.w.org\/{rel}","templated":true}]}}