{"id":23620,"date":"2023-01-19T13:11:56","date_gmt":"2023-01-19T10:11:56","guid":{"rendered":"http:\/\/akdenizolaygazetesi.com\/?p=23620"},"modified":"2023-01-19T13:11:56","modified_gmt":"2023-01-19T10:11:56","slug":"akdenizli-sporcular-ve-sporseverler-yeni-bir-sahaya-kavustu","status":"publish","type":"post","link":"https:\/\/akdenizolaygazetesi.com\/?p=23620","title":{"rendered":"Akdenizli sporcular ve sporseverler, yeni bir sahaya kavu\u015ftu"},"content":{"rendered":"<p>Akdeniz Belediyesi; Mad\u0131mak Park\u0131 i\u00e7erisinde bulunan hal\u0131 sahadaki yenileme \u00e7al\u0131\u015fmalar\u0131n\u0131 tamamlad\u0131. Sahan\u0131n zemini, kale direkleri ve tel \u00f6rg\u00fcleri ile \u0131\u015f\u0131kland\u0131rma sistemi yenilenirken, Akdenizli gen\u00e7ler ve \u00e7ocuklara yeni ve modern bir saha daha kazand\u0131r\u0131ld\u0131.<br \/>\nBug\u00fcne dek Akdeniz\u2019e onlarca spor tesisi kazand\u0131ran, mevcut tesis ve sahalar\u0131 da ba\u015ftan sona elden ge\u00e7iren Akdeniz Belediyesi, son olarak Yeni Mahalle\u2019de bulunan Mad\u0131mak Bar\u0131\u015f ve Karde\u015flik Park\u0131 yan\u0131nda bulunan hal\u0131 sahada kapsaml\u0131 bir yenileme \u00e7al\u0131\u015fmas\u0131 yapt\u0131. Sahadan; Akdeniz Belediyesi Spor Kul\u00fcb\u00fc oyuncular\u0131n\u0131n yan\u0131 s\u0131ra, kentin amat\u00f6r futbol kul\u00fcpleri de faydalanabilecek.<br \/>\n\u201cZemini, \u0131\u015f\u0131kland\u0131rma sistemi ve \u00e7evre kafes telleri yenilendi\u201d<br \/>\nHal\u0131 sahada ger\u00e7ekle\u015fen yenileme \u00e7al\u0131\u015fmalar\u0131n\u0131 inceleyen Akdeniz Belediye Ba\u015fkan\u0131 M. Mustafa G\u00fcltak; \u201cHal\u0131 saham\u0131z \u00e7ok y\u0131pranm\u0131\u015f, hatta neredeyse kalmam\u0131\u015ft\u0131. Bizlere verdi\u011fi desteklerinden dolay\u0131 Gen\u00e7lik ve Spor Bakan\u0131m\u0131z Say\u0131n Muharrem Kasapo\u011flu\u2019na \u00e7ok te\u015fekk\u00fcr ediyorum. Spor Toto Te\u015fkilat\u0131 ile proje haz\u0131rlad\u0131k. Yapt\u0131\u011f\u0131m\u0131z anla\u015fma sonucunda hal\u0131 sahan\u0131n t\u00fcm altyap\u0131s\u0131 de\u011fi\u015fti, hal\u0131lar\u0131 ve \u00e7evresindeki kafes telleri yenilendi. Sahaya yeni \u0131\u015f\u0131kland\u0131rma sistemi de kuruldu. B\u00f6ylece saham\u0131z art\u0131k sadece g\u00fcnd\u00fcz de\u011fil, ak\u015famlar\u0131 da kullan\u0131labilecek\u201d diye konu\u015ftu.<br \/>\n\u201cAmat\u00f6r spor kul\u00fcplerimiz de kullanabilecek\u201d<br \/>\nMad\u0131mak Park\u0131n\u0131n hemen yan\u0131nda bulunan sahan\u0131n, \u015fehrin merkezinde yer ald\u0131\u011f\u0131n\u0131 kaydeden Ba\u015fkan G\u00fcltak; \u201cAmat\u00f6r spor kul\u00fcplerimizin, gen\u00e7lerimizin kullanabilece\u011fi bir saham\u0131z\u0131 s\u0131f\u0131rdan revize edip tertemiz bir hale getirdi\u011fimiz i\u00e7in gururluyuz. Mersin\u2019e, Akdeniz\u2019e ve gen\u00e7lerimize hay\u0131rl\u0131 olsun\u201d dedi. A\u00e7\u0131klamas\u0131n\u0131n ard\u0131ndan Ba\u015fkan Mustafa G\u00fcltak, hal\u0131 saha civar\u0131nda ikamet eden baz\u0131 vatanda\u015flarla sohbet etti; kendisiyle \u00f6z\u00e7ekim yapmak isteyen gen\u00e7lerin iste\u011fini de k\u0131rmad\u0131.<\/p>\n","protected":false},"excerpt":{"rendered":"<p>Akdeniz Belediyesi; Mad\u0131mak Park\u0131 i\u00e7erisinde bulunan hal\u0131 sahadaki yenileme \u00e7al\u0131\u015fmalar\u0131n\u0131 tamamlad\u0131. Sahan\u0131n zemini, kale direkleri ve tel \u00f6rg\u00fcleri ile \u0131\u015f\u0131kland\u0131rma sistemi yenilenirken, Akdenizli gen\u00e7ler ve \u00e7ocuklara yeni ve modern bir &hellip; <a href=\"https:\/\/akdenizolaygazetesi.com\/?p=23620\" class=\"more-link\">Devam\u0131n\u0131 Oku&#8230;<\/a><\/p>\n","protected":false},"author":2,"featured_media":23621,"comment_status":"open","ping_status":"open","sticky":false,"template":"","format":"standard","meta":[],"categories":[2,3,10],"tags":[],"_links":{"self":[{"href":"https:\/\/akdenizolaygazetesi.com\/index.php?rest_route=\/wp\/v2\/posts\/23620"}],"collection":[{"href":"https:\/\/akdenizolaygazetesi.com\/index.php?rest_route=\/wp\/v2\/posts"}],"about":[{"href":"https:\/\/akdenizolaygazetesi.com\/index.php?rest_route=\/wp\/v2\/types\/post"}],"author":[{"embeddable":true,"href":"https:\/\/akdenizolaygazetesi.com\/index.php?rest_route=\/wp\/v2\/users\/2"}],"replies":[{"embeddable":true,"href":"https:\/\/akdenizolaygazetesi.com\/index.php?rest_route=%2Fwp%2Fv2%2Fcomments&post=23620"}],"version-history":[{"count":1,"href":"https:\/\/akdenizolaygazetesi.com\/index.php?rest_route=\/wp\/v2\/posts\/23620\/revisions"}],"predecessor-version":[{"id":23622,"href":"https:\/\/akdenizolaygazetesi.com\/index.php?rest_route=\/wp\/v2\/posts\/23620\/revisions\/23622"}],"wp:featuredmedia":[{"embeddable":true,"href":"https:\/\/akdenizolaygazetesi.com\/index.php?rest_route=\/wp\/v2\/media\/23621"}],"wp:attachment":[{"href":"https:\/\/akdenizolaygazetesi.com\/index.php?rest_route=%2Fwp%2Fv2%2Fmedia&parent=23620"}],"wp:term":[{"taxonomy":"category","embeddable":true,"href":"https:\/\/akdenizolaygazetesi.com\/index.php?rest_route=%2Fwp%2Fv2%2Fcategories&post=23620"},{"taxonomy":"post_tag","embeddable":true,"href":"https:\/\/akdenizolaygazetesi.com\/index.php?rest_route=%2Fwp%2Fv2%2Ftags&post=23620"}],"curies":[{"name":"wp","href":"https:\/\/api.w.org\/{rel}","templated":true}]}}