{"id":23627,"date":"2023-01-19T13:15:53","date_gmt":"2023-01-19T10:15:53","guid":{"rendered":"http:\/\/akdenizolaygazetesi.com\/?p=23627"},"modified":"2023-01-19T13:15:53","modified_gmt":"2023-01-19T10:15:53","slug":"turkiye-normallessin-her-birim-hizmetin-carpi-3-carpi-4-katini-yapacagimi-iddia-ediyorum","status":"publish","type":"post","link":"https:\/\/akdenizolaygazetesi.com\/?p=23627","title":{"rendered":"&#8220;T\u00dcRK\u0130YE NORMALLE\u015eS\u0130N; HER B\u0130R\u0130M H\u0130ZMET\u0130N \u00c7ARPI 3, \u00c7ARPI 4 KATINI YAPACA\u011eIMI \u0130DD\u0130A ED\u0130YORUM&#8221;"},"content":{"rendered":"<p>Mersin B\u00fcy\u00fck\u015fehir Belediye Ba\u015fkan\u0131 Vahap Se\u00e7er, FOX TV ekranlar\u0131ndan yay\u0131nlanan gazeteci \u0130lker Karag\u00f6z&#8217;\u00fcn haz\u0131rlay\u0131p sundu\u011fu &#8220;\u00c7alar Saat&#8221; program\u0131n\u0131n konu\u011fu oldu. Gazeteci Karag\u00f6z&#8217;\u00fcn sorular\u0131n\u0131 yan\u0131tlayan Ba\u015fkan Se\u00e7er; 2023 y\u0131l\u0131nda yap\u0131lacak olan genel se\u00e7imler, Mersin Metrosu ve B\u00fcy\u00fck\u015fehir Belediyesi taraf\u0131ndan hayata ge\u00e7irilen sosyal projeler hakk\u0131nda de\u011ferlendirmelerde bulundu.<br \/>\n&#8220;Biz tak\u0131m oyunu oynuyoruz&#8221;<br \/>\nGazeteci Karag\u00f6z&#8217;\u00fcn &#8220;CHP&#8217;li B\u00fcy\u00fck\u015fehir Belediye Ba\u015fkanlar\u0131 olarak memleketi geziyorsunuz. D\u00fcn de \u0130stanbul&#8217;dayd\u0131n\u0131z&#8221; s\u00f6z\u00fc \u00fczerine Ba\u015fkan Se\u00e7er, &#8220;Bizim geleneksel toplant\u0131lardan biriydi ancak tabi \u0130stanbul B\u00fcy\u00fck\u015fehir Belediye Ba\u015fkan\u0131m\u0131z Say\u0131n \u0130mamo\u011flu&#8217;nun da \u00f6zel bir g\u00fcndemi var. Son aylarda k\u0131smen benimle ilintili de baz\u0131 olaylar, geli\u015fmeler oldu. Hem ona bir destek olarak &#8216;Belediyede ziyaret edelim, toplant\u0131m\u0131z\u0131 orada ger\u00e7ekle\u015ftirelim&#8217;, hem de &#8216;Memleket meselelerini konu\u015fal\u0131m, belediyelerimizi konu\u015fal\u0131m&#8217; istedik. Bu toplant\u0131lar gayet iyi oluyor. Tabi bir arada olmak, g\u00fcndemi ortak de\u011ferlendirmek, ortak projeleri konu\u015fmak ya da &#8216;Herkes ne yap\u0131yor?&#8217; onu dinlemek, bundan sonraki yol haritam\u0131z\u0131n ne olaca\u011f\u0131n\u0131 tart\u0131\u015fmak, bunlar \u00f6nemli \u015feyler. Biz tak\u0131m oyunu oynuyoruz&#8221; dedi.<br \/>\n&#8220;Sosyal politikalar konusunda \u00e7ok \u00f6nemli \u00e7al\u0131\u015fmalar\u0131m\u0131z var&#8221;<br \/>\nS\u0131k s\u0131k soka\u011fa \u00e7\u0131kt\u0131\u011f\u0131n\u0131, esnaf ve vatanda\u015fla bir araya geldi\u011fini hat\u0131rlatan Ba\u015fkan Se\u00e7er, en b\u00fcy\u00fck problemin i\u015fsizlik oldu\u011funa dikkat \u00e7ekti. Se\u00e7er, &#8220;Belediye olarak bizim anlay\u0131\u015f\u0131m\u0131z; \u00f6nce bir toplumda ac\u0131lara, &#8216;insanlar\u0131n talepleri nedir?&#8217; onlara bakacaks\u0131n\u0131z. Biz onun i\u00e7in de \u00f6ncelikli olarak sosyal politikalar konusunda \u00e7ok \u00f6nemli \u00e7al\u0131\u015fmalar\u0131m\u0131z\u0131n oldu\u011funu d\u00fc\u015f\u00fcn\u00fcyoruz&#8221; dedi.<br \/>\n&#8220;Pozitif ayr\u0131mc\u0131l\u0131k de\u011fil, adaletli bir yakla\u015f\u0131m istiyoruz&#8221;<br \/>\n\u0130lker Karag\u00f6z&#8217;\u00fcn &#8220;Neler yap\u0131yorsunuz?&#8221; sorusuna &#8220;Ne yapm\u0131yoruz ki?&#8221; diye cevap veren Ba\u015fkan Se\u00e7er, sosyal projeleri hayata ge\u00e7irirken engellemelerle kar\u015f\u0131la\u015ft\u0131klar\u0131n\u0131 belirterek, &#8220;\u00c7ok daha rahat bir \u00e7al\u0131\u015fma ortam\u0131m\u0131z olsa \u00e7ok daha fazla \u015feyler yapabiliriz. Siz iktidar\u0131n tutumunu biliyorsunuz. Ortaya \u00e7\u0131kan hukuk d\u0131\u015f\u0131 uygulamalar, anti demokratik tav\u0131rlar, ayr\u0131mc\u0131l\u0131k, bunlar\u0131 g\u00f6rmemek m\u00fcmk\u00fcn m\u00fc? Benim belediyemin iktidar\u0131n belediyesi gibi muamele g\u00f6rd\u00fc\u011f\u00fcm\u00fc s\u00f6yleyebilir misiniz? Ayr\u0131m istemiyoruz ya da pozitif ayr\u0131mc\u0131l\u0131k istemiyoruz. Adaletli davran\u0131ld\u0131\u011f\u0131n\u0131 g\u00f6rd\u00fcn\u00fcz m\u00fc? Biz bundan da son derece muzdaribiz&#8221; ifadelerini kulland\u0131. Bu durumun sadece Mersin i\u00e7in de\u011fil, CHP&#8217;li di\u011fer belediyeler i\u00e7in de ge\u00e7erli oldu\u011funu s\u00f6yleyen Ba\u015fkan Se\u00e7er, &#8220;Biz \u015fu anda adeta \u015fapkadan tav\u015fan \u00e7\u0131kart\u0131yoruz adeta ve ba\u015far\u0131l\u0131 oldu\u011fumuzu da d\u00fc\u015f\u00fcn\u00fcyorum&#8221; dedi.<br \/>\nCHP&#8217;li belediye ba\u015fkanlar\u0131 olarak s\u00fcrekli soka\u011fa \u00e7\u0131kt\u0131klar\u0131n\u0131 ve vatanda\u015fla i\u00e7 i\u00e7e olduklar\u0131n\u0131 belirten Ba\u015fkan Se\u00e7er, &#8220;Az \u00f6nce sordunuz &#8216;Soka\u011fa \u00e7\u0131k\u0131yor musunuz?&#8217; Evet \u00e7\u0131k\u0131yorum. Peki, yan kom\u015fum Zeydan Karalar soka\u011fa \u00e7\u0131kam\u0131yor mu? Elbette ki \u00e7\u0131k\u0131yor. Ya da bug\u00fcn \u0130stanbul&#8217;dayd\u0131m Ekrem Bey soka\u011fa \u00e7\u0131kam\u0131yor mu?  Elbette ki \u00e7\u0131k\u0131yor. Ankara&#8217;da Mansur Bey soka\u011fa \u00e7\u0131kam\u0131yor mu, Tun\u00e7 Bey soka\u011fa \u00e7\u0131kam\u0131yor mu? Hepimiz \u00e7\u0131k\u0131yoruz soka\u011fa. Bir de Cumhur \u0130ttifak\u0131&#8217;na mensup siyaset\u00e7iler \u00e7\u0131ks\u0131n da g\u00f6relim bakal\u0131m. Se\u00e7imlere gidiyoruz, 2018 ko\u015fullar\u0131 art\u0131k yok. Siz bakmay\u0131n &#8216;Son birka\u00e7 ayd\u0131r Cumhur \u0130ttifak\u0131 toparland\u0131, oy aran\u0131 artt\u0131&#8217; denilmesine, emin olun bunlar alg\u0131 y\u00f6netimi&#8221; diye konu\u015ftu.<br \/>\nSe\u00e7er, Mersin Metrosu&#8217;na ili\u015fkin konu\u015ftu: &#8220;\u00d6z kaynaklarla bunu s\u00fcrd\u00fcr\u00fcyoruz&#8221;<br \/>\nGazeteci \u0130lker Karag\u00f6z&#8217;\u00fcn Mersin Metrosu&#8217;nun 17 ayd\u0131r Bakan&#8217;dan onay bekledi\u011fini an\u0131msat\u0131p, &#8220;G\u00f6r\u00fc\u015fm\u00fcyor musunuz? Arada hi\u00e7 mi denk gelmiyorsunuz? Say\u0131n Bakan Mersin&#8217;e u\u011fram\u0131yor mu?&#8221; diye sormas\u0131 \u00fczerine a\u00e7\u0131klamalarda bulunan Ba\u015fkan Se\u00e7er, &#8220;Ge\u00e7tik Say\u0131n Bakan&#8217;\u0131, Say\u0131n Cumhurba\u015fkan\u0131 ile de konu\u015ftum. Gittim, rica ettim, anlatt\u0131m. Zaten 2019 y\u0131l\u0131nda Mersin Metro Projesi, Yat\u0131r\u0131m Program\u0131&#8217;na al\u0131nm\u0131\u015f. Bunun imzas\u0131n\u0131 atan Say\u0131n Cumhurba\u015fkan\u0131. Biz temelini atm\u0131\u015f\u0131z, 1 y\u0131l gibi bir s\u00fcre ge\u00e7mi\u015f \u00fczerinden. \u0130halesi yap\u0131lm\u0131\u015f, her \u015feyi tamam, in\u015faat\u0131 ba\u015flatm\u0131\u015f\u0131z. \u00d6z kaynaklarla bunu s\u00fcrd\u00fcr\u00fcyoruz. Peki, siz kredi bulamazsan\u0131z, bu in\u015faat\u0131 s\u00fcratle s\u00fcrd\u00fcrebilir misiniz? S\u00fcrd\u00fcremezsiniz. Do\u011fal olarak bunun i\u00e7in sizin krediye ihtiyac\u0131n\u0131z var. Bahsetti\u011fim imza o. \u0130n\u015faat devam ediyor. Benim bu projeyi s\u00fcratli tamamlayabilmem i\u00e7in buna finansman bulmam laz\u0131m. Onun imzas\u0131 bekliyor. Yani \u015fu anlam \u00e7\u0131k\u0131yor; &#8216;Elini, aya\u011f\u0131n\u0131 ba\u011flayal\u0131m, halk kar\u015f\u0131s\u0131nda itibar yitirsin. Bak bir projeye ba\u015flad\u0131 bitiremedi&#8217; densin. B\u00fct\u00fcn mesele o&#8221; ifadelerini kulland\u0131.<br \/>\n&#8220;T\u00fcrkiye normalle\u015fsin; her birim hizmetin \u00e7arp\u0131 3, \u00e7arp\u0131 4 kat\u0131n\u0131 yapaca\u011f\u0131m\u0131 iddia ediyorum&#8221;<br \/>\n4 y\u0131ll\u0131k g\u00f6rev s\u00fcresince B\u00fcy\u00fck\u015fehir Belediyesi&#8217;ne g\u00fc\u00e7l\u00fc bir mali tablo kazand\u0131rd\u0131klar\u0131n\u0131 belirten Se\u00e7er, \u00fclkede yap\u0131lacak genel se\u00e7imlere dikkat \u00e7ekerek, &#8220;Ondan sonra herhalde T\u00fcrkiye&#8217;de her \u015fey de\u011fi\u015fecek. Biz de rahatlayaca\u011f\u0131z. S\u00fcratle bu krediler de gelecek, imzalar da gelecek, engellemeler de ortadan kalkacak. Bug\u00fcn emin olun, bak bunu \u00e7ok iddial\u0131 s\u00f6yl\u00fcyorum; 4 y\u0131ld\u0131r Belediye Ba\u015fkan\u0131&#8217;y\u0131m. T\u00fcrkiye normalle\u015fsin; Mersin&#8217;e yapt\u0131\u011f\u0131m her birim hizmetin \u00e7arp\u0131 3, \u00e7arp\u0131 4 kat\u0131n\u0131 yapaca\u011f\u0131m\u0131 iddia ediyorum&#8221; dedi.<br \/>\n&#8220;Daha \u00f6nce kendilerinin y\u00f6netiminde olan bu belediyeler kendileri i\u00e7in \u00e7ok \u00f6nemli g\u00fc\u00e7 kaynaklar\u0131yd\u0131, partileri i\u00e7in \u00f6nemli mevzilerdi&#8221;<br \/>\nSon olarak ise Gazeteci \u0130lker Karag\u00f6z&#8217;\u00fcn sorusu \u00fczerine yerel y\u00f6netimlerle ilgili bir mesaj veren Ba\u015fkan Se\u00e7er, &#8220;Bug\u00fcn Mersin&#8217;de bize kar\u015f\u0131 baz\u0131 i\u015fte engellemeler oluyor ya da bizimle ilgili baz\u0131 hukuk d\u0131\u015f\u0131 i\u015fte operasyonlar yap\u0131ld\u0131, su\u00e7lamalar yap\u0131ld\u0131. Bir\u00e7ok alg\u0131 y\u00f6netimleri yap\u0131ld\u0131. Tamamen mesele \u015fudur; belediyeler son derece iyi \u00e7al\u0131\u015f\u0131yor, belediye ba\u015fkanlar\u0131n\u0131n halk indinde itibar\u0131 hat safhadad\u0131r. Daha \u00f6nce kendilerinin y\u00f6netiminde olan bu belediyeler kendileri i\u00e7in \u00e7ok \u00f6nemli g\u00fc\u00e7 kaynaklar\u0131yd\u0131, partileri i\u00e7in \u00f6nemli mevzilerdi. Bunlar\u0131 kaybetmenin s\u0131k\u0131nt\u0131s\u0131n\u0131, ac\u0131s\u0131n\u0131 ya\u015f\u0131yorlar. Tamamen bundan kaynaklanan refleksle bug\u00fcn belediyelerle, belediye ba\u015fkanlar\u0131 ile u\u011fra\u015f\u0131l\u0131yor&#8221; diye konu\u015ftu.<br \/>\n&#8220;Yeter, s\u00f6z milletindir&#8221;<br \/>\nGazeteci Karag\u00f6z&#8217;\u00fcn se\u00e7im tarihi \u00fczerine y\u00f6neltti\u011fi sorular\u0131 de\u011ferlendiren Se\u00e7er, bir se\u00e7im sath-\u0131 mailinde olundu\u011funu belirtti. &#8220;Hani d\u00fcn Say\u0131n Cumhurba\u015fkan\u0131, 14 May\u0131s&#8217;\u0131 ilan ederken; &#8216;Yeter, s\u00f6z de karar da milletin&#8217; dedi ya; \u00e7ok kat\u0131l\u0131yorum&#8221; diyen Ba\u015fkan Se\u00e7er, &#8220;Zaten biz de onu s\u00f6yl\u00fcyoruz. Yeter, s\u00f6z milletindir. Devletin kaderi, toplumun gelece\u011fi bir ki\u015finin a\u011fz\u0131ndan \u00e7\u0131kacak s\u00f6zlerle belirlenmemeli. \u0130\u015fte ben parlamentodan \u00e7\u0131km\u0131\u015f, Belediye Ba\u015fkan\u0131 olmu\u015f bir siyaset\u00e7iyim. Parlamenter sistem mi halk\u0131n iradesini yans\u0131t\u0131yor, yoksa \u015fu anki d\u00fcnyada daha ad\u0131, benzeri duyulmam\u0131\u015f sistem olan Ba\u015fkanl\u0131k Sistemi mi halk\u0131n iradesini yans\u0131t\u0131yor? T\u00fcrkiye&#8217;nin s\u00fcratle normal, yani hani &#8216;fabrika ayarlar\u0131&#8217; dedi\u011fimiz d\u00fczenine d\u00f6nmesi laz\u0131m devlet y\u00f6netimi olarak&#8221; dedi.<br \/>\n&#8220;G\u00f6nl\u00fcmdeki aday, do\u011fal olarak partimin Genel Ba\u015fkan\u0131&#8217;d\u0131r&#8221;<br \/>\nCumhurba\u015fkanl\u0131\u011f\u0131 i\u00e7in &#8220;Sizin g\u00f6nl\u00fcn\u00fczden ge\u00e7en isim kim?&#8221; sorusuna da Ba\u015fkan Se\u00e7er \u015fu yan\u0131t\u0131 verdi:<br \/>\n&#8220;Ben, Cumhuriyet Halk Partisi&#8217;nin Belediye Ba\u015fkan\u0131y\u0131m. Do\u011fal olarak elbette ki partimin Genel Ba\u015fkan\u0131&#8217;d\u0131r. Bundan do\u011fal bir \u015fey olamaz ama bu yan\u0131t, sonu\u00e7 itibariyle ba\u011flay\u0131c\u0131 bir yan\u0131t de\u011fil. Son karar\u0131 Say\u0131n K\u0131l\u0131\u00e7daro\u011flu ve d\u00e2hili oldu\u011fu 6 masa verecek. 6&#8217;l\u0131 masa verecek, Say\u0131n K\u0131l\u0131\u00e7daro\u011flu da partisine &#8216;Aday\u0131m\u0131z \u015fu. Hadi bakal\u0131m, Vira Bismillah&#8221; diyecek. Biz onun s\u00f6ylediklerine bakmak durumunday\u0131z.&#8221;<br \/>\n&#8220;E\u011fitime yap\u0131lan her \u015fey \u00e7ok de\u011ferli ve \u00f6nemli&#8221;<br \/>\nProf. Dr. Sel\u00e7uk \u015eirin \u00f6nc\u00fcl\u00fc\u011f\u00fcnde &#8220;1 milyon \u00e7ocu\u011fun ilk kitapl\u0131\u011f\u0131n\u0131 birlikte kuruyoruz&#8221; mottosuyla ger\u00e7ekle\u015ftirilen ve B\u00fcy\u00fck\u015fehir&#8217;in de destek sundu\u011fu &#8216;1 Milyon Kitap Destek Gecesi&#8217; hakk\u0131nda da g\u00f6r\u00fc\u015flerini payla\u015fan Ba\u015fkan Se\u00e7er, &#8220;Sel\u00e7uk Hocam\u0131n bu projesini duydu\u011fumda katk\u0131 yapm\u0131\u015ft\u0131m. Bu kitaplar\u0131 biz kendi belediyemizin projelerinde de kullan\u0131yoruz. &#8216;Hamile s\u00fct\u00fc&#8217; uygulamam\u0131z var. Hamile kad\u0131nlara gebelik d\u00f6neminde s\u00fct veriliyor. Son s\u00fct teslim edilirken, do\u011facak bebe\u011fin ihtiya\u00e7lar\u0131n\u0131 i\u00e7eren bir paket veriliyor ve bu kitaplar da i\u00e7inde oluyor. \u00c7\u00fcnk\u00fc 0-3 ya\u015f \u00e7ocu\u011fun geli\u015fiminde \u00f6nemli. Onun iyi o ya\u015f skalas\u0131n\u0131 iyi ge\u00e7irmesi gerekiyor. Bizim de b\u00f6yle bir katk\u0131m\u0131z oluyor. De\u011ferli bir proje. E\u011fitime yap\u0131lan her \u015fey \u00e7ok de\u011ferli ve \u00f6nemli&#8221; dedi.<br \/>\n&#8220;Mersin, T\u00fcrkiye&#8217;de yabanc\u0131lar\u0131n en \u00e7ok konut ald\u0131\u011f\u0131 ilk 3 ilden bir tanesi&#8221;<br \/>\nMersin&#8217;in g\u00f6\u00e7lerle kurulmu\u015f bir kent oldu\u011funu da belirten Ba\u015fkan Se\u00e7er, Mersin&#8217;de kay\u0131tl\u0131 250 bin ve kay\u0131t d\u0131\u015f\u0131 n\u00fcfusla birlikte toplam 400 bin Suriyelilerin bulundu\u011funu an\u0131msatarak, &#8220;Rus ya da Ukrayna uyruklu insanlar da gelip yerle\u015fiyor. Mersin, T\u00fcrkiye&#8217;de yabanc\u0131lar\u0131n en \u00e7ok konut ald\u0131\u011f\u0131 ilk 3 ilden bir tanesi&#8221; diye konu\u015ftu.<\/p>\n","protected":false},"excerpt":{"rendered":"<p>Mersin B\u00fcy\u00fck\u015fehir Belediye Ba\u015fkan\u0131 Vahap Se\u00e7er, FOX TV ekranlar\u0131ndan yay\u0131nlanan gazeteci \u0130lker Karag\u00f6z&#8217;\u00fcn haz\u0131rlay\u0131p sundu\u011fu &#8220;\u00c7alar Saat&#8221; program\u0131n\u0131n konu\u011fu oldu. Gazeteci Karag\u00f6z&#8217;\u00fcn sorular\u0131n\u0131 yan\u0131tlayan Ba\u015fkan Se\u00e7er; 2023 y\u0131l\u0131nda yap\u0131lacak olan &hellip; <a href=\"https:\/\/akdenizolaygazetesi.com\/?p=23627\" class=\"more-link\">Devam\u0131n\u0131 Oku&#8230;<\/a><\/p>\n","protected":false},"author":2,"featured_media":23628,"comment_status":"open","ping_status":"open","sticky":false,"template":"","format":"standard","meta":[],"categories":[2,3,5],"tags":[],"_links":{"self":[{"href":"https:\/\/akdenizolaygazetesi.com\/index.php?rest_route=\/wp\/v2\/posts\/23627"}],"collection":[{"href":"https:\/\/akdenizolaygazetesi.com\/index.php?rest_route=\/wp\/v2\/posts"}],"about":[{"href":"https:\/\/akdenizolaygazetesi.com\/index.php?rest_route=\/wp\/v2\/types\/post"}],"author":[{"embeddable":true,"href":"https:\/\/akdenizolaygazetesi.com\/index.php?rest_route=\/wp\/v2\/users\/2"}],"replies":[{"embeddable":true,"href":"https:\/\/akdenizolaygazetesi.com\/index.php?rest_route=%2Fwp%2Fv2%2Fcomments&post=23627"}],"version-history":[{"count":1,"href":"https:\/\/akdenizolaygazetesi.com\/index.php?rest_route=\/wp\/v2\/posts\/23627\/revisions"}],"predecessor-version":[{"id":23629,"href":"https:\/\/akdenizolaygazetesi.com\/index.php?rest_route=\/wp\/v2\/posts\/23627\/revisions\/23629"}],"wp:featuredmedia":[{"embeddable":true,"href":"https:\/\/akdenizolaygazetesi.com\/index.php?rest_route=\/wp\/v2\/media\/23628"}],"wp:attachment":[{"href":"https:\/\/akdenizolaygazetesi.com\/index.php?rest_route=%2Fwp%2Fv2%2Fmedia&parent=23627"}],"wp:term":[{"taxonomy":"category","embeddable":true,"href":"https:\/\/akdenizolaygazetesi.com\/index.php?rest_route=%2Fwp%2Fv2%2Fcategories&post=23627"},{"taxonomy":"post_tag","embeddable":true,"href":"https:\/\/akdenizolaygazetesi.com\/index.php?rest_route=%2Fwp%2Fv2%2Ftags&post=23627"}],"curies":[{"name":"wp","href":"https:\/\/api.w.org\/{rel}","templated":true}]}}