{"id":23630,"date":"2023-01-19T13:18:18","date_gmt":"2023-01-19T10:18:18","guid":{"rendered":"http:\/\/akdenizolaygazetesi.com\/?p=23630"},"modified":"2023-01-19T13:18:18","modified_gmt":"2023-01-19T10:18:18","slug":"akdeniz-belediyesi-homurluda-11-donumluk-araziye-deneme-amacli-ekim-yapti","status":"publish","type":"post","link":"https:\/\/akdenizolaygazetesi.com\/?p=23630","title":{"rendered":"Akdeniz Belediyesi, Homurlu\u2019da 11 d\u00f6n\u00fcml\u00fck araziye deneme ama\u00e7l\u0131 ekim yapt\u0131"},"content":{"rendered":"<p>Atal\u0131k Karak\u0131l\u00e7\u0131k Bu\u011fday\u0131 tohumlar\u0131n\u0131n toprakla bulu\u015fturuldu\u011fu tarlay\u0131 gezen Ba\u015fkan G\u00fcltak; \u201cAtal\u0131k Karak\u0131l\u00e7\u0131k tohumlar\u0131m\u0131z boy verdi ve May\u0131s ay\u0131 i\u00e7inde hasad\u0131n\u0131 yapaca\u011f\u0131z. Bu \u00fcretimimizle birlikte \u00e7ift\u00e7ilerimizin tamamen organik olan Atal\u0131k Karak\u0131l\u00e7\u0131k Bu\u011fday\u0131na d\u00f6nmesini sa\u011flayaca\u011f\u0131z\u201d dedi.<br \/>\n\u015eeker Otu (Stevia), Moringa, \u015eevketi Bostan ve Maralfalfa \u00fcretimiyle ata\u011fa ge\u00e7en Akdeniz Belediyesi, belediye ve kamuya ait at\u0131l haldeki arazileri tar\u0131ma kazand\u0131rmaya devam ediyor. Tar\u0131msal Hizmetler M\u00fcd\u00fcrl\u00fc\u011f\u00fc, son olarak atal\u0131k tohum olarak bilinen Karak\u0131l\u00e7\u0131k bu\u011fday tohumunu, deneme ama\u00e7l\u0131 olarak Homurlu b\u00f6lgesinde (Yenita\u015fkent Mahallesi) toprakla bulu\u015fturdu.<br \/>\nHasat May\u0131s ay\u0131nda\u2026<br \/>\nTarlada incelemelerde bulunan Akdeniz Belediye Ba\u015fkan\u0131 M. Mustafa G\u00fcltak at\u0131l halde bulunan arazinin Milli Emlak\u2019tan tahsisini yapt\u0131klar\u0131n\u0131 belirtti; \u201cTar\u0131msal Hizmetler M\u00fcd\u00fcrl\u00fc\u011f\u00fcm\u00fcz ile birlikte atal\u0131k tohumu karak\u0131l\u00e7\u0131k bu\u011fday\u0131n\u0131n deneme \u00fcretimini yap\u0131yoruz. Tohumlar\u0131m\u0131z boy verdi ve May\u0131s ay\u0131 i\u00e7inde de in\u015fallah hasad\u0131n\u0131 yapaca\u011f\u0131z. Akdeniz il\u00e7emizde ve kentimizde tar\u0131msal \u00fcretime ve \u00fcreticilerimize destek veriyoruz\u201d diye konu\u015ftu.<br \/>\n\u201c\u00c7ift\u00e7ilerimizin ata tohumu karak\u0131l\u00e7\u0131k bu\u011fday\u0131na d\u00f6nmesini sa\u011flayaca\u011f\u0131z\u201d<br \/>\nBa\u015fkan G\u00fcltak, Karak\u0131l\u00e7\u0131k bu\u011fday\u0131 tohumun tamamen organik oldu\u011funun da alt\u0131n\u0131 \u00e7izerek; \u201cTohumumuz 10 bin y\u0131ll\u0131k yerli ata tohumu&#8230; Buradan bekledi\u011fimiz verimi elde etti\u011fimiz takdirde, k\u00f6yl\u00fclerimizle, tar\u0131mla u\u011fra\u015fan \u00e7ift\u00e7ilerimizle de payla\u015farak \u00fcreticilerimizin ata tohumuna d\u00f6nmesini sa\u011flayaca\u011f\u0131z. \u00c7\u00fcnk\u00fc 10 bin y\u0131ll\u0131k tohumun \u00e7o\u011falt\u0131lm\u0131\u015f versiyonu olacak. Kendi k\u00fclt\u00fcr\u00fcm\u00fcze, kendi tohumumuza sahip \u00e7\u0131kmam\u0131z gerekiyor. Bu at\u0131l tarlay\u0131 ald\u0131k ve ektik. \u0130n\u015fallah 3 ay i\u00e7inde de hasad\u0131n\u0131 yapaca\u011f\u0131z\u201d \u015feklinde konu\u015ftu.<br \/>\nAlternatif yem bitkisi Maralfalfa da \u00fcretiliyor<br \/>\nBesi sekt\u00f6r\u00fcnde yem (silaj) olarak Maralfalfa bitkisi \u00fcretimine de de\u011finen Ba\u015fkan G\u00fcltak, \u201cMaralfalfa; besin de\u011feri y\u00fcksek bir bitki. Ama b\u00f6lgemizde pek bilinmiyor. Bu bitkinin fark\u0131; y\u0131lda 2 hatta 3 kez hasad\u0131 yap\u0131labiliyor olmas\u0131. Onun da 3 ay i\u00e7inde hasad\u0131n\u0131 yapm\u0131\u015f olaca\u011f\u0131z. Besicilik noktas\u0131nda, s\u00fct hayvanc\u0131l\u0131\u011f\u0131nda \u00f6nemli bir besin. Bunun da deneme \u00fcretimini tamamlad\u0131ktan sonra uygun verileri elde etmemiz halinde bo\u015f arazilerimizi bu \u015fekilde de\u011ferlendirece\u011fiz. Besicilik yapan vatanda\u015flar\u0131m\u0131za bu tohumlar\u0131 vererek onlar\u0131n da \u00fcretime y\u00f6nelmelerini sa\u011flayaca\u011f\u0131z\u201d diye konu\u015ftu.<br \/>\n\u201cKad\u0131n kooperatiflerimizi de \u00fcretime kat\u0131yoruz\u201d<br \/>\n\u201cAkdeniz Belediyesi olarak, tar\u0131mda ba\u015flatt\u0131\u011f\u0131m\u0131z atakla hem tar\u0131m sekt\u00f6r\u00fcnde faaliyet g\u00f6steren vatanda\u015flar\u0131m\u0131za hem de b\u00f6lgemize hizmet ediyoruz\u201d diyen Ba\u015fkan Mustafa G\u00fcltak, \u201cAyr\u0131ca uzun y\u0131llar bo\u015f kalm\u0131\u015f, i\u015flenmemi\u015f veya ka\u00e7ak \u015fekilde kullan\u0131lan arazilerimizi de\u011ferlendiriyoruz. Kad\u0131n kooperatiflerimizi de i\u015fin i\u00e7ine katarak kad\u0131nlar\u0131 \u00fcretime kazand\u0131r\u0131yor, aile b\u00fct\u00e7elerine ciddi katk\u0131 sunmalar\u0131n\u0131 sa\u011fl\u0131yoruz\u201d ifadelerini kulland\u0131. <\/p>\n","protected":false},"excerpt":{"rendered":"<p>Atal\u0131k Karak\u0131l\u00e7\u0131k Bu\u011fday\u0131 tohumlar\u0131n\u0131n toprakla bulu\u015fturuldu\u011fu tarlay\u0131 gezen Ba\u015fkan G\u00fcltak; \u201cAtal\u0131k Karak\u0131l\u00e7\u0131k tohumlar\u0131m\u0131z boy verdi ve May\u0131s ay\u0131 i\u00e7inde hasad\u0131n\u0131 yapaca\u011f\u0131z. Bu \u00fcretimimizle birlikte \u00e7ift\u00e7ilerimizin tamamen organik olan Atal\u0131k Karak\u0131l\u00e7\u0131k &hellip; <a href=\"https:\/\/akdenizolaygazetesi.com\/?p=23630\" class=\"more-link\">Devam\u0131n\u0131 Oku&#8230;<\/a><\/p>\n","protected":false},"author":2,"featured_media":23631,"comment_status":"open","ping_status":"open","sticky":false,"template":"","format":"standard","meta":[],"categories":[8,2,3,5],"tags":[],"_links":{"self":[{"href":"https:\/\/akdenizolaygazetesi.com\/index.php?rest_route=\/wp\/v2\/posts\/23630"}],"collection":[{"href":"https:\/\/akdenizolaygazetesi.com\/index.php?rest_route=\/wp\/v2\/posts"}],"about":[{"href":"https:\/\/akdenizolaygazetesi.com\/index.php?rest_route=\/wp\/v2\/types\/post"}],"author":[{"embeddable":true,"href":"https:\/\/akdenizolaygazetesi.com\/index.php?rest_route=\/wp\/v2\/users\/2"}],"replies":[{"embeddable":true,"href":"https:\/\/akdenizolaygazetesi.com\/index.php?rest_route=%2Fwp%2Fv2%2Fcomments&post=23630"}],"version-history":[{"count":1,"href":"https:\/\/akdenizolaygazetesi.com\/index.php?rest_route=\/wp\/v2\/posts\/23630\/revisions"}],"predecessor-version":[{"id":23632,"href":"https:\/\/akdenizolaygazetesi.com\/index.php?rest_route=\/wp\/v2\/posts\/23630\/revisions\/23632"}],"wp:featuredmedia":[{"embeddable":true,"href":"https:\/\/akdenizolaygazetesi.com\/index.php?rest_route=\/wp\/v2\/media\/23631"}],"wp:attachment":[{"href":"https:\/\/akdenizolaygazetesi.com\/index.php?rest_route=%2Fwp%2Fv2%2Fmedia&parent=23630"}],"wp:term":[{"taxonomy":"category","embeddable":true,"href":"https:\/\/akdenizolaygazetesi.com\/index.php?rest_route=%2Fwp%2Fv2%2Fcategories&post=23630"},{"taxonomy":"post_tag","embeddable":true,"href":"https:\/\/akdenizolaygazetesi.com\/index.php?rest_route=%2Fwp%2Fv2%2Ftags&post=23630"}],"curies":[{"name":"wp","href":"https:\/\/api.w.org\/{rel}","templated":true}]}}