{"id":23633,"date":"2023-01-20T13:33:07","date_gmt":"2023-01-20T10:33:07","guid":{"rendered":"http:\/\/akdenizolaygazetesi.com\/?p=23633"},"modified":"2023-01-20T13:33:07","modified_gmt":"2023-01-20T10:33:07","slug":"baskan-abdullah-ozyigit-gokcebelende-vatandaslarla-bulustu","status":"publish","type":"post","link":"https:\/\/akdenizolaygazetesi.com\/?p=23633","title":{"rendered":"Ba\u015fkan Abdullah \u00d6zyi\u011fit, G\u00f6k\u00e7ebelen\u2019de vatanda\u015flarla bulu\u015ftu"},"content":{"rendered":"<p>Mersin Yeni\u015fehir Belediye Ba\u015fkan\u0131 Abdullah \u00d6zyi\u011fit, G\u00f6k\u00e7ebelen Mahallesi\u2019nde vatanda\u015flarla bir araya geldi, talep ve \u00f6nerilerini yerinde dinledi. Ba\u015fkan \u00d6zyi\u011fit, \u201cG\u00fczel Yeni\u015fehir i\u00e7in hep beraber m\u00fccadele edece\u011fiz bizim g\u00f6revimiz size sorarak, taleplerinizi alarak i\u015f yapmak. Tabi kendi vizyonumuzu katarak, kentimizi nereye ta\u015f\u0131yaca\u011f\u0131m\u0131za birlikte karar veriyoruz.\u201d dedi.<br \/>\nHizmetlerinde daima kat\u0131l\u0131mc\u0131l\u0131k ve ortak ak\u0131l vurgusu yapan Yeni\u015fehir Belediye Ba\u015fkan\u0131 Abdullah \u00d6zyi\u011fit, mahalle ve esnaf ziyaretlerine devam ediyor. Ge\u00e7ti\u011fimiz hafta k\u0131rsal mahalle \u00c7avak\u2019ta vatanda\u015flarla bir araya gelen Ba\u015fkan \u00d6zyi\u011fit, bu hafta G\u00f6k\u00e7ebelen\u2019de mahalleliyle bulu\u015ftu. Ba\u015fkan Abdullah \u00d6zyi\u011fit, hem hayata ge\u00e7irdikleri projeler hakk\u0131nda vatanda\u015flara bilgi verdi hem de talep ve \u00f6nerilerini dinledi. Ba\u015fkan \u00d6zyi\u011fit, \u201cG\u00f6reve ilk geldi\u011fimizde mahalle toplant\u0131lar\u0131 d\u00fczenledik, k\u00fcrs\u00fcler kurduk. Vatanda\u015flar\u0131m\u0131z\u0131n taleplerini \u00f6nerilerini ald\u0131k. \u015eimdi tekrar mahallelerimizi gezece\u011fiz. O s\u00fcre\u00e7te talepleriniz bunlard\u0131, biz de \u015fu i\u015fleri yapt\u0131k, \u015fimdi neler yapabiliriz diye konu\u015faca\u011f\u0131z. G\u00fczel Yeni\u015fehir i\u00e7in hep beraber m\u00fccadele edece\u011fiz bizim g\u00f6revimiz size sorarak, taleplerinizi alarak i\u015f yapmak. Tabi kendi vizyonumuzu katarak, kentimizi nereye ta\u015f\u0131yaca\u011f\u0131m\u0131za birlikte karar veriyoruz. Ataca\u011f\u0131m\u0131z ad\u0131mlar\u0131 B\u00fcy\u00fck\u015fehir ve il\u00e7e belediyesi olarak karar vermemiz gerekiyor. \u0130\u015fin k\u00f6k\u00fcnde de imar planlar\u0131 var. \u0130mars\u0131z yap\u0131la\u015fm\u0131\u015f yerlerde i\u015fimiz on kat daha zor. \u0130mar geldikten sonra i\u015fimiz daha kolay olacak.\u201ddedi.<br \/>\n\u201c\u00dcretim yapmak isteyen vatanda\u015flar\u0131m\u0131za destek veriyoruz\u201d<br \/>\nK\u0131rsal mahallelerde hayata ge\u00e7irdikleri tar\u0131msal \u00e7al\u0131\u015fmalar hakk\u0131nda bilgi veren Ba\u015fkan \u00d6zyi\u011fit, \u201cG\u00f6reve geldikten sonra Yeni\u015fehir Tar\u0131msal Kalk\u0131nma Kooperatifini kurduk. Kooperatifin bir tesisini \u015fimdi \u00c7avak\u2019ta yap\u0131yoruz. \u00c7avak\u2019ta yafa portakal\u0131 yeti\u015fiyor, o portakaldan re\u00e7el yap\u0131yoruz ve bu re\u00e7eli t\u00fcm T\u00fcrkiye\u2019ye ve d\u00fcnyaya satmak istiyoruz.  Orada yapt\u0131\u011f\u0131m\u0131z tesiste belki de 10 vatanda\u015f\u0131m\u0131z\u0131 istihdam edece\u011fiz. Bunlar k\u0131ymetli i\u015fler. De\u011firmen\u00e7ay\u2019da zeytinya\u011f\u0131 \u00fcretimi yap\u0131yoruz. \u00c7ok tar\u0131m arazimiz yok ama az alanda y\u00fcksek verimli \u00fcr\u00fcnler yeti\u015ftirmek i\u00e7in \u00e7al\u0131\u015f\u0131yoruz. De\u011firmen\u00e7ay\u2019da ayn\u0131 zamanda safran \u00fcretimi yapt\u0131k. Safran d\u00fcnyan\u0131n en pahal\u0131 baharat\u0131, hasad\u0131 hafif me\u015fakkatli ama \u00fcreticinin y\u0131lda bir ay\u0131n\u0131 al\u0131yor. Bu y\u0131l bir d\u00f6n\u00fcmden 800 gram safran elde edildi. \u00c7orak toprakta ve 400 rak\u0131mda yeti\u015fiyor. Su istemiyor, \u00e7o\u011funlukla ya\u011fmursuyu yetiyor.\u00c7ok kurak olursa ta\u015f\u0131ma su bile sorunu \u00e7\u00f6z\u00fcyor. G\u00f6rd\u00fck ki safran burada yeti\u015fti. Bunu kimse bilmiyordu daha \u00f6nce \u00e7\u00fcnk\u00fc denenmemi\u015fti. Biz ne yapt\u0131k Tar\u0131m \u0130l\u00e7e M\u00fcd\u00fcrl\u00fc\u011f\u00fc ile bir proje yapt\u0131k, bu bitkinin yeti\u015fti\u011fini g\u00f6rd\u00fck. Yeti\u015ftirilen safran\u0131n so\u011fanlar\u0131 \u00fc\u00e7\u00fcnc\u00fc y\u0131l\u0131nda ekilen tohumun d\u00f6rt kat\u0131 kadar so\u011fan \u00e7\u0131k\u0131yor. O so\u011fanlar bile ciddi gelir getiriyor. Burada \u00fcretim yapmak isteyen vatanda\u015flar\u0131m\u0131za destek veriyoruz.\u201d diye konu\u015ftu.<br \/>\n\u201cD\u00fcnyan\u0131n en g\u00fczel bal\u0131n\u0131 \u00fcretece\u011fiz\u201d<br \/>\nDe\u011firmen\u00e7ay\u2019da yapacaklar\u0131 Ar\u0131 Meras\u0131 ile ilgili konu\u015fan Ba\u015fkan Abdullah \u00d6zyi\u011fit \u015funlar\u0131 s\u00f6yledi: \u201cKarahac\u0131l\u0131\u2019da nar ek\u015fisi \u00fcrettik, \u00e7ok g\u00fczel bir nar eki\u015fi elde ettik. G\u00f6\u00e7men\u2019de yapt\u0131\u011f\u0131m\u0131z Bal\u0131k Pazar\u0131m\u0131zda, Kooperatifimizin sat\u0131\u015f noktas\u0131 var orada \u00fcr\u00fcnlerimiz vatanda\u015fla bulu\u015fuyor. Kaliteli ve g\u00fcvenilir \u00e7\u00fcnk\u00fc biz yap\u0131yoruz. Mu\u011fdat Camii yan\u0131nda da bir yer yap\u0131yoruz, orada \u00fcr\u00fcnler \u00fcreticiden t\u00fcketiciye direkt ula\u015facak. Kocahamzal\u0131\u2019da ayr\u0131 bir yer, De\u011firmen\u00e7ay\u2019da ise Ar\u0131 Meras\u0131 yap\u0131yoruz. Y\u0131l\u0131n 11 ay\u0131nda \u00e7i\u00e7ek verecek bitkileri ve a\u011fa\u00e7lar\u0131 oraya dikece\u011fiz. \u2018Benim i\u015fim g\u00fcc\u00fcm yok ne yapay\u0131m\u2019 demek yerine ar\u0131c\u0131l\u0131k sertifikas\u0131 alabilirsiniz. Bu ortam\u0131 haz\u0131rl\u0131yoruz. Bir iki ayda haz\u0131r olacak. \u2018Kovan\u0131n\u0131 koy, d\u00fcnyan\u0131n en g\u00fczel bal\u0131n\u0131 elde et\u2019 diyece\u011fiz. Neden en g\u00fczel bal\u0131, E\u011fri\u00e7ay\u0131r bal\u0131 ile ayn\u0131 co\u011frafya biz ondan da daha iyisini yapaca\u011f\u0131z. Biz burada bilimsel bir \u00e7al\u0131\u015fma yap\u0131yoruz.   Bu bal\u0131n d\u00fcnyan\u0131n en iyi bal\u0131 olmas\u0131 i\u00e7in bir sebep yok. 600 d\u00f6n\u00fcml\u00fck bir alandan s\u00f6z ediyoruz, b\u00fcy\u00fck bir vadi.  Burada ar\u0131c\u0131l\u0131k sertifikas\u0131 alarak, oraya 50 kovanda sizler koyabilirsiniz. Biz orada kontenjan a\u00e7aca\u011f\u0131z. \u0130steyen vatanda\u015flar\u0131m\u0131z\u0131n yararlanmas\u0131n\u0131 sa\u011flayaca\u011f\u0131z.\u201d<br \/>\nMuhtar \u015eahin I\u015f\u0131k, \u2018Mahalle toplant\u0131lar\u0131 yapmak  cesaret ister\u2019<br \/>\nDe\u011firmen\u00e7ay Mahalle Muhtar\u0131 \u015eahin I\u015f\u0131k toplant\u0131da yapt\u0131\u011f\u0131 konu\u015fmada \u201cHer belediye ba\u015fkan\u0131 ilk sene veya di\u011fer senelerde gelip mahalle toplant\u0131lar\u0131 yapmaz, bu cesaret ister. Yani vatanda\u015f\u0131n istek ve taleplerini yerine getirebilir miyim, getiremez miyim. \u015eimdi Abdullah Ba\u015fkan\u0131m\u0131z, Yeni\u015fehir Belediye Ba\u015fkan\u0131 se\u00e7ildikten sonra birinci y\u0131l dahil olmak \u00fczere her mahallede toplant\u0131lar yapt\u0131, \u2018Vatanda\u015flar\u0131n istekleri nedir? Ne yapabiliriz?\u2019 diye sordu. Taleplerin y\u00fczde y\u00fcz\u00fcn\u00fc belki \u015fuan yapamad\u0131k ama belki y\u00fczde 90\u2019n\u0131na ula\u015ft\u0131k. O konuda vatanda\u015flar\u0131m\u0131z ad\u0131na te\u015fekk\u00fcr ediyoruz.\u201d ifadelerini kulland\u0131. <\/p>\n","protected":false},"excerpt":{"rendered":"<p>Mersin Yeni\u015fehir Belediye Ba\u015fkan\u0131 Abdullah \u00d6zyi\u011fit, G\u00f6k\u00e7ebelen Mahallesi\u2019nde vatanda\u015flarla bir araya geldi, talep ve \u00f6nerilerini yerinde dinledi. Ba\u015fkan \u00d6zyi\u011fit, \u201cG\u00fczel Yeni\u015fehir i\u00e7in hep beraber m\u00fccadele edece\u011fiz bizim g\u00f6revimiz size sorarak, &hellip; <a href=\"https:\/\/akdenizolaygazetesi.com\/?p=23633\" class=\"more-link\">Devam\u0131n\u0131 Oku&#8230;<\/a><\/p>\n","protected":false},"author":2,"featured_media":23634,"comment_status":"open","ping_status":"open","sticky":false,"template":"","format":"standard","meta":[],"categories":[2,3,5],"tags":[],"_links":{"self":[{"href":"https:\/\/akdenizolaygazetesi.com\/index.php?rest_route=\/wp\/v2\/posts\/23633"}],"collection":[{"href":"https:\/\/akdenizolaygazetesi.com\/index.php?rest_route=\/wp\/v2\/posts"}],"about":[{"href":"https:\/\/akdenizolaygazetesi.com\/index.php?rest_route=\/wp\/v2\/types\/post"}],"author":[{"embeddable":true,"href":"https:\/\/akdenizolaygazetesi.com\/index.php?rest_route=\/wp\/v2\/users\/2"}],"replies":[{"embeddable":true,"href":"https:\/\/akdenizolaygazetesi.com\/index.php?rest_route=%2Fwp%2Fv2%2Fcomments&post=23633"}],"version-history":[{"count":1,"href":"https:\/\/akdenizolaygazetesi.com\/index.php?rest_route=\/wp\/v2\/posts\/23633\/revisions"}],"predecessor-version":[{"id":23635,"href":"https:\/\/akdenizolaygazetesi.com\/index.php?rest_route=\/wp\/v2\/posts\/23633\/revisions\/23635"}],"wp:featuredmedia":[{"embeddable":true,"href":"https:\/\/akdenizolaygazetesi.com\/index.php?rest_route=\/wp\/v2\/media\/23634"}],"wp:attachment":[{"href":"https:\/\/akdenizolaygazetesi.com\/index.php?rest_route=%2Fwp%2Fv2%2Fmedia&parent=23633"}],"wp:term":[{"taxonomy":"category","embeddable":true,"href":"https:\/\/akdenizolaygazetesi.com\/index.php?rest_route=%2Fwp%2Fv2%2Fcategories&post=23633"},{"taxonomy":"post_tag","embeddable":true,"href":"https:\/\/akdenizolaygazetesi.com\/index.php?rest_route=%2Fwp%2Fv2%2Ftags&post=23633"}],"curies":[{"name":"wp","href":"https:\/\/api.w.org\/{rel}","templated":true}]}}