{"id":23636,"date":"2023-01-20T13:34:36","date_gmt":"2023-01-20T10:34:36","guid":{"rendered":"http:\/\/akdenizolaygazetesi.com\/?p=23636"},"modified":"2023-01-20T13:34:36","modified_gmt":"2023-01-20T10:34:36","slug":"buyuksehir-belediyesi-rehberlik-hizmetleriyle-de-egitime-destegini-surduruyor","status":"publish","type":"post","link":"https:\/\/akdenizolaygazetesi.com\/?p=23636","title":{"rendered":"B\u00dcY\u00dcK\u015eEH\u0130R BELED\u0130YES\u0130, REHBERL\u0130K H\u0130ZMETLER\u0130YLE DE E\u011e\u0130T\u0130ME DESTE\u011e\u0130N\u0130 S\u00dcRD\u00dcR\u00dcYOR"},"content":{"rendered":"<p>Mersin B\u00fcy\u00fck\u015fehir Belediyesi&#8217;nin kentin d\u00f6rt bir noktas\u0131nda e\u011fitime destek \u00e7al\u0131\u015fmalar\u0131 t\u00fcm h\u0131z\u0131yla s\u00fcr\u00fcyor. Tarsus&#8217;a ba\u011fl\u0131 Yenice Mahallesi&#8217;nde hizmet veren ve \u00e7evrede bulunan di\u011fer mahallelerin de faydaland\u0131\u011f\u0131 B\u00fcy\u00fck\u015fehir Belediyesi Ya\u015far Baybo\u011fan E\u011fitim ve \u00d6\u011fretimi Destekleme Kurs Merkezi b\u00fcnyesinde ki Kad\u0131n ve \u00c7ocuk At\u00f6lyesi&#8217;nden faydalanan k\u00fc\u00e7\u00fck \u00e7ocuklar ile E\u011fitim ve \u00d6\u011fretimi Destekleme Kurs Merkezi&#8217;nden faydalanan 5., 6. ve 7. ara s\u0131n\u0131f \u00f6\u011frencilerinin ebeveynlerine y\u00f6nelik olarak bilgilendirme ve rehberlik \u00e7al\u0131\u015fmas\u0131 ger\u00e7ekle\u015ftirildi.<\/p>\n<p>Minik \u00e7ocuklar\u0131n ebeveynleri &#8220;payla\u015f\u0131m \u00e7emberinde&#8221; bulu\u015ftu<\/p>\n<p>B\u00fcy\u00fck\u015fehir Belediyesi Kad\u0131n ve Aile Hizmetleri Dairesi b\u00fcnyesindeki Ya\u015far Baybo\u011fan Kad\u0131n ve \u00c7ocuk At\u00f6lyesi&#8217;nden faydalanan miniklerin ebeveynlerine y\u00f6nelik &#8220;payla\u015f\u0131m \u00e7emberi&#8221; \u00e7al\u0131\u015fmas\u0131 uyguland\u0131. Kad\u0131n ve Aile Hizmetleri Dairesi E\u011fitim Koordinat\u00f6r\u00fc \u00d6zlem Tan\u0131\u015f\u0131k, Aile ve \u00c7ocuk \u015eube M\u00fcd\u00fcr Vekili Bircan Kumru ve e\u011fitmenler taraf\u0131ndan yerine getirilen \u00e7al\u0131\u015fmada, at\u00f6lyede uygulanan faaliyetler, ailelerin dikkat etmesi gereken hususlar anlat\u0131l\u0131p, B\u00fcy\u00fck\u015fehir Belediyesi&#8217;nin di\u011fer sosyal \u00e7al\u0131\u015fmalar\u0131yla ilgili olarak da bilgi sunumu yap\u0131ld\u0131.<\/p>\n<p>Ara s\u0131n\u0131f \u00f6\u011frenci velilerine y\u00f6nelik rehberlik hizmeti<\/p>\n<p>B\u00fcy\u00fck\u015fehir Belediyesi Sosyal Hizmetler Dairesi Ba\u015fkanl\u0131\u011f\u0131&#8217;na ba\u011fl\u0131 olan Ya\u015far Baybo\u011fan E\u011fitim ve \u00d6\u011fretimi Destekleme Kurs Merkezi&#8217;nden faydalanan ara s\u0131n\u0131f \u00f6\u011frenci velilerine y\u00f6nelik olarak da &#8220;Karde\u015f k\u0131skan\u00e7l\u0131\u011f\u0131 nedir, nas\u0131l geli\u015fir? \u00c7ocuklarda inat\u00e7\u0131l\u0131k ve ebeveyn tutumu&#8221; konular\u0131nda ayr\u0131nt\u0131l\u0131 bilgiler verildi.<\/p>\n<p>Rehber \u00d6\u011fretmen \u0130pek Ay \u0130lker taraf\u0131ndan ger\u00e7ekle\u015ftirilen sunuma E\u011fitim ve \u00d6\u011fretimi Destekleme Kurs Merkezi&#8217;nden faydalanan \u00f6\u011frencilerin velilerinin yan\u0131 s\u0131ra Kad\u0131n ve \u00c7ocuk At\u00f6lyesi&#8217;nden faydalanan miniklerin ebeveynleri de kat\u0131ld\u0131. Dinamik \u015fekilde ger\u00e7ekle\u015ftirilen rehberlik hizmet \u00e7al\u0131\u015fmas\u0131nda velilerden gelen sorular da tek tek yan\u0131tland\u0131.<\/p>\n<p>Tan\u0131\u015f\u0131k: &#8220;\u00c7ocuklar\u0131m\u0131zdaki geli\u015fimleri yak\u0131ndan takip ediyoruz&#8221;<\/p>\n<p>Kad\u0131n ve Aile Hizmetleri Dairesi E\u011fitim Koordinat\u00f6r\u00fc \u00d6zlem Tan\u0131\u015f\u0131k, &#8220;Yenice&#8217;deki \u00e7ocuk at\u00f6lyemizde ailelerle bir payla\u015f\u0131m \u00e7emberi d\u00fczenledik. Bu payla\u015f\u0131m \u00e7emberinde \u00e7ocuklar\u0131na dair geri d\u00f6n\u00fctleri ailelerimizden dinledik. Bizim de onlara ufak tavsiyelerimiz vard\u0131. Ailelerimizin buradaki co\u015fkusu ve mutlulu\u011fu g\u00f6r\u00fclmeye de\u011ferdi. At\u00f6lyemiz ilk ba\u015flad\u0131\u011f\u0131 g\u00fcnden itibaren \u00e7ocuklar\u0131m\u0131zda g\u00f6zlemledikleri geli\u015fmelerden bahsettiler. Biz de bu geli\u015fmeleri yak\u0131ndan takip ediyoruz ve takip etmeye devam edece\u011fiz&#8221; dedi.<\/p>\n<p>&#8220;\u00d6nceden b\u00f6yle bir imkan\u0131m\u0131z yoktu&#8221;<br \/>\nVelilerden Sinem \u00c7elik, B\u00fcy\u00fck\u015fehir Belediyesi&#8217;nin e\u011fitim hizmetlerinden olduk\u00e7a memnun olduklar\u0131n\u0131 s\u00f6yleyerek, &#8220;Belediyemizin bu f\u0131rsat\u0131 aya\u011f\u0131m\u0131za kadar geldi\u011fi i\u00e7in \u00e7ok memnunuz.K\u0131z\u0131mda b\u00fcy\u00fck bir geli\u015fme oldu. \u00d6nceden b\u00f6yle bir imkan\u0131m\u0131z yoktu. B\u00f6yle bir durum i\u00e7in \u015fehir merkezine gitmemiz gerekiyordu. Belediyemiz bize bu imkan\u0131 sa\u011flad\u0131\u011f\u0131 i\u00e7in \u00e7ok memnunuz&#8221; ifadelerini kulland\u0131.<\/p>\n<p>Bir di\u011fer \u00f6\u011frenci velisi Pervin \u00c7elik de Yenice&#8217;de ilk defa b\u00f6yle bir hizmet g\u00f6rd\u00fcklerinin alt\u0131n\u0131 \u00e7izerek, &#8220;B\u00f6yle bir yer a\u00e7\u0131ld\u0131\u011f\u0131 i\u00e7in \u00e7ocuklar e\u011fitim alaca\u011f\u0131 i\u00e7in  farkl\u0131 ortamda olacaklar\u0131 i\u00e7in geli\u015fecekleri i\u00e7in \u00e7ok memnunum. B\u00f6yle bir \u015fey Yenice&#8217;de kuruldu\u011fu i\u00e7in \u00e7ok memnunum. \u015eimdiye kadar b\u00f6yle bir \u015fey yoktu. \u00c7ok te\u015fekk\u00fcr ederiz Ba\u015fkan\u0131m\u0131z Vahap Se\u00e7er&#8217;e&#8221; diye konu\u015ftu.<\/p>\n","protected":false},"excerpt":{"rendered":"<p>Mersin B\u00fcy\u00fck\u015fehir Belediyesi&#8217;nin kentin d\u00f6rt bir noktas\u0131nda e\u011fitime destek \u00e7al\u0131\u015fmalar\u0131 t\u00fcm h\u0131z\u0131yla s\u00fcr\u00fcyor. Tarsus&#8217;a ba\u011fl\u0131 Yenice Mahallesi&#8217;nde hizmet veren ve \u00e7evrede bulunan di\u011fer mahallelerin de faydaland\u0131\u011f\u0131 B\u00fcy\u00fck\u015fehir Belediyesi Ya\u015far Baybo\u011fan &hellip; <a href=\"https:\/\/akdenizolaygazetesi.com\/?p=23636\" class=\"more-link\">Devam\u0131n\u0131 Oku&#8230;<\/a><\/p>\n","protected":false},"author":2,"featured_media":23637,"comment_status":"open","ping_status":"open","sticky":false,"template":"","format":"standard","meta":[],"categories":[2,3,5],"tags":[],"_links":{"self":[{"href":"https:\/\/akdenizolaygazetesi.com\/index.php?rest_route=\/wp\/v2\/posts\/23636"}],"collection":[{"href":"https:\/\/akdenizolaygazetesi.com\/index.php?rest_route=\/wp\/v2\/posts"}],"about":[{"href":"https:\/\/akdenizolaygazetesi.com\/index.php?rest_route=\/wp\/v2\/types\/post"}],"author":[{"embeddable":true,"href":"https:\/\/akdenizolaygazetesi.com\/index.php?rest_route=\/wp\/v2\/users\/2"}],"replies":[{"embeddable":true,"href":"https:\/\/akdenizolaygazetesi.com\/index.php?rest_route=%2Fwp%2Fv2%2Fcomments&post=23636"}],"version-history":[{"count":1,"href":"https:\/\/akdenizolaygazetesi.com\/index.php?rest_route=\/wp\/v2\/posts\/23636\/revisions"}],"predecessor-version":[{"id":23638,"href":"https:\/\/akdenizolaygazetesi.com\/index.php?rest_route=\/wp\/v2\/posts\/23636\/revisions\/23638"}],"wp:featuredmedia":[{"embeddable":true,"href":"https:\/\/akdenizolaygazetesi.com\/index.php?rest_route=\/wp\/v2\/media\/23637"}],"wp:attachment":[{"href":"https:\/\/akdenizolaygazetesi.com\/index.php?rest_route=%2Fwp%2Fv2%2Fmedia&parent=23636"}],"wp:term":[{"taxonomy":"category","embeddable":true,"href":"https:\/\/akdenizolaygazetesi.com\/index.php?rest_route=%2Fwp%2Fv2%2Fcategories&post=23636"},{"taxonomy":"post_tag","embeddable":true,"href":"https:\/\/akdenizolaygazetesi.com\/index.php?rest_route=%2Fwp%2Fv2%2Ftags&post=23636"}],"curies":[{"name":"wp","href":"https:\/\/api.w.org\/{rel}","templated":true}]}}