{"id":23639,"date":"2023-01-20T13:36:01","date_gmt":"2023-01-20T10:36:01","guid":{"rendered":"http:\/\/akdenizolaygazetesi.com\/?p=23639"},"modified":"2023-01-20T13:36:01","modified_gmt":"2023-01-20T10:36:01","slug":"ogrenciler-sosyal-aktivitelerle-motivasyonlarini-arttirabilirler","status":"publish","type":"post","link":"https:\/\/akdenizolaygazetesi.com\/?p=23639","title":{"rendered":"&#8220;\u00d6\u011eRENC\u0130LER SOSYAL AKT\u0130V\u0130TELERLE MOT\u0130VASYONLARINI ARTTIRAB\u0130L\u0130RLER&#8221;"},"content":{"rendered":"<p>Hayat\u0131n her alan\u0131nda, her ya\u015f grubunun e\u011fitimine b\u00fcy\u00fck \u00f6nem veren Mersin B\u00fcy\u00fck\u015fehir Belediyesi, yar\u0131y\u0131l tatili \u00f6ncesi \u00f6\u011frenci ve velilere tavsiyelerde bulunarak, s\u00fcreci en iyi \u015fekilde de\u011ferlendirme uyar\u0131s\u0131nda bulundu. \u00d6\u011frencilere, bu tatili hem akademik hem sosyal olarak kendi geli\u015fimlerine katk\u0131 sa\u011flayarak ge\u00e7irmesi tavsiyesi gelirken, anne-babalara ise \u00f6\u011frencilerinin karnelerini sadece olumsuz notlar \u00fczerinden de\u011fil olumlu notlar\u0131n\u0131 da g\u00f6z \u00f6n\u00fcne alarak de\u011ferlendirmeleri uyar\u0131s\u0131 geldi.<\/p>\n<p>Mersin B\u00fcy\u00fck\u015fehir Belediyesi Sosyal Hizmetler Dairesi Ba\u015fkanl\u0131\u011f\u0131 E\u011fitim \u00d6\u011fretimi Destekleme Kurs Merkezi Halkkent \u015eubesi&#8217;nde rehber \u00f6\u011fretmen olarak g\u00f6rev yapan Duygu \u00c7eviker, hem \u00f6\u011frencilerin hem de velilerin yar\u0131y\u0131l tatilini daha keyifli ve faydal\u0131 nas\u0131l ge\u00e7irebilecekleri \u00fczerine bir dizi tavsiyede bulundu.<\/p>\n<p>\u00d6\u011frencilerin bu ara tatili hem akademik olarak eksiklerini tamamlayacak hem de sosyal olarak kendi geli\u015fimlerine katk\u0131 sa\u011flayacak \u015fekilde ge\u00e7irebileceklerini s\u00f6yleyen \u00c7eviker, gen\u00e7lerin, bireyselle\u015ftirilmi\u015f \u00e7al\u0131\u015fma programlar\u0131yla eksiklerine d\u00f6n\u00fck bir d\u00fczen olu\u015fturduktan sonra, akran gruplar\u0131yla yapacaklar\u0131 sosyal aktivitelerle de motivasyonlar\u0131n\u0131 artt\u0131rabileceklerini kaydetti. \u00c7eviker, \u00f6\u011frencilerin bu s\u00fcre\u00e7te, yetenek ve ilgi alanlar\u0131na y\u00f6nelik at\u00f6lye \u00e7al\u0131\u015fmalar\u0131na da kat\u0131larak sosyal geli\u015fimlerini desteklemeleri gerekti\u011fini s\u00f6yledi.<\/p>\n<p>&#8220;Yapamad\u0131klar\u0131ndan ziyade yapabildiklerine odaklanarak \u00e7ocuklar\u0131n\u0131 mutlaka cesaretlendirmeliler&#8221;<\/p>\n<p>\u00d6\u011frencilerin yan\u0131 s\u0131ra velilere de baz\u0131 tavsiyelerde bulunan \u00c7eviker, &#8220;Sadece \u00f6\u011frencilerimizin de\u011fil, velilerimizin de yar\u0131y\u0131l tatilini faydal\u0131 bir \u015fekilde ge\u00e7irmelerini istiyoruz. Veliler, \u00f6\u011frencilerin karnelerini de\u011ferlendirirken, sadece olumsuz olan notlar\u0131n\u0131 de\u011fil, ayn\u0131 zamanda iyi notlar\u0131n\u0131 da mutlaka g\u00f6z \u00f6n\u00fcnde bulundurmal\u0131lar. \u00d6\u011frencilerin yapamad\u0131klar\u0131ndan ziyade yapabildiklerine odaklanarak bu konularda \u00e7ocuklar\u0131n\u0131 mutlaka cesaretlendirmeliler&#8221; dedi.<\/p>\n<p>&#8220;\u00d6\u011frencilerinin sevdi\u011fi etkinliklerle mutlaka yanlar\u0131nda olmal\u0131lar&#8221;<\/p>\n<p>Anne-babalar\u0131n, tatilin sadece bilgisayar veya televizyon ekran\u0131 kar\u015f\u0131s\u0131na ge\u00e7mesini de\u011fil, tam tersi \u00f6\u011frencilerin daha sosyalle\u015febilecekleri, hem kendilerini ifade etme s\u00fcre\u00e7lerini hem de geli\u015ftirme s\u00fcre\u00e7lerini destekleyece\u011fi etkinliklerde mutlaka yanlar\u0131nda olmalar\u0131 gerekti\u011fini aktaran \u00c7eviker &#8220;Ayr\u0131ca \u00e7al\u0131\u015fan anne babalar da yar\u0131y\u0131l tatilini mutlaka iyi de\u011ferlendirmeliler. \u00d6rne\u011fin i\u015f \u00e7\u0131k\u0131\u015flar\u0131nda ebeveynlerin tercih etti\u011fi etkinlikler de\u011fil, \u00f6\u011frencilerinin sevdi\u011fi etkinliklerle mutlaka yanlar\u0131nda olmal\u0131lar&#8221; diye konu\u015ftu.<\/p>\n<p>Son olarak daha k\u00fc\u00e7\u00fck ya\u015f gruplar\u0131n\u0131n velilerine de \u00f6nerilerde bulunan \u00c7eviker &#8220;\u00d6\u011frencilerin okula kar\u015f\u0131 ilgilerini artt\u0131rmak ve ders \u00e7al\u0131\u015fma becerilerini kazand\u0131rabilmek i\u00e7in oyunla\u015ft\u0131rarak dersleri \u00f6\u011fretmeye \u00e7al\u0131\u015fabilirler. Bu sayede \u00f6\u011frencilerin okula d\u00f6n\u00fc\u015f rutinleri daha kolay hale gelecektir. Tatilin son g\u00fcnlerinde de mutlaka tekrar okul d\u00fczenine d\u00f6n\u00fc\u015f i\u00e7in velilerin \u00f6\u011frencileri desteklemeleri noktas\u0131nda \u00e7al\u0131\u015fmalar yapmalar\u0131 gerekiyor. Bu yar\u0131 tatilin hem \u00f6\u011frencilerimiz hem de velilerimiz i\u00e7in g\u00fczel ge\u00e7mesini diliyor, t\u00fcm \u00f6\u011frencilerimizin de hedefledikleri ba\u015far\u0131lara ula\u015fmas\u0131n\u0131 diliyoruz&#8221; ifadelerini kulland\u0131.<\/p>\n","protected":false},"excerpt":{"rendered":"<p>Hayat\u0131n her alan\u0131nda, her ya\u015f grubunun e\u011fitimine b\u00fcy\u00fck \u00f6nem veren Mersin B\u00fcy\u00fck\u015fehir Belediyesi, yar\u0131y\u0131l tatili \u00f6ncesi \u00f6\u011frenci ve velilere tavsiyelerde bulunarak, s\u00fcreci en iyi \u015fekilde de\u011ferlendirme uyar\u0131s\u0131nda bulundu. \u00d6\u011frencilere, bu &hellip; <a href=\"https:\/\/akdenizolaygazetesi.com\/?p=23639\" class=\"more-link\">Devam\u0131n\u0131 Oku&#8230;<\/a><\/p>\n","protected":false},"author":2,"featured_media":23640,"comment_status":"open","ping_status":"open","sticky":false,"template":"","format":"standard","meta":[],"categories":[34,1,3],"tags":[],"_links":{"self":[{"href":"https:\/\/akdenizolaygazetesi.com\/index.php?rest_route=\/wp\/v2\/posts\/23639"}],"collection":[{"href":"https:\/\/akdenizolaygazetesi.com\/index.php?rest_route=\/wp\/v2\/posts"}],"about":[{"href":"https:\/\/akdenizolaygazetesi.com\/index.php?rest_route=\/wp\/v2\/types\/post"}],"author":[{"embeddable":true,"href":"https:\/\/akdenizolaygazetesi.com\/index.php?rest_route=\/wp\/v2\/users\/2"}],"replies":[{"embeddable":true,"href":"https:\/\/akdenizolaygazetesi.com\/index.php?rest_route=%2Fwp%2Fv2%2Fcomments&post=23639"}],"version-history":[{"count":1,"href":"https:\/\/akdenizolaygazetesi.com\/index.php?rest_route=\/wp\/v2\/posts\/23639\/revisions"}],"predecessor-version":[{"id":23641,"href":"https:\/\/akdenizolaygazetesi.com\/index.php?rest_route=\/wp\/v2\/posts\/23639\/revisions\/23641"}],"wp:featuredmedia":[{"embeddable":true,"href":"https:\/\/akdenizolaygazetesi.com\/index.php?rest_route=\/wp\/v2\/media\/23640"}],"wp:attachment":[{"href":"https:\/\/akdenizolaygazetesi.com\/index.php?rest_route=%2Fwp%2Fv2%2Fmedia&parent=23639"}],"wp:term":[{"taxonomy":"category","embeddable":true,"href":"https:\/\/akdenizolaygazetesi.com\/index.php?rest_route=%2Fwp%2Fv2%2Fcategories&post=23639"},{"taxonomy":"post_tag","embeddable":true,"href":"https:\/\/akdenizolaygazetesi.com\/index.php?rest_route=%2Fwp%2Fv2%2Ftags&post=23639"}],"curies":[{"name":"wp","href":"https:\/\/api.w.org\/{rel}","templated":true}]}}