{"id":23642,"date":"2023-01-20T13:37:42","date_gmt":"2023-01-20T10:37:42","guid":{"rendered":"http:\/\/akdenizolaygazetesi.com\/?p=23642"},"modified":"2023-01-20T13:37:42","modified_gmt":"2023-01-20T10:37:42","slug":"mutta-delice-rehabilitasyon-projesi-kura-cekimi","status":"publish","type":"post","link":"https:\/\/akdenizolaygazetesi.com\/?p=23642","title":{"rendered":"Mut\u2019ta \u2018Delice Rehabilitasyon Projesi\u2019 kura \u00e7ekimi"},"content":{"rendered":"<p>Mersin Orman B\u00f6lge M\u00fcd\u00fcrl\u00fc\u011f\u00fc, Mut Orman \u0130\u015fletme M\u00fcd\u00fcrl\u00fc\u011f\u00fc, Sertavul Orman \u0130\u015fletme \u015eefli\u011fi sorumluluk alan\u0131nda bulunan G\u00f6k\u00e7eta\u015f Mahallesinde \u2018Gelir Getirici T\u00fcr Delice Rehabilitasyon Projesi\u2019 saha tan\u0131t\u0131m\u0131 ve kura \u00e7ekimi ger\u00e7ekle\u015fti.<\/p>\n<p>\u00c7ekili\u015fe Mut Kaymakam\u0131 Batuhan Bing\u00f6l, Mut Orman \u0130\u015fletme M\u00fcd\u00fcr\u00fc Necmi Poscu, A\u011fa\u00e7land\u0131rma \u015eefi Ali Ceylan, Sertavul Orman \u0130\u015fletme \u015eefi Cihat G\u00fcr, Sivil toplum \u00f6rg\u00fctleri, Siyasi parti il\u00e7e ba\u015fkanlar\u0131, k\u00f6y muhtar\u0131 ve vatanda\u015flar kat\u0131ld\u0131.<\/p>\n<p>350 d\u00f6n\u00fcm\u2019l\u00fck proje sahas\u0131nda yabani zeytin (delice) fertleri a\u015f\u0131lan\u0131p, bo\u015fluklara da dikim yap\u0131larak verimli ormana d\u00f6n\u00fc\u015ft\u00fcr\u00fclecektir. Arazide yap\u0131lan parselizasyon \u00e7al\u0131\u015fmas\u0131 ile da\u011f\u0131t\u0131ma \u00e7\u0131kacak olan yerler 3 ile 4 d\u00f6n\u00fcm aras\u0131nda de\u011fi\u015fiklik g\u00f6stermekte olup, Gelir Getirici T\u00fcr Delice Rehabilitasyon Projesin\u2019den 104 aile faydaland\u0131r\u0131lacakt\u0131r.<\/p>\n","protected":false},"excerpt":{"rendered":"<p>Mersin Orman B\u00f6lge M\u00fcd\u00fcrl\u00fc\u011f\u00fc, Mut Orman \u0130\u015fletme M\u00fcd\u00fcrl\u00fc\u011f\u00fc, Sertavul Orman \u0130\u015fletme \u015eefli\u011fi sorumluluk alan\u0131nda bulunan G\u00f6k\u00e7eta\u015f Mahallesinde \u2018Gelir Getirici T\u00fcr Delice Rehabilitasyon Projesi\u2019 saha tan\u0131t\u0131m\u0131 ve kura \u00e7ekimi ger\u00e7ekle\u015fti. \u00c7ekili\u015fe &hellip; <a href=\"https:\/\/akdenizolaygazetesi.com\/?p=23642\" class=\"more-link\">Devam\u0131n\u0131 Oku&#8230;<\/a><\/p>\n","protected":false},"author":2,"featured_media":23643,"comment_status":"open","ping_status":"open","sticky":false,"template":"","format":"standard","meta":[],"categories":[1,2,3],"tags":[],"_links":{"self":[{"href":"https:\/\/akdenizolaygazetesi.com\/index.php?rest_route=\/wp\/v2\/posts\/23642"}],"collection":[{"href":"https:\/\/akdenizolaygazetesi.com\/index.php?rest_route=\/wp\/v2\/posts"}],"about":[{"href":"https:\/\/akdenizolaygazetesi.com\/index.php?rest_route=\/wp\/v2\/types\/post"}],"author":[{"embeddable":true,"href":"https:\/\/akdenizolaygazetesi.com\/index.php?rest_route=\/wp\/v2\/users\/2"}],"replies":[{"embeddable":true,"href":"https:\/\/akdenizolaygazetesi.com\/index.php?rest_route=%2Fwp%2Fv2%2Fcomments&post=23642"}],"version-history":[{"count":1,"href":"https:\/\/akdenizolaygazetesi.com\/index.php?rest_route=\/wp\/v2\/posts\/23642\/revisions"}],"predecessor-version":[{"id":23644,"href":"https:\/\/akdenizolaygazetesi.com\/index.php?rest_route=\/wp\/v2\/posts\/23642\/revisions\/23644"}],"wp:featuredmedia":[{"embeddable":true,"href":"https:\/\/akdenizolaygazetesi.com\/index.php?rest_route=\/wp\/v2\/media\/23643"}],"wp:attachment":[{"href":"https:\/\/akdenizolaygazetesi.com\/index.php?rest_route=%2Fwp%2Fv2%2Fmedia&parent=23642"}],"wp:term":[{"taxonomy":"category","embeddable":true,"href":"https:\/\/akdenizolaygazetesi.com\/index.php?rest_route=%2Fwp%2Fv2%2Fcategories&post=23642"},{"taxonomy":"post_tag","embeddable":true,"href":"https:\/\/akdenizolaygazetesi.com\/index.php?rest_route=%2Fwp%2Fv2%2Ftags&post=23642"}],"curies":[{"name":"wp","href":"https:\/\/api.w.org\/{rel}","templated":true}]}}