{"id":23645,"date":"2023-01-20T13:39:23","date_gmt":"2023-01-20T10:39:23","guid":{"rendered":"http:\/\/akdenizolaygazetesi.com\/?p=23645"},"modified":"2023-01-20T13:39:23","modified_gmt":"2023-01-20T10:39:23","slug":"baskan-gultak-verdigi-sozu-tuttu-esnaf-ve-mahalle-sakinlerinin-uzun-suredir-yasadigi-cile-bitiyor","status":"publish","type":"post","link":"https:\/\/akdenizolaygazetesi.com\/?p=23645","title":{"rendered":"Ba\u015fkan G\u00fcltak verdi\u011fi s\u00f6z\u00fc tuttu, esnaf ve mahalle sakinlerinin uzun s\u00fcredir ya\u015fad\u0131\u011f\u0131 \u00e7ile bitiyor"},"content":{"rendered":"<p>Akdeniz Belediye Ba\u015fkan\u0131 M. Mustafa G\u00fcltak, G\u00fcne\u015f Mahallesi sakinleri ve esnaf\u0131na verdi\u011fi s\u00f6z\u00fc tuttu. Uzun s\u00fcredir bozuk olan, b\u00f6lgenin en hareketli yerlerinden 5821 numaral\u0131 sokak \u00fczerinde, yer yer \u00e7\u00f6km\u00fc\u015f ve k\u0131r\u0131lm\u0131\u015f olan kilitli parke ta\u015flar\u0131 s\u00f6k\u00fclerek s\u0131cak asfalt serimi i\u00e7in haz\u0131rl\u0131k yap\u0131l\u0131yor.<br \/>\nSadece birka\u00e7 ay i\u00e7erisinde onlarca mahallede s\u0131cak asfalt ve so\u011fuk asfalt kaplama \u00e7al\u0131\u015fmas\u0131 yapan Akdeniz Belediyesi Fen \u0130\u015fleri M\u00fcd\u00fcrl\u00fc\u011f\u00fc ekipleri, G\u00fcne\u015f Mahallesi\u2019nde de hummal\u0131 bir \u00e7al\u0131\u015fma ba\u015flatt\u0131. Yer yer zarar g\u00f6ren, \u00e7ukurlar, t\u00fcmsekler, k\u0131r\u0131k ve yar\u0131klar olu\u015fan, bu nedenle de vatanda\u015flar\u0131n yo\u011fun \u015fik\u00e2yetine konu olan 5821 numaral\u0131 sokakta yenileme \u00e7al\u0131\u015fmas\u0131 h\u0131z kazand\u0131.<br \/>\nVatanda\u015flar\u0131n \u00e7ilesi bitecek<br \/>\nBir\u00e7ok esnaf\u0131n faaliyet g\u00f6sterdi\u011fi, ayr\u0131ca ara\u00e7 ve yaya trafi\u011finin yo\u011fun oldu\u011fu sokakta, ge\u00e7mi\u015f y\u0131llarda d\u00f6\u015fenen ancak zaman i\u00e7inde b\u00fcy\u00fck zarar g\u00f6ren kilit parke ta\u015flar\u0131 i\u015f makineleri yard\u0131m\u0131yla s\u00f6k\u00fcl\u00fcyor. Gelecek hafta i\u00e7erisinde de s\u0131cak asfalt serimine ba\u015flanarak mahalle sakinlerinin y\u0131llard\u0131r ya\u015fad\u0131\u011f\u0131 \u00e7ile sona erdirilecek.<br \/>\nBa\u015fkan G\u00fcltak, mahalleli ve esnafa verdi\u011fi s\u00f6z\u00fc yerine getirdi.<br \/>\nCuma g\u00fcnleri b\u00f6lgede kurulan semt pazar\u0131 nedeniyle insan ve ara\u00e7 yo\u011funlu\u011funun daha da artt\u0131\u011f\u0131 b\u00f6lgeyi ziyaret eden Akdeniz Belediye Ba\u015fkan\u0131 M. Mustafa G\u00fcltak, soka\u011f\u0131n durumu nedeniyle \u015fik\u00e2yetlerle kar\u015f\u0131la\u015fm\u0131\u015ft\u0131. Bunun \u00fczerine Ba\u015fkan G\u00fcltak, soka\u011f\u0131n en k\u0131sa s\u00fcrede yenilenmesi i\u00e7in ilgili birimlere talimat vermi\u015fti.<br \/>\nHaz\u0131rlad\u0131\u011f\u0131 plan ve program kapsam\u0131nda harekete ge\u00e7en Fen \u0130\u015fleri M\u00fcd\u00fcrl\u00fc\u011f\u00fc ekipleri de b\u00f6lgede \u00e7al\u0131\u015fma ba\u015flatt\u0131. \u0130\u015f makineleri yard\u0131m\u0131yla yer yer \u00e7\u00f6ken, t\u00fcmse\u011fe d\u00f6n\u00fc\u015fen veya k\u0131r\u0131l\u0131p yar\u0131lan sokaktaki kilitli parke ta\u015flar\u0131n\u0131n s\u00f6k\u00fcm i\u015flemi ba\u015flat\u0131ld\u0131. S\u00f6k\u00fcm \u00e7al\u0131\u015fmas\u0131n\u0131n bitmesinin ard\u0131ndan G\u00fcne\u015f Mahallesi\u2019nin ara\u00e7 ve insan kalabal\u0131\u011f\u0131 a\u00e7\u0131s\u0131ndan en yo\u011fun yerlerinden biri olan 5821 sokakta s\u0131cak asfalt serimi ger\u00e7ekle\u015fecek.<br \/>\nY\u0131llard\u0131r \u00e7ilesini \u00e7ektikleri sokakta ba\u015flayan yenileme \u00e7al\u0131\u015fmalar\u0131n\u0131 memnuniyetle kar\u015f\u0131layan G\u00fcne\u015f Mahallesi Muhtar\u0131 Nezir El\u00e7i, mahalle sakinleri ve \u00f6zellikle sokak \u00fczerinde faaliyet g\u00f6steren esnaf ve minib\u00fcs \u015fof\u00f6rleri, \u015fik\u00e2yetlerini en k\u0131sa s\u00fcrede \u00e7\u00f6z\u00fcme kavu\u015fturan Ba\u015fkan G\u00fcltak ve Fen \u0130\u015fleri Ekiplerine te\u015fekk\u00fcr etti.<\/p>\n","protected":false},"excerpt":{"rendered":"<p>Akdeniz Belediye Ba\u015fkan\u0131 M. Mustafa G\u00fcltak, G\u00fcne\u015f Mahallesi sakinleri ve esnaf\u0131na verdi\u011fi s\u00f6z\u00fc tuttu. Uzun s\u00fcredir bozuk olan, b\u00f6lgenin en hareketli yerlerinden 5821 numaral\u0131 sokak \u00fczerinde, yer yer \u00e7\u00f6km\u00fc\u015f ve &hellip; <a href=\"https:\/\/akdenizolaygazetesi.com\/?p=23645\" class=\"more-link\">Devam\u0131n\u0131 Oku&#8230;<\/a><\/p>\n","protected":false},"author":2,"featured_media":23646,"comment_status":"open","ping_status":"open","sticky":false,"template":"","format":"standard","meta":[],"categories":[2,3,5],"tags":[],"_links":{"self":[{"href":"https:\/\/akdenizolaygazetesi.com\/index.php?rest_route=\/wp\/v2\/posts\/23645"}],"collection":[{"href":"https:\/\/akdenizolaygazetesi.com\/index.php?rest_route=\/wp\/v2\/posts"}],"about":[{"href":"https:\/\/akdenizolaygazetesi.com\/index.php?rest_route=\/wp\/v2\/types\/post"}],"author":[{"embeddable":true,"href":"https:\/\/akdenizolaygazetesi.com\/index.php?rest_route=\/wp\/v2\/users\/2"}],"replies":[{"embeddable":true,"href":"https:\/\/akdenizolaygazetesi.com\/index.php?rest_route=%2Fwp%2Fv2%2Fcomments&post=23645"}],"version-history":[{"count":1,"href":"https:\/\/akdenizolaygazetesi.com\/index.php?rest_route=\/wp\/v2\/posts\/23645\/revisions"}],"predecessor-version":[{"id":23647,"href":"https:\/\/akdenizolaygazetesi.com\/index.php?rest_route=\/wp\/v2\/posts\/23645\/revisions\/23647"}],"wp:featuredmedia":[{"embeddable":true,"href":"https:\/\/akdenizolaygazetesi.com\/index.php?rest_route=\/wp\/v2\/media\/23646"}],"wp:attachment":[{"href":"https:\/\/akdenizolaygazetesi.com\/index.php?rest_route=%2Fwp%2Fv2%2Fmedia&parent=23645"}],"wp:term":[{"taxonomy":"category","embeddable":true,"href":"https:\/\/akdenizolaygazetesi.com\/index.php?rest_route=%2Fwp%2Fv2%2Fcategories&post=23645"},{"taxonomy":"post_tag","embeddable":true,"href":"https:\/\/akdenizolaygazetesi.com\/index.php?rest_route=%2Fwp%2Fv2%2Ftags&post=23645"}],"curies":[{"name":"wp","href":"https:\/\/api.w.org\/{rel}","templated":true}]}}