{"id":23651,"date":"2023-01-20T16:28:46","date_gmt":"2023-01-20T13:28:46","guid":{"rendered":"http:\/\/akdenizolaygazetesi.com\/?p=23651"},"modified":"2023-01-20T16:28:46","modified_gmt":"2023-01-20T13:28:46","slug":"emniyet-muduru-ressam-sair-ve-yazar-sulanin-soylesisi-buyuk-ilgi-gordu","status":"publish","type":"post","link":"https:\/\/akdenizolaygazetesi.com\/?p=23651","title":{"rendered":"Emniyet M\u00fcd\u00fcr\u00fc, ressam, \u015fair ve yazar Sula\u2019n\u0131n s\u00f6yle\u015fisi b\u00fcy\u00fck ilgi g\u00f6rd\u00fc"},"content":{"rendered":"<p>Akdeniz Belediyesi taraf\u0131ndan K\u00fclt\u00fcr Merkezi\u2019nde d\u00fczenlenen \u201cFark\u0131ndal\u0131k, Etkile\u015fim, Moral ve Motivasyon\u201d konulu s\u00f6yle\u015fide, \u201cY\u0131l\u0131n Sanat\u00e7\u0131s\u0131\u201d ve \u201cY\u0131l\u0131n \u0130leti\u015fim Uzman\u0131 \u00d6d\u00fcl\u00fc\u201d sahibi; tiyatro, m\u00fczik, resim, kaligrafi ve \u015fiir \u00e7al\u0131\u015fmalar\u0131yla t\u00fcm T\u00fcrkiye\u2019de tan\u0131nan Ahmet Sula Mersinli gen\u00e7lerle bulu\u015ftu.<br \/>\nT\u00fcrkiye ba\u015fta olmak \u00fczere 50 noktada ki\u015fisel resim sergisine kat\u0131lan, 500\u2019den fazla seminer, konferans ve s\u00f6yle\u015fi etkinli\u011finde yer alan Emniyet M\u00fcd\u00fcr\u00fc, ressam, \u015fair ve yazar Ahmet Sula\u2019n\u0131n son dura\u011f\u0131 Mersin oldu. Akdeniz Belediyesi K\u00fclt\u00fcr ve Sosyal \u0130\u015fler M\u00fcd\u00fcrl\u00fc\u011f\u00fc taraf\u0131ndan Mersin K\u00fclt\u00fcr Merkezi\u2019nde d\u00fczenlenen bulu\u015fmaya, Akdeniz Belediye Ba\u015fkan\u0131 M. Mustafa G\u00fcltak, birim m\u00fcd\u00fcrleri, emniyet mensuplar\u0131, \u00e7ok say\u0131da \u00f6\u011frenci ve vatanda\u015f kat\u0131ld\u0131.<br \/>\nBa\u015fkan G\u00fcltak; \u201cSula\u2019n\u0131n, hayat tecr\u00fcbesi ve yeteneklerinden faydalanmak istedik\u201d<br \/>\nS\u00f6yle\u015fini a\u00e7\u0131l\u0131\u015f\u0131nda s\u00f6z alan Ba\u015fkan G\u00fcltak, belediye olarak kad\u0131nlara ve gen\u00e7lere y\u00f6nelik e\u011fitim, k\u00fclt\u00fcr, sanat ve mesleki bir\u00e7ok farkl\u0131 alanda destek verdiklerinin alt\u0131n\u0131 \u00e7izdi; milli, manevi k\u00fclt\u00fcr ve de\u011ferlerini bilen nesiller yeti\u015ftirmek i\u00e7in \u00e7al\u0131\u015ft\u0131klar\u0131n\u0131 anlatt\u0131. S\u00f6yle\u015fiye kat\u0131lmas\u0131 nedeniyle Ahmet Sula\u2019ya te\u015fekk\u00fcr eden Ba\u015fkan G\u00fcltak; \u201cSay\u0131n Sula, y\u0131llarca devletine hizmet etmi\u015f, ter\u00f6rle m\u00fccadele etmi\u015f ama o karga\u015fan\u0131n i\u00e7inde sanatsal bir y\u00f6n\u00fc de ortaya \u00e7\u0131karm\u0131\u015f. K\u00fclt\u00fcr ve sanat benim \u00e7ok \u00f6nemli \u00e7\u00fcnk\u00fc tarihimize bakt\u0131\u011f\u0131m\u0131z zaman; Sel\u00e7uklu, Osmanl\u0131 ve Cumhuriyet\u2019in birer k\u00fclt\u00fcr\u00fc var. Ge\u00e7mi\u015f de bizim Cumhuriyet de bizim. \u00c7\u00fcnk\u00fc k\u00fclt\u00fcr\u00fcm\u00fcz, dini ve milli de\u011ferlerimiz ayn\u0131. Bu de\u011ferlerin aktar\u0131lmas\u0131 da k\u00fclt\u00fcr ve sanat olmadan m\u00fcmk\u00fcn de\u011fil. Bizler de Mersinliler olarak; Ahmet Sula\u2019n\u0131n hem hayat tecr\u00fcbesinden hem de \u00f6zel yeteneklerinden faydalanal\u0131m istedik\u201d diye konu\u015ftu.<br \/>\nSula; \u201cBenim m\u00fccadelem, \u00f6nce kendimle ba\u015flad\u0131\u201d<br \/>\nS\u00f6yle\u015fiye t\u00fcrk\u00fc s\u00f6yleyerek ba\u015flayan Emniyet M\u00fcd\u00fcr\u00fc Ahmet Sula ise, dinleyicilerin b\u00fcy\u00fck be\u011fenisini toplad\u0131. Anlat\u0131mlar\u0131n\u0131 gen\u00e7lere katk\u0131l\u0131 olmas\u0131, d\u00fc\u015f\u00fcnmeleri ve fark\u0131ndal\u0131k olu\u015fturmas\u0131 i\u00e7in yapt\u0131\u011f\u0131n\u0131 belirten Sula; \u201cBenim m\u00fccadelem kendimle ba\u015flad\u0131. Kendime dedim ki; \u2018yery\u00fcz\u00fcndeki en tehlikeli insan, nefsini ve egosunu terbiye etmeyen insand\u0131r. Ben de bunlar\u0131 terbiye etmesem, yery\u00fcz\u00fcndeki en tehlikeli insan benimdir.\u2019<br \/>\nE\u011fer sizler, beni kalbiniz ile dinlerseniz, bug\u00fcn bu salondan \u00e7\u0131kt\u0131\u011f\u0131n\u0131z andan itibaren i\u015flerinize, hayat\u0131n\u0131za, bak\u0131\u015f\u0131n\u0131z de\u011fi\u015fir. Bunun i\u00e7in elimden geleni yapaca\u011f\u0131m. Sizler de kazan\u0131mla \u00e7\u0131karsan\u0131z,  kendinizin daha fark\u0131nda olursunuz. \u00dczerimde eme\u011fi olan anne babamdan ceddime, hocalar\u0131ma, arkada\u015flar\u0131ma, buray\u0131 \u015fereflendiren sizlere ve bizleri sizlerle bulu\u015fturan Akdeniz Belediye Ba\u015fkan\u0131 M. Mustafa G\u00fcltak\u2019a te\u015fekk\u00fcr ederim\u201d diye konu\u015ftu.<br \/>\nKonu\u015fmas\u0131n\u0131n aralar\u0131nda m\u00fczik dinletisi ve video g\u00f6sterimi de yapan Emniyet M\u00fcd\u00fcr\u00fc Sula, kendi yazd\u0131\u011f\u0131 \u015fiiri de seslendirdi. Etkinli\u011fin sonunda Akdeniz Belediye Ba\u015fkan\u0131 Mustafa G\u00fcltak, Ahmet Sula\u2019ya \u00e7i\u00e7ek takdim etti. Program toplu foto\u011fraf \u00e7ekiminin ard\u0131ndan sona erdi.<\/p>\n","protected":false},"excerpt":{"rendered":"<p>Akdeniz Belediyesi taraf\u0131ndan K\u00fclt\u00fcr Merkezi\u2019nde d\u00fczenlenen \u201cFark\u0131ndal\u0131k, Etkile\u015fim, Moral ve Motivasyon\u201d konulu s\u00f6yle\u015fide, \u201cY\u0131l\u0131n Sanat\u00e7\u0131s\u0131\u201d ve \u201cY\u0131l\u0131n \u0130leti\u015fim Uzman\u0131 \u00d6d\u00fcl\u00fc\u201d sahibi; tiyatro, m\u00fczik, resim, kaligrafi ve \u015fiir \u00e7al\u0131\u015fmalar\u0131yla t\u00fcm T\u00fcrkiye\u2019de &hellip; <a href=\"https:\/\/akdenizolaygazetesi.com\/?p=23651\" class=\"more-link\">Devam\u0131n\u0131 Oku&#8230;<\/a><\/p>\n","protected":false},"author":2,"featured_media":23652,"comment_status":"open","ping_status":"open","sticky":false,"template":"","format":"standard","meta":[],"categories":[2,3],"tags":[],"_links":{"self":[{"href":"https:\/\/akdenizolaygazetesi.com\/index.php?rest_route=\/wp\/v2\/posts\/23651"}],"collection":[{"href":"https:\/\/akdenizolaygazetesi.com\/index.php?rest_route=\/wp\/v2\/posts"}],"about":[{"href":"https:\/\/akdenizolaygazetesi.com\/index.php?rest_route=\/wp\/v2\/types\/post"}],"author":[{"embeddable":true,"href":"https:\/\/akdenizolaygazetesi.com\/index.php?rest_route=\/wp\/v2\/users\/2"}],"replies":[{"embeddable":true,"href":"https:\/\/akdenizolaygazetesi.com\/index.php?rest_route=%2Fwp%2Fv2%2Fcomments&post=23651"}],"version-history":[{"count":1,"href":"https:\/\/akdenizolaygazetesi.com\/index.php?rest_route=\/wp\/v2\/posts\/23651\/revisions"}],"predecessor-version":[{"id":23653,"href":"https:\/\/akdenizolaygazetesi.com\/index.php?rest_route=\/wp\/v2\/posts\/23651\/revisions\/23653"}],"wp:featuredmedia":[{"embeddable":true,"href":"https:\/\/akdenizolaygazetesi.com\/index.php?rest_route=\/wp\/v2\/media\/23652"}],"wp:attachment":[{"href":"https:\/\/akdenizolaygazetesi.com\/index.php?rest_route=%2Fwp%2Fv2%2Fmedia&parent=23651"}],"wp:term":[{"taxonomy":"category","embeddable":true,"href":"https:\/\/akdenizolaygazetesi.com\/index.php?rest_route=%2Fwp%2Fv2%2Fcategories&post=23651"},{"taxonomy":"post_tag","embeddable":true,"href":"https:\/\/akdenizolaygazetesi.com\/index.php?rest_route=%2Fwp%2Fv2%2Ftags&post=23651"}],"curies":[{"name":"wp","href":"https:\/\/api.w.org\/{rel}","templated":true}]}}