{"id":23654,"date":"2023-01-20T16:30:04","date_gmt":"2023-01-20T13:30:04","guid":{"rendered":"http:\/\/akdenizolaygazetesi.com\/?p=23654"},"modified":"2023-01-20T16:30:04","modified_gmt":"2023-01-20T13:30:04","slug":"yenisehir-belediyesi-nazim-hikmeti-unutmadi","status":"publish","type":"post","link":"https:\/\/akdenizolaygazetesi.com\/?p=23654","title":{"rendered":"Yeni\u015fehir Belediyesi Naz\u0131m Hikmet\u2019i unutmad\u0131"},"content":{"rendered":"<p>Mersin Yeni\u015fehir Belediyesi, Naz\u0131m Hikmet Ran\u2019\u0131 121\u2019inci do\u011fum g\u00fcn\u00fcnde d\u00fczenledi\u011fi programla and\u0131. T\u00fcrk Halk M\u00fczi\u011finin usta ismi Sad\u0131k G\u00fcrb\u00fcz\u2019\u00fcn sahne ald\u0131\u011f\u0131 anma program\u0131na Mersinliler yo\u011fun ilgi g\u00f6sterdi. Naz\u0131m Hikmet\u2019in \u201cVasiyet\u201d \u015fiiriyle seslenen Mersin Yeni\u015fehir Belediye Ba\u015fkan\u0131 Abdullah \u00d6zyi\u011fit \u201c \u2018Anadolu&#8217;da bir k\u00f6y mezarl\u0131\u011f\u0131na g\u00f6m\u00fcn beni ve de uyar\u0131na gelirse,tepemde bir de \u00e7\u0131nar olursata\u015f ma\u015f da istemez hani\u2019 diyen b\u00fcy\u00fck \u00fcstad\u0131 mavi g\u00f6zl\u00fc devi beyaz sa\u00e7l\u0131 devle and\u0131k.\u201d dedi.<br \/>\nT\u00fcrk ve d\u00fcnya edebiyat\u0131n\u0131n b\u00fcy\u00fck \u015fairi Naz\u0131m Hikmet Ran, 121\u2019inci do\u011fum g\u00fcn\u00fcnde Yeni\u015fehir Belediyesi taraf\u0131ndan d\u00fczenlenen \u201c\u015eiir ve M\u00fczikle Naz\u0131m Hikmet\u201d anma program\u0131 ile unutulmad\u0131. Yeni\u015fehir Belediyesi Atat\u00fcrk K\u00fclt\u00fcr Merkezi\u2019nde d\u00fczenlenen programa Mersinliler yo\u011fun ilgi g\u00f6sterdi. T\u00fcrk Halk M\u00fczi\u011finin usta sesi Sad\u0131k G\u00fcrb\u00fcz en g\u00fczel t\u00fcrk\u00fclerini ve Naz\u0131m Hikmet Ran \u015fiirlerini Mersinliler i\u00e7in seslendirdi. Naz\u0131m Hikmet Ran\u2019\u0131n \u201cKuvayi Milliye\u201d, \u201cMavi G\u00f6zl\u00fc Dev\u201d, \u201dJapon Bal\u0131k\u00e7\u0131s\u0131\u201d \u015fiirlerini kendisi besteleyip anma gecesinde s\u00f6yleyen Sad\u0131k G\u00fcrb\u00fcz ayakta alk\u0131\u015fland\u0131. Mersin Yeni\u015fehir Belediye Ba\u015fkan\u0131 Abdullah \u00d6zyi\u011fit de gecede unutulmaz t\u00fcrk\u00fclere e\u015flik etti. Program\u0131 i\u015f\u00e7i mar\u015flar\u0131 seslendirerek sonland\u0131ran G\u00fcrb\u00fcz, Mersin Yeni\u015fehir Belediye Ba\u015fkan\u0131 Abdullah \u00d6zyi\u011fit\u2019e de kendisini ve ekibini davet etti\u011fi i\u00e7in te\u015fekk\u00fcr etti.<\/p>\n","protected":false},"excerpt":{"rendered":"<p>Mersin Yeni\u015fehir Belediyesi, Naz\u0131m Hikmet Ran\u2019\u0131 121\u2019inci do\u011fum g\u00fcn\u00fcnde d\u00fczenledi\u011fi programla and\u0131. T\u00fcrk Halk M\u00fczi\u011finin usta ismi Sad\u0131k G\u00fcrb\u00fcz\u2019\u00fcn sahne ald\u0131\u011f\u0131 anma program\u0131na Mersinliler yo\u011fun ilgi g\u00f6sterdi. Naz\u0131m Hikmet\u2019in \u201cVasiyet\u201d &hellip; <a href=\"https:\/\/akdenizolaygazetesi.com\/?p=23654\" class=\"more-link\">Devam\u0131n\u0131 Oku&#8230;<\/a><\/p>\n","protected":false},"author":2,"featured_media":23655,"comment_status":"open","ping_status":"open","sticky":false,"template":"","format":"standard","meta":[],"categories":[3,5],"tags":[],"_links":{"self":[{"href":"https:\/\/akdenizolaygazetesi.com\/index.php?rest_route=\/wp\/v2\/posts\/23654"}],"collection":[{"href":"https:\/\/akdenizolaygazetesi.com\/index.php?rest_route=\/wp\/v2\/posts"}],"about":[{"href":"https:\/\/akdenizolaygazetesi.com\/index.php?rest_route=\/wp\/v2\/types\/post"}],"author":[{"embeddable":true,"href":"https:\/\/akdenizolaygazetesi.com\/index.php?rest_route=\/wp\/v2\/users\/2"}],"replies":[{"embeddable":true,"href":"https:\/\/akdenizolaygazetesi.com\/index.php?rest_route=%2Fwp%2Fv2%2Fcomments&post=23654"}],"version-history":[{"count":1,"href":"https:\/\/akdenizolaygazetesi.com\/index.php?rest_route=\/wp\/v2\/posts\/23654\/revisions"}],"predecessor-version":[{"id":23656,"href":"https:\/\/akdenizolaygazetesi.com\/index.php?rest_route=\/wp\/v2\/posts\/23654\/revisions\/23656"}],"wp:featuredmedia":[{"embeddable":true,"href":"https:\/\/akdenizolaygazetesi.com\/index.php?rest_route=\/wp\/v2\/media\/23655"}],"wp:attachment":[{"href":"https:\/\/akdenizolaygazetesi.com\/index.php?rest_route=%2Fwp%2Fv2%2Fmedia&parent=23654"}],"wp:term":[{"taxonomy":"category","embeddable":true,"href":"https:\/\/akdenizolaygazetesi.com\/index.php?rest_route=%2Fwp%2Fv2%2Fcategories&post=23654"},{"taxonomy":"post_tag","embeddable":true,"href":"https:\/\/akdenizolaygazetesi.com\/index.php?rest_route=%2Fwp%2Fv2%2Ftags&post=23654"}],"curies":[{"name":"wp","href":"https:\/\/api.w.org\/{rel}","templated":true}]}}