{"id":23663,"date":"2023-01-21T11:39:28","date_gmt":"2023-01-21T08:39:28","guid":{"rendered":"http:\/\/akdenizolaygazetesi.com\/?p=23663"},"modified":"2023-01-21T11:39:28","modified_gmt":"2023-01-21T08:39:28","slug":"toroslarda-mahalleler-kose-bucak-temizleniyor-2","status":"publish","type":"post","link":"https:\/\/akdenizolaygazetesi.com\/?p=23663","title":{"rendered":"TOROSLAR&#8217;DA MAHALLELER K\u00d6\u015eE BUCAK TEM\u0130ZLEN\u0130YOR"},"content":{"rendered":"<p>Toroslar Belediyesi&#8217;nin &#8220;Daha Temiz ve Daha Ya\u015fanabilir Bir Toroslar&#8221; hedefiyle s\u00fcrd\u00fcrd\u00fc\u011f\u00fc &#8220;Sokakta Temizlik Var&#8221; projesi ile mahallelerde, genel bir temizlik \u00e7al\u0131\u015fmas\u0131 y\u00fcr\u00fct\u00fcl\u00fcyor.<\/p>\n<p>Temizlik \u0130\u015fleri M\u00fcd\u00fcrl\u00fc\u011f\u00fc ekipleri, rutin temizlik hizmetlerinin yan\u0131 s\u0131ra belli bir program halinde mahalleleri k\u00f6\u015fe bucak temizliyor.<\/p>\n<p>Ekipler bu kapsamda Arpa\u00e7sakarlar Mahallesi&#8217;ndeki sokaklarda; yol y\u0131kama, \u00e7im bi\u00e7me, ot ve kurumu\u015f dallar\u0131n temizli\u011fi ile bo\u015f arsalar\u0131n yan\u0131 s\u0131ra kald\u0131r\u0131m \u00fcst\u00fc ve kenar\u0131 temizlik \u00e7al\u0131\u015fmas\u0131 ger\u00e7ekle\u015ftirdi.<\/p>\n<p>Sabah\u0131n ilk saatlerinde ara\u00e7 ve ekipmanlar\u0131yla sahada olan ekipler, \u00e7evre ve g\u00f6r\u00fcnt\u00fc kirlili\u011fi olu\u015fturan t\u00fcm noktalar\u0131 da titizlikle temizledi.<\/p>\n<p>Ba\u015fkan Y\u0131lmaz; &#8220;\u00d6zveriyle \u00c7al\u0131\u015f\u0131yoruz&#8221;<\/p>\n<p>Toroslar Belediye Ba\u015fkan\u0131 Ats\u0131z Af\u015f\u0131n Y\u0131lmaz, il\u00e7e genelinde \u00e7ok y\u00f6nl\u00fc temizlik ve bak\u0131m \u00e7al\u0131\u015fmalar\u0131na \u00f6nem verdiklerini belirterek, &#8220;Ekiplerimiz, mekanik ara\u00e7lar\u0131m\u0131z ve ekipmanlar\u0131m\u0131zla Toroslar\u0131m\u0131z\u0131n her zaman temiz ve d\u00fczenli olmas\u0131 i\u00e7in \u00e7aba g\u00f6steriyoruz&#8221; dedi.<\/p>\n<p>\u00c7evre temizli\u011fi konusunda \u00e7ok hassas olduklar\u0131n\u0131 da kaydeden Ba\u015fkan Y\u0131lmaz; &#8220;\u0130l\u00e7emizin daha temiz olmas\u0131 ve vatanda\u015flar\u0131m\u0131z\u0131n daha sa\u011fl\u0131kl\u0131 ortamlarda ya\u015famlar\u0131n\u0131 s\u00fcrd\u00fcrmesi i\u00e7in temizlik \u00e7al\u0131\u015fmalar\u0131m\u0131z\u0131 sistemli ve programl\u0131 bir \u015fekilde y\u00fcr\u00fct\u00fcyoruz. Ekiplerimiz mahallelerimizde en ince ayr\u0131nt\u0131y\u0131 bile atlamadan, \u00f6zenle temizlik \u00e7al\u0131\u015fmas\u0131 yap\u0131yor. Bu kent bizim, hepimizin. \u0130stedi\u011finiz kadar yat\u0131r\u0131m ve hizmet yap\u0131n. Ya\u015fad\u0131\u011f\u0131m\u0131z yer temiz olmazsa bu \u00e7al\u0131\u015fmalar bir anlam ifade etmez. Vatanda\u015flar\u0131m\u0131z\u0131n da deste\u011fiyle daha temiz bir Toroslar i\u00e7in m\u00fccadele ediyoruz&#8221; \u015feklinde konu\u015ftu.<\/p>\n","protected":false},"excerpt":{"rendered":"<p>Toroslar Belediyesi&#8217;nin &#8220;Daha Temiz ve Daha Ya\u015fanabilir Bir Toroslar&#8221; hedefiyle s\u00fcrd\u00fcrd\u00fc\u011f\u00fc &#8220;Sokakta Temizlik Var&#8221; projesi ile mahallelerde, genel bir temizlik \u00e7al\u0131\u015fmas\u0131 y\u00fcr\u00fct\u00fcl\u00fcyor. Temizlik \u0130\u015fleri M\u00fcd\u00fcrl\u00fc\u011f\u00fc ekipleri, rutin temizlik hizmetlerinin yan\u0131 &hellip; <a href=\"https:\/\/akdenizolaygazetesi.com\/?p=23663\" class=\"more-link\">Devam\u0131n\u0131 Oku&#8230;<\/a><\/p>\n","protected":false},"author":2,"featured_media":23664,"comment_status":"open","ping_status":"open","sticky":false,"template":"","format":"standard","meta":[],"categories":[3],"tags":[],"_links":{"self":[{"href":"https:\/\/akdenizolaygazetesi.com\/index.php?rest_route=\/wp\/v2\/posts\/23663"}],"collection":[{"href":"https:\/\/akdenizolaygazetesi.com\/index.php?rest_route=\/wp\/v2\/posts"}],"about":[{"href":"https:\/\/akdenizolaygazetesi.com\/index.php?rest_route=\/wp\/v2\/types\/post"}],"author":[{"embeddable":true,"href":"https:\/\/akdenizolaygazetesi.com\/index.php?rest_route=\/wp\/v2\/users\/2"}],"replies":[{"embeddable":true,"href":"https:\/\/akdenizolaygazetesi.com\/index.php?rest_route=%2Fwp%2Fv2%2Fcomments&post=23663"}],"version-history":[{"count":1,"href":"https:\/\/akdenizolaygazetesi.com\/index.php?rest_route=\/wp\/v2\/posts\/23663\/revisions"}],"predecessor-version":[{"id":23665,"href":"https:\/\/akdenizolaygazetesi.com\/index.php?rest_route=\/wp\/v2\/posts\/23663\/revisions\/23665"}],"wp:featuredmedia":[{"embeddable":true,"href":"https:\/\/akdenizolaygazetesi.com\/index.php?rest_route=\/wp\/v2\/media\/23664"}],"wp:attachment":[{"href":"https:\/\/akdenizolaygazetesi.com\/index.php?rest_route=%2Fwp%2Fv2%2Fmedia&parent=23663"}],"wp:term":[{"taxonomy":"category","embeddable":true,"href":"https:\/\/akdenizolaygazetesi.com\/index.php?rest_route=%2Fwp%2Fv2%2Fcategories&post=23663"},{"taxonomy":"post_tag","embeddable":true,"href":"https:\/\/akdenizolaygazetesi.com\/index.php?rest_route=%2Fwp%2Fv2%2Ftags&post=23663"}],"curies":[{"name":"wp","href":"https:\/\/api.w.org\/{rel}","templated":true}]}}