{"id":23666,"date":"2023-01-21T11:41:42","date_gmt":"2023-01-21T08:41:42","guid":{"rendered":"http:\/\/akdenizolaygazetesi.com\/?p=23666"},"modified":"2023-01-21T11:41:42","modified_gmt":"2023-01-21T08:41:42","slug":"ben-eminim-halkimiz-mayis-ayinda-bu-ulkeye-bahar-getirecek","status":"publish","type":"post","link":"https:\/\/akdenizolaygazetesi.com\/?p=23666","title":{"rendered":"&#8220;BEN EM\u0130N\u0130M HALKIMIZ MAYIS AYINDA BU \u00dcLKEYE BAHAR GET\u0130RECEK&#8221;"},"content":{"rendered":"<p>Mersin B\u00fcy\u00fck\u015fehir Belediyesi&#8217;nin, &#8220;Mersin Y\u00fckseliyor, 41 Kere M\u00fcjde, 41 Yeni A\u00e7\u0131l\u0131\u015f&#8221; mottosuyla ba\u015flatt\u0131\u011f\u0131 a\u00e7\u0131l\u0131\u015flar\u0131n alt\u0131nc\u0131s\u0131 &#8216;Kent Meydan\u0131 ve Katl\u0131 Otopark&#8217; oldu. Akdeniz il\u00e7esi Silifke Caddesi Tevfik S\u0131rr\u0131 G\u00fcr Anadolu Lisesi yan\u0131nda bulunan alanda yapt\u0131\u011f\u0131 \u00e7al\u0131\u015fmalarla kente katl\u0131 otopark ve kent meydan\u0131 kazand\u0131ran B\u00fcy\u00fck\u015fehir Belediyesi, \u00f6zellikle mesai saatleri i\u00e7erisinde ya\u015fanan trafik ve park sorununu rahatlatman\u0131n yan\u0131 s\u0131ra Mersinlilerin de faydalanabilecekleri bir sosyal alan yaratm\u0131\u015f oldu. Ba\u015fkan Vahap Se\u00e7er taraf\u0131ndan a\u00e7\u0131l\u0131\u015f\u0131 ger\u00e7ekle\u015ftirilen &#8216;Kent Meydan\u0131 ve Katl\u0131 Otopark&#8217;, Mersin \u00e7ars\u0131s\u0131n\u0131 eski cazibesine kavu\u015fturmas\u0131n\u0131n yan\u0131 s\u0131ra Mersinlilerden de tam not ald\u0131.<\/p>\n<p>\u00c7ar\u015f\u0131 merkezinde ula\u015f\u0131m\u0131 rahatlatmak amac\u0131 ile hizmete ge\u00e7irilen Kent Meydan\u0131 ve Katl\u0131 Otopark, 345 ara\u00e7 ve 40 motosiklet kapasitesine sahip olmas\u0131n\u0131n yan\u0131nda,  sokak basketbolu, g\u00f6steri ve sergi alanlar\u0131, a\u00e7\u0131k hava satran\u00e7 ile bocce oyun sahalar\u0131, aletli jimnastik alan\u0131, kaykay-paten sahas\u0131, masa tenisleri gibi bir\u00e7ok imk\u00e2n\u0131yla t\u00fcm vatanda\u015flar\u0131n ihtiya\u00e7lar\u0131na kar\u015f\u0131l\u0131k verebilecek sosyal alan olma \u00f6zelli\u011fi de ta\u015f\u0131yor.<\/p>\n<p>&#8220;29 milyon liral\u0131k imalat\u0131 olan 2 katl\u0131, modern bir otopark a\u00e7aca\u011f\u0131z&#8221;<\/p>\n<p>Ba\u015fkan Vahap Se\u00e7er, Belediye Ba\u015fkan\u0131 olarak sorunlu g\u00f6rd\u00fckleri her alana dokunduklar\u0131n\u0131 ifade ederek, &#8220;\u0130\u015fte Belediye Ba\u015fkanl\u0131\u011f\u0131 b\u00f6yle bir \u015fey. Yolda ge\u00e7erken, arabada giderken her \u015feyi g\u00f6rebiliyorsunuz Belediye Ba\u015fkan\u0131 olarak. E\u011freti duran, yeni imalat\u0131 yap\u0131lm\u0131\u015f bir bord\u00fcr ta\u015f\u0131 bile dikkatinizi \u00e7ekiyor ya da bir alan\u0131 gezerken d\u00f6\u015fenen parkenin kalitesi bile dikkatinizi \u00e7ekiyor, uyar\u0131da bulunuyorsunuz. \u0130\u015fte u\u00e7akta seyahat ederken 1 y\u0131l sonra Mersin&#8217;de su sorununun ya\u015fan\u0131p ya\u015fanmayaca\u011f\u0131n\u0131 daha bug\u00fcnden Toroslar&#8217;\u0131n tepesinde kar var m\u0131 yok mu bunun tespitini yaparak b\u00f6yle Belediye Ba\u015fkanl\u0131\u011f\u0131 yap\u0131yoruz&#8221; dedi.<\/p>\n<p> &#8220;Mersin&#8217;de sosyal bar\u0131\u015f\u0131 sa\u011fl\u0131yorsak, T\u00fcrkiye&#8217;de sosyal bar\u0131\u015f\u0131 sa\u011fl\u0131yoruz demektir&#8221;<\/p>\n<p>T\u00fcrkiye Cumhuriyeti kimli\u011fini ta\u015f\u0131yan 85 milyonun da, d\u00fcnyadaki 7 milyardan fazla insan\u0131n da tabiat\u0131, dili, dini, \u0131rk\u0131, mezhebi, me\u015frebi ne olursa olsun kendilerinin karde\u015fi oldu\u011funu vurgulayan Ba\u015fkan Se\u00e7er, &#8220;Se\u00e7im sath\u0131 mahalline giriyoruz. Mersin \u00f6nemli bir kent. Mersin T\u00fcrkiye&#8217;nin \u00f6zeti. Mersin&#8217;de sosyal bar\u0131\u015f\u0131 sa\u011fl\u0131yorsak, T\u00fcrkiye&#8217;de sosyal bar\u0131\u015f\u0131 sa\u011fl\u0131yoruz demektir. Mersin&#8217;e bir halel getirirsek, bunu siyaset u\u011fruna yap\u0131yorsak, 3-5 oy u\u011fruna yap\u0131yorsak, tekrar Belediye Ba\u015fkan\u0131 se\u00e7ilmek i\u00e7in yap\u0131yorsak, milletvekili olmak i\u00e7in yap\u0131yorsak hem hukuken hem ahl\u00e2ken hem insanen hem vicdanen bunlar kabul edilebilir davran\u0131\u015flar de\u011fildir&#8221; dedi.<\/p>\n<p>&#8220;Toplumun huzuru sand\u0131k sonu\u00e7lar\u0131n\u0131 belirleyecek&#8221;<\/p>\n<p>Ba\u015fkan Se\u00e7er, May\u0131s ay\u0131nda yap\u0131lmas\u0131 planlanan se\u00e7imde T\u00fcrkiye&#8217;nin tercihini yapaca\u011f\u0131na da de\u011finerek, &#8220;Yap\u0131lan uygulamalar, T\u00fcrkiye&#8217;nin geldi\u011fi nokta, ald\u0131\u011f\u0131 hizmetler, ekonomi, her \u015feyden \u00f6nemlisi toplumun huzuru sand\u0131k sonu\u00e7lar\u0131n\u0131 belirleyecek. Ben buradan vatanda\u015flar\u0131m\u0131za seslenmek istiyorum; T\u00fcrkiye&#8217;de esen, ki en fazla bizi \u00e7arp\u0131p hasta etmeye \u00e7al\u0131\u015fan bu korku ve bask\u0131 r\u00fczg\u00e2r\u0131ndan etkilenmeyin. Bak\u0131n Ba\u015fkan\u0131n\u0131z etkileniyor mu? \u015eimdilik Allah&#8217;a havale ediyor ama T\u00fcrkiye&#8217;de bizim standartlar\u0131m\u0131za uygun, bizim standartlar\u0131m\u0131z da geli\u015fmi\u015f toplum standartlar\u0131d\u0131r, ona uygun bir hukuk sistemi tekrar hayat buldu\u011fu zaman, o zaman bunlar\u0131 biz hukuka havale edece\u011fiz. En kibar \u015fekliyle bunun b\u00f6yle bilinmesini isteriz&#8221; diye konu\u015ftu.<\/p>\n<p>&#8220;Kent Meydan\u0131 her  \u015fehir i\u00e7in \u00f6nemlidir&#8221;<\/p>\n<p>&#8217;41 Kere Ma\u015fallah&#8217; diyerek 41 a\u00e7\u0131l\u0131\u015f yapacaklar\u0131ndan s\u00f6z eden Ba\u015fkan Se\u00e7er, a\u00e7\u0131l\u0131\u015f\u0131 ger\u00e7ekle\u015ftirilen Kent Meydan\u0131 ve Katl\u0131 Otopark konusunda bilgilendirmelerde bulundu. Se\u00e7er, &#8220;Buras\u0131 daha \u00f6nce kullan\u0131lan ama halka a\u00e7\u0131k olmayan, bir hayli de eskimi\u015f, demode olmu\u015f, iptidai dedi\u011fimiz tek katl\u0131 otoparkt\u0131. Her bir kat\u0131 5 bin 500 metrekare ve toplamda da 345 ara\u00e7, 40 motosiklet ve bisiklet al\u0131yor. Bu otopark\u0131n \u00f6zelli\u011fi; \u015furada \u00d6zg\u00fcr \u00c7ocuk Park\u0131 var. Oras\u0131 3 Nolu Metro \u0130stasyonumuz. Oraya da yer alt\u0131ndan t\u00fcnelle ba\u011fl\u0131 olan bir otopark. Biz Metro Projesi&#8217;nde biliyorsunuz 6 istasyonda toplamda 2 bin 300 ara\u00e7l\u0131k otopark da yapaca\u011f\u0131z. Asl\u0131nda Metro Projesi&#8217;nin ilk otopark\u0131 da olmu\u015f oluyor. Di\u011ferleri de her istasyonun, 6 istasyonun alt\u0131nda yer alacak. Buras\u0131 son sistem. Ara\u00e7 y\u0131kama \u00fcnitesinden, asans\u00f6re, yang\u0131n merdiveninden, yang\u0131n s\u00f6nd\u00fcrme cihazlar\u0131na kadar son sistem. 7\/24 g\u00fcvenlik kontrol\u00fc alt\u0131nda, bo\u015f-dolu sens\u00f6rleriyle park yeri tespiti yapan bir otopark olacak. Buran\u0131n plaka sistemi tan\u0131mlanan bir yap\u0131s\u0131 var, bir sistemi var ve burada \u00fccret i\u00e7in abonelik sistemi de geli\u015ftirilmi\u015f oldu. Belediyemizin ba\u011fl\u0131 kurulu\u015fu olan \u0130mar A.\u015e.&#8217;nin otoparklar\u0131n\u0131n tamam\u0131nda o abone kart\u0131 da ge\u00e7erli olacak&#8221; dedi. 7 bin 200 metrekarelik Kent Meydan\u0131&#8217;n\u0131n da bu projede \u00e7ok b\u00fcy\u00fck bir \u00f6nem arz etti\u011finden s\u00f6z eden Se\u00e7er, &#8220;Kent Meydan\u0131 her \u015fehir i\u00e7in \u00f6nemlidir. Nefes alaca\u011f\u0131m\u0131z bir yer olsun isteriz. Al\u0131\u015fveri\u015fe \u00e7\u0131kt\u0131k, d\u00f6n\u00fcyoruz, eve gidece\u011fiz, okuldan d\u00f6n\u00fcyoruz, oturup soluklanaca\u011f\u0131m\u0131z bir yer isteriz. Yaz\u0131n g\u00fcne\u015ften korunaca\u011f\u0131m\u0131z, k\u0131\u015f\u0131n so\u011fukta g\u00fcne\u015flenece\u011fimiz bir alan isteriz. Buras\u0131 da eski Mersin merkezin tam g\u00f6be\u011fi olarak an\u0131labilecek bir yer. Burada da vatanda\u015flar\u0131m\u0131z bu \u00e7ar\u015f\u0131ya al\u0131\u015fveri\u015fe geldi\u011finde kullanabilecekleri ya da okullara geldi\u011finde kullanabilecekleri nefis bir alan&#8221; \u015feklinde konu\u015ftu.<\/p>\n<p>&#8220;Metroyu ve 35 kilometrelik rayl\u0131 sistem projesini Mersin&#8217;e kazand\u0131rmadan, g\u00f6revimden ayr\u0131lmayaca\u011f\u0131m. Bu s\u00f6z\u00fc veriyorum&#8221;<\/p>\n<p>Vatanda\u015flardan, Marina ve Forum AVM a\u00e7\u0131ld\u0131ktan sonra Mersin merkez olarak adland\u0131r\u0131lan b\u00f6lgenin eski cazibesini yitirdi\u011fine dair \u015fik\u00e2yetler ald\u0131klar\u0131n\u0131 ve bunu do\u011fru bir yakla\u015f\u0131m olarak de\u011ferlendirdi\u011fini s\u00f6yleyen Ba\u015fkan Se\u00e7er &#8221; &#8216;Mersin merkez cazibe merkezi olmaktan \u00e7\u0131kt\u0131&#8217;. Do\u011fru bir yakla\u015f\u0131m ama biz bunu tersine \u00e7evirebiliriz. Metro buna katk\u0131 sa\u011flayacak \u00f6nemli bir toplu ta\u015f\u0131ma projesidir. Bak\u0131n buradan sesleniyorum; burada ben belediye oldu\u011fum s\u00fcrece s\u00f6z veriyorum size bu Metroyu ve mevcut projenin d\u0131\u015f\u0131nda da toplam 35 kilometrelik rayl\u0131 sistem projesini mersine kazand\u0131rmadan Mersin&#8217;den, g\u00f6revimden ayr\u0131lmayaca\u011f\u0131m. Bu s\u00f6z\u00fc veriyorum&#8221; dedi.<\/p>\n<p>&#8220;Ben eminim halk\u0131m\u0131z May\u0131s ay\u0131nda bu \u00fclkeye bahar getirecek&#8221;<\/p>\n<p>May\u0131s ay\u0131nda yap\u0131lmas\u0131 muhtemel se\u00e7imlere de de\u011finen Ba\u015fkan Se\u00e7er, &#8220;Muhtemelen May\u0131s ay\u0131nda se\u00e7im var, \u00f6yle g\u00f6r\u00fcn\u00fcyor. May\u0131s ay\u0131nda halk\u0131m\u0131z, 31 Mart&#8217;ta bahar getirdi ya, ben eminim halk\u0131m\u0131z May\u0131s ay\u0131nda bu \u00fclkeye bahar getirecek. Partim iktidar olsun, Say\u0131n Genel Ba\u015fkan\u0131m Cumhurba\u015fkan\u0131 olsun ya da alt\u0131l\u0131 masan\u0131n aday\u0131 Cumhurba\u015fkan\u0131 se\u00e7ilsin, Mersin&#8217;e 4 y\u0131lda yapt\u0131\u011f\u0131m hizmeti, bu kadar s\u0131k\u0131nt\u0131l\u0131 ko\u015fullar alt\u0131nda yapt\u0131\u011f\u0131m hizmeti, emin olun size bir y\u0131lda yapar\u0131m, emin olun buna. Bunu t\u00fcm samimiyetimle ve t\u00fcm ger\u00e7eklikle s\u00f6yl\u00fcyorum. Hayal \u00fcr\u00fcn\u00fc de\u011fil. Yeter ki \u00fclkeme bahar gelsin, onu istiyorum. \u00c7i\u00e7ekler a\u00e7s\u0131n, b\u00f6ceklerin sesi gelsin, ku\u015flar\u0131n sesi gelsin, insanlar\u0131n y\u00fcz\u00fc g\u00fcls\u00fcn, cemreler topra\u011fa, havaya, suya d\u00fc\u015fs\u00fcn. Yeter ki o ger\u00e7ekle\u015fsin. Bak\u0131n ondan sonra neler oluyor&#8221; diye konu\u015ftu.<\/p>\n<p>A\u00e7\u0131l\u0131\u015f\u0131 yap\u0131lan Katl\u0131 Otopark ve Kent Meydan\u0131&#8217;n\u0131n da i\u00e7erisinde oldu\u011fu 4.9 hektarl\u0131k alan \u00fczerindeki \u00e7al\u0131\u015fmalar hakk\u0131nda da bilgi veren Ba\u015fkan Se\u00e7er &#8220;Bu yenileme alan\u0131 4.9 hektarl\u0131k bir alan,  projesini bitirdik. En son Koruma Kurulu kararlar\u0131 \u00e7\u0131k\u0131yor. Bir\u00e7ok b\u00f6lgede zaten \u00e7al\u0131\u015fmalar\u0131 ba\u015flatt\u0131k. \u0130stiklal Caddesi yap\u0131l\u0131yor, ilk etab\u0131 bitmek \u00fczere. Sonra 2. Etap Hastane Caddesi-\u00d6zg\u00fcr \u00c7ocuk Park\u0131, \u00d6zg\u00fcr \u00c7ocuk Park\u0131-GMK Bulvar\u0131&#8217;na kadar devam edece\u011fiz. G\u00f6rmeyenler g\u00f6rs\u00fcn. Bitmek \u00fczere ilk etap. Eski Mersin&#8217;e yak\u0131\u015f\u0131r, onun o otantik havas\u0131na yak\u0131\u015f\u0131r bir cadde meydana geliyor burada. Bir\u00e7ok yerde d\u00fczenlemeler olacak. Bak\u0131n yava\u015f yava\u015f ortaya \u00e7\u0131kmaya ba\u015flad\u0131. MESK\u0130 binas\u0131nda kar\u015f\u0131da g\u00f6r\u00fcyorsunuz. Daha 15 g\u00fcn \u00f6nce ta\u015f\u0131nd\u0131. Abone i\u015fleri de buraya geldi duyural\u0131m&#8221; ifadelerini kulland\u0131.<\/p>\n<p>&#8220;\u0130tibarl\u0131 bir siyaset\u00e7i halka verdi\u011fi s\u00f6z\u00fc tutan siyaset\u00e7idir&#8221;<\/p>\n<p>Bu \u00e7al\u0131\u015fmalar\u0131n eski Mersin \u00e7ars\u0131s\u0131n\u0131 canland\u0131rma \u00e7al\u0131\u015fmalar\u0131n\u0131n kar\u015f\u0131l\u0131\u011f\u0131 oldu\u011funa dikkat \u00e7eken Ba\u015fkan Se\u00e7er \u015funlar\u0131 kaydetti:<\/p>\n<p>&#8220;Bunlar\u0131 neden yapt\u0131k biliyor musunuz? Lafla, s\u00f6zle peynir gemisi y\u00fcr\u00fcm\u00fcyor, &#8216;eski Mersin \u00e7ar\u015f\u0131s\u0131n\u0131 canland\u0131ral\u0131m&#8217; dedik. Canland\u0131ral\u0131m da &#8216;Canlan \u00e7ar\u015f\u0131&#8217; demekle canlanm\u0131yor i\u015fte. Bir \u015feyler yapacaks\u0131n\u0131z. Metro yapacaks\u0131n\u0131z, otopark yapacaks\u0131n\u0131z, cadde d\u00fczenlemesini yapacaks\u0131n\u0131z ve m\u00fcmk\u00fcnse vatanda\u015f\u0131n merkeze gelmesini sa\u011flayacaks\u0131n\u0131z. Metroyla, abone i\u015flerini buraya ta\u015f\u0131yarak, insanlar buraya gelsin, \u015fehrin merkezine gelsin. Buralar cazibe merkezi olsun. \u0130stiklal Caddesi d\u00fczenlemesinden sonra ayn\u0131 ekip \u00c7aml\u0131bel&#8217;e giriyor. Her \u015fey haz\u0131r; projesi haz\u0131r, izinleri haz\u0131r, \u00c7aml\u0131bel canlans\u0131n. Bal\u0131k pazar\u0131; buradan oradaki bal\u0131k\u00e7\u0131 karde\u015flerime de bir s\u00f6z\u00fcm\u00fc hat\u0131rlatay\u0131m. Biz s\u00f6z\u00fcm\u00fcz\u00fc unutmay\u0131z, asla. Makam, mevki; s\u00f6z\u00fcm\u00fcz\u00fc yedi\u011fimiz an be\u015f paral\u0131k k\u0131ymeti olmayan yerlerdir makamlar, mevkiler. Makam\u0131nda mevkisinde itibarl\u0131, muteber bir siyaset\u00e7i halka verdi\u011fi s\u00f6z\u00fc tutan siyaset\u00e7idir. Biz b\u00f6yle siyaset\u00e7iyiz, yoksa o g\u00f6revleri derhal b\u0131rak\u0131r\u0131z. Biz soka\u011fa \u00e7\u0131kt\u0131\u011f\u0131m\u0131z zaman ba\u015f\u0131 dik gezen siyasileriz.&#8221;<\/p>\n<p>&#8220;Haftaya Say\u0131n Genel Ba\u015fkan\u0131m\u0131z ve Mersinlilerle beraber Otob\u00fcs Yerle\u015fkesi ve \u0130zleme Koordinasyon Merkezi&#8217;nin a\u00e7\u0131l\u0131\u015f\u0131n\u0131 yapaca\u011f\u0131z&#8221;<\/p>\n<p>Kent genelinde hayata ge\u00e7irmeyi planlad\u0131klar\u0131 projeleri anlatan Ba\u015fkan Se\u00e7er, &#8220;D\u00f6rt y\u0131l bo\u015fa ge\u00e7memi\u015f, yatarak ge\u00e7memi\u015f. Bak 41 a\u00e7\u0131l\u0131\u015f yapaca\u011f\u0131z. Yatm\u0131yoruz, \u00e7al\u0131\u015f\u0131yoruz. Yapt\u0131\u011f\u0131m\u0131z icraatlar bunun g\u00f6stergesi&#8221; dedi. \u00d6n\u00fcm\u00fczdeki hafta Otob\u00fcs Yerle\u015fkesi ve \u0130zleme Koordinasyon Merkezi&#8217;nin a\u00e7\u0131l\u0131\u015f\u0131n\u0131 CHP Genel Ba\u015fkan\u0131 Kemal K\u0131l\u0131\u00e7daro\u011flu ile yapacaklar\u0131na de\u011finen Ba\u015fkan Se\u00e7er, \u015funlar\u0131 s\u00f6yledi:<\/p>\n<p>&#8220;Haftaya \u00e7ok \u00f6nemli bir g\u00fcn\u00fcm\u00fcz olacak. Cumhuriyet Halk Partisi&#8217;nin Say\u0131n Genel Ba\u015fkan\u0131 Kemal K\u0131l\u0131\u00e7daro\u011flu, Genel Ba\u015fkan\u0131m\u0131z Mersin&#8217;i onurland\u0131racak ve burada tabi ki toplant\u0131lar yapacak. Bir dizi \u00e7al\u0131\u015fmalar yapacak ama Mersin&#8217;e \u00e7ok g\u00fczel bir Otob\u00fcs Yerle\u015fkesi ve \u0130zleme Koordinasyon Merkezi kazand\u0131rd\u0131k. ME\u015eOT&#8217;u biliyorsunuz. Toroslar&#8217;da. Onun yan\u0131nda bir \u00e7\u00f6p alan\u0131 vard\u0131.  47 d\u00f6n\u00fcm.  Buras\u0131 otob\u00fcs yerle\u015fkemiz ve \u0130zleme Koordinasyon Merkezimiz. O g\u00fcn bir \u015fey daha yapaca\u011f\u0131z. Dedim ya y\u00f6netici s\u00f6z\u00fcn\u00fcn eri adam olmal\u0131. Dedim ki; &#8216;Bu d\u00f6nem ilk g\u00f6rev d\u00f6nemim, be\u015f y\u0131l\u0131mda 272 otob\u00fcs planlad\u0131m. Bunun y\u00fczde 85&#8217;i CNG&#8217;li.  Bunu da Mersin&#8217;e kazand\u0131raca\u011f\u0131z ve 2029 y\u0131l\u0131na kadar Mersin&#8217;in otob\u00fcs ihtiyac\u0131 kalmayacak. 41 otob\u00fcs de peyderpey geliyor. Haftaya Otob\u00fcs Yerle\u015fkesi ve \u0130zleme Koordinasyon Merkezi ve 272 otob\u00fcs\u00fcn son parti teslim t\u00f6reninde de Say\u0131n Genel Ba\u015fkan\u0131m\u0131z ve Mersinlilerle beraber o a\u00e7\u0131l\u0131\u015f\u0131 yapaca\u011f\u0131z.&#8221;<\/p>\n<p>&#8220;Hayal etti\u011fimiz en b\u00fcy\u00fck projeyi ger\u00e7ekle\u015ftirdik; Mersin halk\u0131na huzur getirdik&#8221;<\/p>\n<p>Ba\u015fkan Se\u00e7er, Mersin&#8217;e bir\u00e7ok hizmetin yan\u0131 s\u0131ra en b\u00fcy\u00fck hizmet olan huzuru getirdiklerini s\u00f6yleyerek, &#8220;\u00c7al\u0131\u015f\u0131yoruz, \u00e7al\u0131\u015fmaya devam edece\u011fiz. Bunlar olur, bunlar maddi \u015feyler ama y\u00f6netime gelir gelmez biz asl\u0131nda kafam\u0131zda tahayy\u00fcl etti\u011fimiz, hayal etti\u011fimiz en b\u00fcy\u00fck projeyi ger\u00e7ekle\u015ftirdik; huzur. Mersin halk\u0131na huzur getirdik. Mersin&#8217;de ya\u015fayan hi\u00e7bir karde\u015fim bu kentte kendini yaln\u0131z, \u00f6teki hissetmesin. Do\u011fudan bat\u0131ya, kuzeyden g\u00fcneye bu kente \u00e7ocu\u011funun gelece\u011fi, a\u015f\u0131 i\u00e7in gelen her karde\u015fim Mersinlidir ve benim karde\u015fimdir&#8221; dedi.<\/p>\n<p>B\u00fcy\u00fck\u015fehir Belediyesi Fen \u0130\u015fleri Dairesi Ba\u015fkan\u0131 Kutlu Sezen, yap\u0131m\u0131 tamamlanan Kent Meydan\u0131 ve Katl\u0131 Otopark&#8217;\u0131n 1,5 senede tamamland\u0131\u011f\u0131n\u0131 belirterek, &#8220;Burada 5 bin 500 metrekarelik 2 katl\u0131 betonarme bir katl\u0131 otopark in\u015faat\u0131m\u0131z mevcuttur. Otopark i\u00e7erisinde park takip sistemi, yang\u0131ndan korunma otomasyonlar\u0131, havaland\u0131rma sistemleri g\u00fcncel yap\u0131 teknolojilerine uygun olarak yap\u0131lm\u0131\u015ft\u0131r. 345 adet arac\u0131n 40 adet motosikletin park edebildi\u011fi bu alanda trafik sirk\u00fclasyonlar\u0131 uygun bir \u015fekilde \u00e7al\u0131\u015farak \u00e7ok y\u00fcksek g\u00fcvenlikli bir otopark haline getirilmi\u015ftir. Otopark\u0131n \u00fczerinde olu\u015fturmu\u015f oldu\u011fumuz kent meydan\u0131m\u0131zda sokak basketbolu, g\u00f6steri ve sergi alanlar\u0131, a\u00e7\u0131k hava satran\u00e7 alan\u0131, bocce oyun sahas\u0131, aletli jimnastik alan\u0131, kaykay, paten sahas\u0131, masa tenisi alanlar\u0131, s\u00fcs havuzlar\u0131, oturma alanlar\u0131 kazand\u0131r\u0131larak halk\u0131m\u0131za sunulmu\u015ftur&#8221; dedi.<\/p>\n<p>Konu\u015fmalar\u0131n ard\u0131ndan Ba\u015fkan Vahap Se\u00e7er ve protokol \u00fcyeleri hizmetin a\u00e7\u0131l\u0131\u015f\u0131n\u0131 Mersinlilerle birlikte ger\u00e7ekle\u015ftirdi.<\/p>\n<p>B\u00fcy\u00fck\u015fehir&#8217;in hizmetleri Mersinlilere &#8217;41 Kere Ma\u015fallah&#8217; dedirtiyor<\/p>\n<p>Katl\u0131 Otopark ve Kent Meydan\u0131&#8217;n\u0131n Mersin&#8217;e \u00e7ok yak\u0131\u015ft\u0131\u011f\u0131n\u0131 s\u00f6yleyen vatanda\u015flardan Haydar \u00c7elik, &#8220;Belediyemizin ve Vahap Se\u00e7er&#8217;in ger\u00e7ekten takdire \u015fayan \u00e7al\u0131\u015fmalar\u0131 var, her zaman takdir ediyorum. Sa\u011f olsun \u00f6yle bir eser kazand\u0131rd\u0131 ki e\u015fi benzeri yok, Mersin gibi bir yerde bu kadar s\u0131k\u0131\u015f\u0131kl\u0131\u011fa ra\u011fmen burada b\u00f6yle bir imkan yaratmak \u00e7ok muazzam, \u00e7ok g\u00fczel. 41 kere de 2 bin 500 kere de ma\u015fallah&#8221; dedi. Hatice Derya Ery\u00fcrekler isimli gen\u00e7 ise, Mersin i\u00e7in \u00e7ok b\u00fcy\u00fck bir de\u011fi\u015fim oldu\u011funu belirterek, &#8220;\u00c7\u00fcnk\u00fc otopark sorunu her yerde vard\u0131, park etmek \u00e7ok zaman\u0131m\u0131z\u0131 al\u0131yordu. Ben mutlu oldum bir gen\u00e7 olarak. Ba\u015fkan\u0131m\u0131za te\u015fekk\u00fcr ederiz b\u00f6yle bir \u015fey vesile oldu\u011fu i\u00e7in. Mersin&#8217;in b\u00f6yle de\u011fi\u015fmesi ve g\u00fczelle\u015fmesi bizi \u00e7ok mutlu ediyor. Ben mutlu oluyorum, insanlar da mutlu oluyordur umar\u0131m&#8221; diye konu\u015ftu.<\/p>\n<p>&#8220;M\u00fc\u015fterilerimiz arabas\u0131n\u0131 otoparka koyacak, rahat rahat al\u0131\u015fveri\u015fini yapacak&#8221;<\/p>\n<p>Yakla\u015f\u0131k 50 y\u0131ld\u0131r esnaf olan Mehmet T\u0131nas, &#8220;\u00c7ok memnun olduk. \u00d6zellikle otopark\u0131n yap\u0131lmas\u0131na \u00e7ok memnun olduk. \u00c7\u00fcnk\u00fc bizim bu \u00e7ar\u015f\u0131n\u0131n en b\u00fcy\u00fck s\u0131k\u0131nt\u0131s\u0131 otopark. Otopark a\u00e7\u0131ld\u0131ktan sonra gelen m\u00fc\u015fterilerimiz arabas\u0131n\u0131 otoparka koyacak, rahat rahat al\u0131\u015fveri\u015fini yapacak. Kafas\u0131nda soru i\u015fareti kalmayacak. B\u00fcy\u00fck\u015fehir&#8217;e \u00e7ok te\u015fekk\u00fcr ediyoruz. Eski \u00e7ar\u015f\u0131 di\u011fer yerlere nazaran cazibesi biraz daha d\u00fc\u015f\u00fck de olsa bu bize bir katma de\u011fer sa\u011flayacak. En az\u0131ndan m\u00fc\u015fteri rahatl\u0131\u011f\u0131 a\u00e7\u0131s\u0131ndan. Beklentimiz buydu. Bu da ger\u00e7ekle\u015fmi\u015f oldu&#8221; dedi.  \u00c7ar\u015f\u0131 esnaf\u0131ndan Aynur Demir, &#8220;Esnaf olarak gayet mutluyuz. Kar\u015f\u0131s\u0131 komple kapan\u0131yordu bizim i\u00e7in \u00e7ok rahats\u0131z edici g\u00f6r\u00fcnt\u00fc vard\u0131 ortada. \u015eu an \u00e7ok da rahat, geni\u015f ve g\u00fczel ye\u015fillikli bir alan var. Bunun i\u00e7in uzun bir s\u00fcre \u00e7al\u0131\u015ft\u0131lar, gayet \u00f6zen g\u00f6sterdiler&#8221; diye konu\u015ftu.<\/p>\n<p>&#8220;\u015eehir merkezinde b\u00f6yle bir otopark\u0131n olmas\u0131 \u00e7ok b\u00fcy\u00fck bir avantaj&#8221;<\/p>\n<p>Katl\u0131 Otopark a\u00e7\u0131l\u0131\u015f\u0131na kat\u0131lan vatanda\u015f Recai Keser, &#8220;\u015eehir merkezinde b\u00f6yle bir otopark\u0131n olmas\u0131 \u00e7ok b\u00fcy\u00fck bir avantaj. \u015eehri rahatlat\u0131r. Ara sokaklara bak\u0131yorsun trafikten dolay\u0131 yaya yollar\u0131 kapan\u0131yor. \u015eehir merkezinde katl\u0131 bir otopark\u0131n olmas\u0131 gurur verici. Yan\u0131nda da b\u00f6yle bir meydan\u0131n, park\u0131n olmas\u0131 son derece g\u00fczeldir&#8221; dedi. Deniz Zenger, Katl\u0131 Otopark ve Kent Meydan\u0131&#8217;n\u0131n a\u00e7\u0131lmas\u0131ndan dolay\u0131 esnaf olarak memnuniyetini dile getirerek, &#8220;Bizim i\u00e7in iyi oldu. \u00c7\u00fcnk\u00fc d\u00fckkan ve park alan\u0131 a\u00e7\u0131s\u0131ndan baya\u011f\u0131 s\u0131k\u0131nt\u0131 ya\u015f\u0131yorduk. Hepimiz i\u00e7in iyi oldu. Hem g\u00f6rsellik olarak hem de duru\u015f olarak daha \u015f\u0131k duracak diye d\u00fc\u015f\u00fcn\u00fcyorum. Gayet g\u00fczel bir \u00f6l\u00e7\u00fcde park alan\u0131 \u00e7\u00f6z\u00fcm sa\u011fland\u0131&#8221; dedi. <\/p>\n<p>D\u00fckkan\u0131 katl\u0131 otopark\u0131n yan\u0131nda olan Erkek Kuaf\u00f6r\u00fc Metin Belveren, &#8220;Esnaf olarak bu konuda \u00e7ok memnunuz. En az\u0131ndan gelen m\u00fc\u015fterilerimizi daha rahat a\u011f\u0131rlayabilece\u011fiz. Otopark sorunumuz olmayacak&#8221; ifadelerine yer verdi. 1972&#8217;den beri \u00e7ar\u015f\u0131da esnafl\u0131k yapan Sabri Duruk, y\u0131llard\u0131r bekledikleri bir \u015fey oldu\u011funu belirterek, &#8220;Bug\u00fcn \u00e7ok \u00f6zel bir g\u00fcn asl\u0131nda. Y\u0131llardan beri burada esnafl\u0131k yap\u0131yoruz b\u00f6yle bir hizmet g\u00f6rmedik \u015fimdiye kadar. Buraya \u00e7ok gerekli olan bir \u015feydi. B\u00fcy\u00fck bir park sorunu vard\u0131 burada. Benim i\u00e7in, \u00e7ar\u015f\u0131 esnaf\u0131 i\u00e7in, cadde i\u00e7in b\u00fcy\u00fck bir hizmet.  \u00c7ok \u00f6nceden yap\u0131lmas\u0131 gerekiyordu. Meydanda gelen vatanda\u015flar oturabilir, dinlenebilir. 41 kere ma\u015fallah diyorum&#8221; dedi. Otopark\u0131n a\u00e7\u0131l\u0131\u015f\u0131n\u0131 &#8220;Mersin&#8217;de beklenen bir \u015fey&#8221; olarak ifade eden esnaf Osman Y\u0131lmaz, &#8220;Mersin&#8217;in kendi \u00f6z\u00fcne d\u00f6nmesinin dokunu\u015flar\u0131ndan bir tanesi. Otopark\u0131n a\u00e7\u0131l\u0131\u015f\u0131 bu merkezdeki esnaf\u0131n, vatanda\u015flar\u0131n ihtiyac\u0131 itibariyle \u00e7ok yerinde, \u00e7ok do\u011fru, \u00e7ok elzem bir \u015fey. Hakikaten mutlu olduk. Ger\u00e7ekten hissedilmi\u015f bir ihtiyac\u0131n giderilmi\u015f olmas\u0131ndan dolay\u0131 kendilerine te\u015fekk\u00fcr ediyoruz&#8221; diye konu\u015ftu.<\/p>\n","protected":false},"excerpt":{"rendered":"<p>Mersin B\u00fcy\u00fck\u015fehir Belediyesi&#8217;nin, &#8220;Mersin Y\u00fckseliyor, 41 Kere M\u00fcjde, 41 Yeni A\u00e7\u0131l\u0131\u015f&#8221; mottosuyla ba\u015flatt\u0131\u011f\u0131 a\u00e7\u0131l\u0131\u015flar\u0131n alt\u0131nc\u0131s\u0131 &#8216;Kent Meydan\u0131 ve Katl\u0131 Otopark&#8217; oldu. Akdeniz il\u00e7esi Silifke Caddesi Tevfik S\u0131rr\u0131 G\u00fcr Anadolu Lisesi &hellip; <a href=\"https:\/\/akdenizolaygazetesi.com\/?p=23666\" class=\"more-link\">Devam\u0131n\u0131 Oku&#8230;<\/a><\/p>\n","protected":false},"author":2,"featured_media":23667,"comment_status":"open","ping_status":"open","sticky":false,"template":"","format":"standard","meta":[],"categories":[8,2,3,5],"tags":[],"_links":{"self":[{"href":"https:\/\/akdenizolaygazetesi.com\/index.php?rest_route=\/wp\/v2\/posts\/23666"}],"collection":[{"href":"https:\/\/akdenizolaygazetesi.com\/index.php?rest_route=\/wp\/v2\/posts"}],"about":[{"href":"https:\/\/akdenizolaygazetesi.com\/index.php?rest_route=\/wp\/v2\/types\/post"}],"author":[{"embeddable":true,"href":"https:\/\/akdenizolaygazetesi.com\/index.php?rest_route=\/wp\/v2\/users\/2"}],"replies":[{"embeddable":true,"href":"https:\/\/akdenizolaygazetesi.com\/index.php?rest_route=%2Fwp%2Fv2%2Fcomments&post=23666"}],"version-history":[{"count":1,"href":"https:\/\/akdenizolaygazetesi.com\/index.php?rest_route=\/wp\/v2\/posts\/23666\/revisions"}],"predecessor-version":[{"id":23668,"href":"https:\/\/akdenizolaygazetesi.com\/index.php?rest_route=\/wp\/v2\/posts\/23666\/revisions\/23668"}],"wp:featuredmedia":[{"embeddable":true,"href":"https:\/\/akdenizolaygazetesi.com\/index.php?rest_route=\/wp\/v2\/media\/23667"}],"wp:attachment":[{"href":"https:\/\/akdenizolaygazetesi.com\/index.php?rest_route=%2Fwp%2Fv2%2Fmedia&parent=23666"}],"wp:term":[{"taxonomy":"category","embeddable":true,"href":"https:\/\/akdenizolaygazetesi.com\/index.php?rest_route=%2Fwp%2Fv2%2Fcategories&post=23666"},{"taxonomy":"post_tag","embeddable":true,"href":"https:\/\/akdenizolaygazetesi.com\/index.php?rest_route=%2Fwp%2Fv2%2Ftags&post=23666"}],"curies":[{"name":"wp","href":"https:\/\/api.w.org\/{rel}","templated":true}]}}