{"id":23675,"date":"2023-01-22T10:55:42","date_gmt":"2023-01-22T07:55:42","guid":{"rendered":"http:\/\/akdenizolaygazetesi.com\/?p=23675"},"modified":"2023-01-22T10:55:42","modified_gmt":"2023-01-22T07:55:42","slug":"mersine-huzur-geldi-sevgi-geldi-saygi-geldi-adalet-geldi","status":"publish","type":"post","link":"https:\/\/akdenizolaygazetesi.com\/?p=23675","title":{"rendered":"&#8220;MERS\u0130N&#8217;E HUZUR GELD\u0130, SEVG\u0130 GELD\u0130, SAYGI GELD\u0130, ADALET GELD\u0130&#8221;"},"content":{"rendered":"<p>Mersin B\u00fcy\u00fck\u015fehir Belediyesi, hayata ge\u00e7irdi\u011fi projelerle \u00fcretimi ve \u00fcreticiyi desteklemeye devam ediyor. At\u0131l arazileri tar\u0131ma kazand\u0131rmak i\u00e7in nergis so\u011fan\u0131 da\u011f\u0131t\u0131m\u0131 yap\u0131lan Pir\u00f6merli, Kakl\u0131kta\u015f\u0131, Belen, Dorak, B\u00f6\u011fr\u00fce\u011fri, Boztepe ve Tepeta\u015fp\u0131nar mahallelerindeki \u00fcreticileri Tarsus il\u00e7esine ba\u011fl\u0131 Pir\u00f6merli Mahallesi \u00c7at Mevkii&#8217;nde bir araya getiren Mersin B\u00fcy\u00fck\u015fehir, nergis ve nergisten \u00fcretilen \u00fcr\u00fcnlerin tan\u0131t\u0131m\u0131 amac\u0131yla Nergis \u015eenli\u011fi d\u00fczenledi.  Vatanda\u015flar\u0131n yo\u011fun ilgi g\u00f6sterdi\u011fi \u015fenlikte Ba\u015fkan Vahap Se\u00e7er ve e\u015fi Meral Se\u00e7er nergis tarlas\u0131na girdi ve \u00fcretici kad\u0131nlarla birlikte nergis hasad\u0131 yapt\u0131.<\/p>\n<p>B\u00f6lge halk\u0131n\u0131n yan\u0131 s\u0131ra Mersin merkezden de \u00e7ok say\u0131da vatanda\u015f\u0131n kat\u0131ld\u0131\u011f\u0131 \u015fenlikte, &#8216;Nergis Tarlas\u0131 Gezisi ve Hasad\u0131&#8217;, &#8216;Nergis Demeti Yapma Yar\u0131\u015fmas\u0131&#8217;, &#8216;Nergis Re\u00e7eli Yap\u0131m\u0131&#8217;, &#8216;Nergis Yeti\u015ftiricili\u011fi&#8217; ve &#8216;Halk Oyunlar\u0131 G\u00f6sterileri&#8217; ger\u00e7ekle\u015ftirildi.<\/p>\n<p>Ba\u015fkan Se\u00e7er: &#8220;Kad\u0131n eme\u011finin, \u00fcretiminin berekete d\u00f6n\u00fc\u015ft\u00fc\u011f\u00fc bir \u00e7al\u0131\u015fmaday\u0131z&#8221;<\/p>\n<p>\u015eenlik alan\u0131na gelen vatanda\u015flar taraf\u0131ndan b\u00fcy\u00fck bir co\u015fku ile kar\u015f\u0131lanan Mersin B\u00fcy\u00fck\u015fehir Belediye Ba\u015fkan\u0131 Vahap Se\u00e7er ilk olarak e\u015fi Meral Se\u00e7er ve kad\u0131n \u00fcreticilerle birlikte tarlaya girdi, &#8220;Bereketli olsun&#8221; diyerek nergis hasad\u0131 yapt\u0131. En sevdi\u011fi \u00e7i\u00e7e\u011fin nergis oldu\u011funu s\u00f6yleyen Ba\u015fkan Se\u00e7er, hasat sonras\u0131nda, &#8220;\u015eu anda Tarsus&#8217;un \u00c7at B\u00f6lgesindeyiz. Pir\u00f6merli k\u00f6y\u00fcne ait bir nergis bah\u00e7esi i\u00e7erisindeyiz. Bac\u0131lar\u0131mla beraberim. Bug\u00fcn Nergis \u015eenli\u011fimiz var. Kad\u0131n eme\u011finin, \u00fcretiminin berekete d\u00f6n\u00fc\u015ft\u00fc\u011f\u00fc bir \u00e7al\u0131\u015fmaday\u0131z. Bereketli olsun&#8221; dedi.<\/p>\n<p>&#8220;\u0130lkini yap\u0131yoruz ama iyi ki yapm\u0131\u015f\u0131z&#8221;<\/p>\n<p>Konu\u015fmas\u0131na \u015fenli\u011fin g\u00fczel bir havada ve enerjide ger\u00e7ekle\u015fti\u011fini belirterek ba\u015flayan Ba\u015fkan Vahap Se\u00e7er, &#8220;Ger\u00e7ekten mis kokulu bir \u015fenlik. Hem nergislerin hem do\u011fan\u0131n kokusu, ku\u015flar\u0131n sesi, g\u00fczel Tarsus&#8217;umun g\u00fczel insanlar\u0131, Mersin&#8217;imin Anamur&#8217;a kadar sizlerin de burada yaratt\u0131\u011f\u0131 enerji, sinerji buray\u0131 mis kokulu yap\u0131yor. Masumiyetin simgesi, da\u011flar\u0131n krali\u00e7esi, sevgi \u00e7i\u00e7e\u011fi Nergis \u015eenli\u011fimize ho\u015f geldiniz. \u0130lkini yap\u0131yoruz ama iyi ki yapm\u0131\u015f\u0131z&#8221; dedi.<\/p>\n<p>Vatanda\u015flara daha fazla hizmet etmek ad\u0131na azimle \u00e7al\u0131\u015ft\u0131klar\u0131n\u0131 ifade eden Ba\u015fkan Se\u00e7er, &#8220;Ben insanlar\u0131m\u0131z\u0131 \u00e7ok seviyorum. Sizlerin de; bunu gururla s\u00f6yl\u00fcyorum; bize g\u00f6sterdi\u011finiz sevgi, sayg\u0131 bizleri gururland\u0131r\u0131yor ama ayn\u0131 zamanda da duyguland\u0131r\u0131yor. Sizlerden bunu g\u00f6rd\u00fck\u00e7e daha fazla \u00e7al\u0131\u015fma iste\u011fine kap\u0131l\u0131yoruz, sabahlar\u0131 daha erken kalk\u0131yoruz. Aman vatanda\u015flar\u0131m\u0131za mahcup olmayal\u0131m, y\u00fcz\u00fcm\u00fcz kara \u00e7\u0131kmas\u0131n, ba\u015f\u0131m\u0131z \u00f6ne e\u011filmesin istiyoruz, onun i\u00e7in \u00e7ok \u00e7al\u0131\u015f\u0131yoruz. \u00c7al\u0131\u015fmaya da devam edece\u011fiz&#8221; diye konu\u015ftu.<\/p>\n<p>&#8220;\u015eenliklerin amac\u0131 bu; bir arada olmak, sevgimizi birbirimize hissettirmek, tan\u0131\u015f olmak&#8221;<\/p>\n<p>\u015eenlik alan\u0131ndaki atmosfer ve co\u015fkuyla ilgili de de\u011ferlendirme yapan Ba\u015fkan Se\u00e7er, &#8220;G\u00fczel bir \u015fenlik olmu\u015f. A\u00e7\u0131k s\u00f6yleyeyim buraya gelene kadar b\u00f6yle bir tabloyla kar\u015f\u0131la\u015faca\u011f\u0131m\u0131 bilmiyordum, tahmin etmiyordum. E\u015fim Meral Han\u0131m oturunca s\u00f6yledi; &#8216;Harikulade bir ortam&#8217; dedi. Stantlar \u00e7ok g\u00fczel olmu\u015f. Herkes de burada. Mersin&#8217;in her b\u00f6lgesinden insanlar burada. Az \u00f6nce sohbet ettim, Tarsus&#8217;tan, Silifke&#8217;den, \u00c7alt\u0131bozk\u0131r&#8217;dan, Erdemli&#8217;den, Mersin merkezden gelenler. \u0130\u015fte \u015fenliklerinlerin amac\u0131 bu; bir arada olmak, sevgimizi birbirimize hissettirmek, tan\u0131\u015f olmak. Ayn\u0131 kimli\u011fi ta\u015f\u0131yoruz, ayn\u0131 bayra\u011f\u0131n alt\u0131nday\u0131z. Hedefimiz ayn\u0131; Ulu \u00d6nder Mustafa Kemal&#8217;in pe\u015finden gidiyoruz. Bizim yolumuz belli&#8221; ifadelerine yer verdi.<\/p>\n<p>&#8220;Tar\u0131mda g\u00fczel i\u015fler yap\u0131yoruz&#8221; diyerek konu\u015fmas\u0131n\u0131 s\u00fcrd\u00fcren Ba\u015fkan Se\u00e7er, \u00f6zellikle \u00fcretici kad\u0131nlar\u0131 desteklediklerinin alt\u0131n\u0131 \u00e7izerek \u015funlar\u0131 s\u00f6yledi:<\/p>\n<p>&#8220;Toprak en helal kazanc\u0131n oldu\u011fu yerdir. \u00c7ift\u00e7inin kazand\u0131\u011f\u0131 her kuru\u015f helaldir. \u00c7ift\u00e7ilerin ne kadar eziyet ve me\u015fakkat \u00e7ekti\u011fini anlatmama gerek yok. Biz de \u00f6zellikle kad\u0131n \u00fcreticilerimizi desteklemek istiyoruz. Buradaki nergis \u00fcretimine destek vermemizin nedeni de bu. Kad\u0131nlar\u0131m\u0131z \u00e7al\u0131\u015fkand\u0131r, ta\u015f\u0131 s\u0131ksa suyunu \u00e7\u0131kar\u0131r. Bu kad\u0131nlar\u0131n enerjisi bo\u015fa gitmesin, evde bo\u015f yere zaman\u0131n\u0131 ge\u00e7irmesin. Biz her \u015feyimizi kad\u0131nlar\u0131m\u0131za bor\u00e7luyuz ama onlar daha fazlas\u0131n\u0131 yapmak istiyor. \u0130\u015fte bunu g\u00f6rmek, &#8216;\u00c7al\u0131\u015fay\u0131m, ben de ev ekonomisine katk\u0131 yapay\u0131m&#8217; istiyor. &#8216;\u00c7ocu\u011fum \u00fcniversitede. Kendi kazand\u0131\u011f\u0131m paran\u0131n keyfi ile ona har\u00e7l\u0131k g\u00f6ndereyim&#8217; istiyor. Onun i\u00e7in kad\u0131n \u00fcreticileri destekliyoruz.&#8221;<\/p>\n<p>&#8220;Y\u00f6r\u00fck vatanda\u015flar\u0131m\u0131z i\u00e7in g\u00fcne\u015f enerjisi panel da\u011f\u0131t\u0131m\u0131n\u0131 ger\u00e7ekle\u015ftirece\u011fiz&#8221;<\/p>\n<p>Ba\u015fkan Se\u00e7er, \u00e7ad\u0131rda ya\u015fayan Y\u00f6r\u00fckler i\u00e7in hayata ge\u00e7irecekleri g\u00fcne\u015f paneli projesinin m\u00fcjdesini de vererek, &#8220;Y\u00f6r\u00fck vatanda\u015flar\u0131m\u0131z hayat\u0131n\u0131n tamam\u0131n\u0131 \u00e7ad\u0131r\u0131nda ge\u00e7irir. Yaz\u0131n da\u011flara \u00e7\u0131kar, k\u0131\u015f\u0131n ovaya iner ve onlar\u0131n elektrik enerjisi gereksinimi \u00f6nemlidir. Bu y\u0131l yeni uygulamaya koydu\u011fumuz g\u00fcne\u015f enerjisi panel da\u011f\u0131t\u0131m\u0131n\u0131 ger\u00e7ekle\u015ftirece\u011fiz. 300 ailemize bunu sa\u011flayaca\u011f\u0131z. Buradan da bunun duyurusunu yapay\u0131m. \u0130lgili dairemize de m\u00fcracaatlar\u0131n\u0131 bekliyoruz. Muhtarlar\u0131m\u0131za da \u00f6zellikle duyurmak istiyorum&#8221; diye belirtti.<\/p>\n<p>&#8220;Pamukluk Baraj\u0131 2013&#8217;te hizmete a\u00e7\u0131lacakt\u0131. 10 y\u0131l gecikme var&#8221;<\/p>\n<p>B\u00f6lge i\u00e7in \u00f6nem ta\u015f\u0131yan Pamukluk Baraj\u0131 projesinin 10 y\u0131ld\u0131r bitmedi\u011fini hat\u0131rlatan Ba\u015fkan Se\u00e7er, &#8220;Pir\u00f6merli, Kakl\u0131kta\u015f\u0131, Belen, Dorak, B\u00f6\u011fr\u00fce\u011fri, Boztepe ve Tepeta\u015fp\u0131nar; 7 k\u00f6y\u00fcn \u015fu anda da beraber \u015fenlik yapt\u0131\u011f\u0131 bir b\u00f6lgedeyiz. Burada da \u00f6nemli bir yat\u0131r\u0131m var; Pamukluk Baraj\u0131. 2013 y\u0131l\u0131nda hizmete a\u00e7\u0131lacakt\u0131. 2023 y\u0131l\u0131 hen\u00fcz faaliyete girmedi. 10 y\u0131l bir gecikme var. Az \u00f6nce muhtarlar\u0131m\u0131zla g\u00f6r\u00fc\u015ft\u00fcm; &#8216;En \u00f6nemli sorununuz nedir, bana anlat\u0131n ki yard\u0131mc\u0131 olay\u0131m&#8217; dedim. &#8216;Biz daha fazla \u00fcretim yapmak istiyoruz ama bize su laz\u0131m. Baraj\u0131n g\u00f6be\u011findeyiz ama baraj suyundan faydalanam\u0131yoruz&#8217; dediler. \u015eimdi b\u00f6yle bir s\u0131k\u0131nt\u0131l\u0131 durum var. Farkl\u0131 \u00e7\u00f6z\u00fcm yollar\u0131yla Mersin B\u00fcy\u00fck\u015fehir&#8217;in katk\u0131lar\u0131yla ama bu konuda as\u0131l yetkili olan, g\u00f6rev alan\u0131na giren Devlet Su \u0130\u015fleri&#8217;nin de bu i\u015fe \u00e7\u00f6z\u00fcm aray\u0131\u015f\u0131na girmesiyle yak\u0131n zamanda umut ediyorum bu sorunu hep beraber \u00e7\u00f6zece\u011fiz&#8221; dedi.<\/p>\n<p>Cumhurba\u015fkan\u0131 Recep Tayyip Erdo\u011fan&#8217;\u0131n \u00f6nceki g\u00fcn Belediye Ba\u015fkanlar\u0131na y\u00f6nelik &#8216;Belediyeler baraj yaps\u0131n&#8217; a\u00e7\u0131klamas\u0131na da de\u011finen Ba\u015fkan Se\u00e7er \u015funlar\u0131 kaydetti:<\/p>\n<p>&#8220;Bak\u0131n, k\u0131\u015f\u0131n gelece\u011fi yok. D\u00fcn bir uyar\u0131 ald\u0131k Say\u0131n Cumhurba\u015fkan\u0131&#8217;ndan. Uyar\u0131y\u0131 g\u00f6rd\u00fck. Hakl\u0131 Say\u0131n Cumhurba\u015fkan\u0131. Ben 2 g\u00fcn \u00f6nce \u0130stanbul&#8217;dayd\u0131m. Toroslar&#8217;\u0131n \u00fczerinden ge\u00e7iyoruz Adana&#8217;ya do\u011fru, havaalan\u0131na do\u011fru. Bir damla kar g\u00f6remedim. Kar olmay\u0131nca yaz\u0131n alarm demektir, su s\u0131k\u0131nt\u0131s\u0131 demektir barajlarda su kalmay\u0131nca. Tarsus Berdan Baraj\u0131 t\u00fcm memleketi besliyor. Pamukluk Baraj\u0131 10 y\u0131l \u00f6nce a\u00e7\u0131lacakt\u0131, hen\u00fcz hizmete al\u0131nmad\u0131. 2016 y\u0131l\u0131nda da Mersin B\u00fcy\u00fck\u015fehir Belediyesi ile DS\u0130 aras\u0131nda isale hatt\u0131 ve i\u00e7me suyu ar\u0131tma tesisi yap\u0131m\u0131na ili\u015fkin bir protokol yap\u0131lm\u0131\u015f ama 1 metre isale hatt\u0131 yap\u0131lmam\u0131\u015f. Bir tesisin hi\u00e7bir m\u00fc\u015ftemilat\u0131 yap\u0131lmam\u0131\u015f ama d\u00fcn Cumhurba\u015fkan\u0131 bizi uyard\u0131; &#8216;Belediyeler baraj yaps\u0131n&#8217; dedi. \u015eimdi d\u00fc\u015f\u00fcnd\u00fcm, ben baraj yapmas\u0131na yapar\u0131m ama o zaman DS\u0130 ne i\u015f yapar? E\u011fer Pir\u00f6merli yolunu DS\u0130 yap\u0131yorsa, ben de o baraj\u0131 yapay\u0131m. Ama bu yolu ben yap\u0131yorum, benim g\u00f6rev alan\u0131m, i\u015fim bu. Gayet iyi bir uyar\u0131 ama bizim baraj\u0131m\u0131z var, baraja ihtiyac\u0131m\u0131z yok. Su de\u011ferli. Dedim ki; &#8216;Bu isale hatt\u0131n\u0131 yapal\u0131m Mersin&#8217;e.&#8217; Hem Mersin&#8217;e daha ucuz su sa\u011flayal\u0131m hem bir kurakl\u0131k durumunda Berdan Baraj\u0131 bir yandan, Pamukluk Baraj\u0131 bir yandan memleketimin hi\u00e7bir su sorunu olmas\u0131n. \u015eu ana kadar yap\u0131lmad\u0131.&#8221;<\/p>\n<p>&#8220;Mersin&#8217;e huzur, sevgi, sayg\u0131 ve adalet geldi&#8221;<\/p>\n<p>Konuyu ge\u00e7ti\u011fimiz y\u0131l ilgili Bakan&#8217;a da iletti\u011fini ancak bir ad\u0131m at\u0131lmad\u0131\u011f\u0131n\u0131 dile getiren Ba\u015fkan Se\u00e7er &#8220;Art\u0131k 4 ay sonray\u0131 bekleyece\u011fiz. Yeni Say\u0131n Cumhurba\u015fkan\u0131&#8217;n\u0131 arayaca\u011f\u0131z, Bakan&#8217;\u0131 arayaca\u011f\u0131z; &#8216;\u015eu Mersin&#8217;e bir bak\u0131n arkada\u015f&#8217; diyece\u011fiz. Bu Mersin T\u00fcrkiye&#8217;nin 5. , 6. b\u00fcy\u00fck vergisini veriyor. \u0130stanbul, Ankara, \u0130zmir, Kocaeli, sonra Mersin geliyor. Mersin b\u00fcy\u00fcyor ve geli\u015fiyor. Bu Ba\u015fkan 1 milyon 900 bin yerli n\u00fcfusa ayr\u0131lan kayna\u011f\u0131 s\u0131\u011f\u0131nmac\u0131larla beraber 2.3 , 2.4 milyon insana harc\u0131yor. Biliyor muydunuz bunu? Bu Ba\u015fkan&#8217;a da yaz\u0131k de\u011fil mi? Mersin geli\u015fiyor, Mersin kalk\u0131n\u0131yor, Mersin bize vergi veriyor. Bir de yetmez gibi s\u0131\u011f\u0131nmac\u0131 sorunuyla bo\u011fu\u015fuyor. De\u011fil mi? \u00d6yle yapm\u0131yor muyuz? \u015eimdi bu yolu yaparken yolun ba\u015f\u0131na zab\u0131ta m\u0131 dikiyoruz? Senin kimli\u011finde T\u00fcrkiye Cumhuriyeti yaz\u0131yor ge\u00e7, seninkinde yazm\u0131yor ge\u00e7me!&#8217; \u00d6yle mi yap\u0131yoruz? Biz Mersin&#8217;e geldik, Mersin&#8217;e huzur geldi. Ba\u011f\u0131rarak s\u00f6yl\u00fcyorum, Mersin&#8217;e huzur geldi, sevgi geldi, sayg\u0131 geldi, adalet geldi adalet&#8221; dedi.<\/p>\n<p>&#8220;Vahap Se\u00e7er, Mersin&#8217;de ya\u015fayan her bir yurtta\u015f\u0131n\u0131n Belediye Ba\u015fkan\u0131d\u0131r&#8221;<\/p>\n<p>S\u00f6zlerinin &#8216;Siyaset yap\u0131yor&#8217; olarak de\u011ferlendirilmemesini, amac\u0131n\u0131n kesinlikle bu y\u00f6nde olmad\u0131\u011f\u0131n\u0131 belirten Ba\u015fkan Se\u00e7er &#8220;4 ay sonra se\u00e7im var. Ben s\u00f6z veriyorum, benim partim iktidar olursa bu sorun sanki daha h\u0131zl\u0131 \u00e7\u00f6z\u00fcl\u00fcr. Burada farkl\u0131 partilere oy veren dostlar\u0131m\u0131z var. Belediye ba\u015fkan\u0131 mazbatas\u0131n\u0131 alana kadar bir partiyi temsil eder, Se\u00e7imi kazand\u0131k 31 Mart&#8217;ta. 8 Nisan&#8217;da gittik \u0130l Se\u00e7im Kurulu&#8217;ndan mazbatay\u0131 ald\u0131k. \u0130\u015fte o saniyeden sonra art\u0131k Vahap Se\u00e7er Mersin&#8217;de ya\u015fayan her bir yurtta\u015f\u0131n\u0131n belediye ba\u015fkan\u0131d\u0131r&#8221; dedi.<\/p>\n<p>&#8220;Kalbimi a\u00e7m\u0131\u015fsam, bana daha \u00f6nce oy vermeyen de, AK Parti&#8217;li olan da MHP&#8217;li olan da emin olun bana oy verir&#8221;<\/p>\n<p>Yakla\u015f\u0131k 1 sene sonra ger\u00e7ekle\u015fecek yerel se\u00e7imlerde partisinin aday g\u00f6stermesi halinde &#8216;Tekrar biz bu i\u015fe g\u00f6n\u00fcl koyduk, devam etmek istiyoruz&#8217; diyerek vatanda\u015flar\u0131n oyunu isteyece\u011fini ifade eden Ba\u015fkan Se\u00e7er  &#8220;Yine bu partinin belediye ba\u015fkan\u0131 olarak vatanda\u015f\u0131m\u0131z\u0131n oyunu isteriz ama orada da bir de\u011fi\u015fiklik olur. \u00c7\u00fcnk\u00fc bu halk bana 5 y\u0131ll\u0131k bir vize verdi. E\u011fer bu 5 y\u0131ll\u0131k s\u00fcre i\u00e7erisinde vatanda\u015f\u0131ma hizmet etmi\u015fsem, \u00e7ift\u00e7inin sesini, hastan\u0131n ah\u0131n\u0131, karn\u0131 a\u00e7 olan\u0131n s\u0131z\u0131s\u0131n\u0131 duymu\u015fsam, kalbimi a\u00e7m\u0131\u015fsam, bana daha \u00f6nce oy vermeyen de, AK Parti&#8217;li olan da MHP&#8217;li olan da emin olun bana oy verir. Vallahi verir. Niye vermesin?&#8221; diye konu\u015ftu.<\/p>\n<p>&#8220;Bu vatan\u0131 benden daha ala kim sevebilir?&#8221;<\/p>\n<p>\u0130nsanlar\u0131n hizmet, samimiyet, sayg\u0131 ve sevgi bekledi\u011fini s\u00f6yleyen Ba\u015fkan Vahap Se\u00e7er &#8220;Neyi payla\u015fam\u0131yoruz? Size soruyorum. Bu vatan\u0131 benden daha ala kim sevebilir? Ben bu \u00fclkenin evlad\u0131y\u0131m. Hangi birimiz \u00fclkemize, vatan\u0131m\u0131za, vatanda\u015f\u0131m\u0131za bir zarar gelsin ister? \u00dclkesini seven bir T\u00fcrkiye Cumhuriyeti vatanda\u015f\u0131, helal s\u00fct emmi\u015f bir vatanda\u015f\u0131, \u00fclkeye zarar ziyan edilsin, \u00fclke b\u00f6l\u00fcns\u00fcn par\u00e7alans\u0131n,  Mustafa Kemal Atat\u00fcrk&#8217;\u00fcn bize kurdu\u011fu Cumhuriyet parampar\u00e7a olsun, ortadan kalks\u0131n ister mi? Bunu istemez, ben istemem. Onun i\u00e7in \u00e7al\u0131\u015f\u0131yoruz zaten onun i\u00e7in birlik beraberlik diyoruz&#8221; ifadelerini kulland\u0131.<\/p>\n<p>Ak\u015fam yatt\u0131\u011f\u0131 zaman \u00e7ok rahat uyudu\u011funu ve bunun sebebinin vicdanen rahat olu\u015fu oldu\u011funu s\u00f6yleyen Ba\u015fkan Se\u00e7er, b\u00fct\u00fcn dinlerin, vicdan\u0131n, insanl\u0131\u011f\u0131n yetim ve kul hakk\u0131na tenezz\u00fcl edilmesini yasaklad\u0131\u011f\u0131n\u0131 hat\u0131rlatarak &#8220;Bunu bir siyaset\u00e7i yapmayacak. Adaletsizlik bir insanl\u0131k su\u00e7udur. \u0130nsanlar aras\u0131nda ayr\u0131m yapmak, tabiat ayr\u0131m\u0131, mezhep ayr\u0131m\u0131, me\u015frep ayr\u0131m\u0131, siyasi parti ayr\u0131m\u0131 yapmak b\u0131rak\u0131n hukuki taraf\u0131n\u0131 bir siyaset\u00e7i i\u00e7in, Anayasa&#8217;da &#8216;\u0130nsanlar aras\u0131nda ayr\u0131mc\u0131l\u0131k yap\u0131n&#8217; yazmaz.  T\u00fcrkiye Cumhuriyeti anayasas\u0131 bellidir. T\u00fcrkiye Cumhuriyeti Anayasas\u0131, T\u00fcrkiye Cumhuriyeti topraklar\u0131nda ya\u015fayan kendi yurtta\u015flar\u0131n\u0131 ya da yurtta\u015flar\u0131 olmayan insanlar\u0131n hak ve hukukunu g\u00fcvence alt\u0131na al\u0131r. \u00c7a\u011fda\u015f devlet budur&#8221; diye konu\u015ftu.<\/p>\n<p>Ba\u015fkan Se\u00e7er konu\u015fmas\u0131n\u0131 \u015fu s\u00f6zlerle tamamlad\u0131:<\/p>\n<p>&#8220;Bundan sonra \u00e7ok daha iyi hizmetler yapaca\u011f\u0131z, emin olabilirsiniz. \u00c7ok g\u00fczel bir \u015fenlik oluyor. \u00c7ok g\u00fczelde neticelenecek. Bu birincisi. Gelecek y\u0131l \u00e7ok daha g\u00fczel olur. Bu y\u0131l eksi\u011fimiz, gedi\u011fimiz varsa bunlar\u0131 g\u00f6r\u00fcr\u00fcz. Gelecek y\u0131la da \u00e7ok daha iyisini emin olun yapaca\u011f\u0131z. Yeter ki bir arada olal\u0131m, birlik olal\u0131m, \u00e7al\u0131\u015fal\u0131m, \u00fcretelim, kazanal\u0131m, ailemizde mutluluk olsun, \u015eehrimizde mutluluk olsun, \u00fclkemizde mutluluk olsun, d\u00fcnyada mutluluk olsun, bizim amac\u0131m\u0131z bu. Bizim yolumuz bu. Allah yolumuzu a\u00e7\u0131k etsin. Sizleri seviyoruz, sizleri say\u0131yoruz.&#8221;<\/p>\n<p>&#8220;Yapt\u0131\u011f\u0131 hizmetlerle T\u00fcrkiye&#8217;nin bence en \u00f6nemli ve en iyi belediye ba\u015fkan\u0131 sevgili Vahap Se\u00e7er&#8217;dir&#8221;<\/p>\n<p>\u015eenlikte konu\u015fan Cumhuriyet Halk Partisi (CHP) Mersin Milletvekili Alpay Antmen, Mersin B\u00fcy\u00fck\u015fehir Belediyesi&#8217;nin tar\u0131m alan\u0131nda yapt\u0131\u011f\u0131 yat\u0131r\u0131mlar\u0131 g\u00f6rd\u00fck\u00e7e b\u00fcy\u00fck gurur duydu\u011funu belirterek, &#8220;Marifet iltifata tabidir. Mersin B\u00fcy\u00fck\u015fehir Belediye Ba\u015fkan\u0131 Say\u0131n Vahap Se\u00e7er Mersin&#8217;e b\u00fcy\u00fck de\u011fer kat\u0131yor. Evet belediyeler yol yapar, altyap\u0131 yapar, \u00fcst yap\u0131 yat\u0131r\u0131mlar\u0131 yapar ama Say\u0131n Se\u00e7er ba\u015fka bir \u015fey yap\u0131yor, Mersin&#8217;in dokusuna dokunuyor. Mersin&#8217;de sosyal devlet ilkesinin gerektirdi\u011fi b\u00fct\u00fcn hizmetleri yaparak halk\u0131m\u0131zla bulu\u015fturuyor. Hi\u00e7 kimse kusura bakmas\u0131n, yapt\u0131\u011f\u0131 hizmetlerle T\u00fcrkiye&#8217;nin bence en \u00f6nemli ve en iyi belediye ba\u015fkan\u0131 sevgili Vahap Se\u00e7er&#8217;dir&#8221; dedi.<\/p>\n<p>Avc\u0131: &#8220;Siz hizmet tohumlar\u0131 ektiniz&#8221;<\/p>\n<p>Tarsus Ziraat Odas\u0131 Ba\u015fkan\u0131 Veyis Avc\u0131, Mersin B\u00fcy\u00fck\u015fehir&#8217;in b\u00f6lgelerine \u00f6nemli destekleri oldu\u011funu belirterek, &#8220;De\u011ferli Ba\u015fkan\u0131m 2020 y\u0131l\u0131nda ekti\u011finiz so\u011fan tohumlar\u0131 nergis olarak bulu\u015ftu. Bu b\u00f6lgemiz ger\u00e7ekten aile i\u015fletmecili\u011fi. 500 metrekare, 1 d\u00f6n\u00fcm, 3 d\u00f6n\u00fcm en b\u00fcy\u00fck 5 d\u00f6n\u00fcm olan yerler. Ger\u00e7ekten burada zor \u015fartlarda \u00e7ocuklar\u0131n\u0131 okutmak i\u00e7in bu aileler emek sarf ediyor ama bununla beraber g\u00fczel bir pazar elde ettik. \u0130n\u015fallah bu \u015fenlik de bunun daha ileriye gitme noktas\u0131nda bir ba\u015flang\u0131c\u0131 olur.  Siz hizmet tohumlar\u0131n\u0131 ektiniz, bu halk vefak\u00e2rd\u0131r, cefa ile \u00e7al\u0131\u015f\u0131r ama vefay\u0131 unutmaz. Size gerekli deste\u011fi vereceklerine inan\u0131yorum&#8221; dedi.<\/p>\n<p>&#8220;2 y\u0131ld\u0131r yakla\u015f\u0131k 500 d\u00f6n\u00fcml\u00fck bir arazimiz nergis \u00fcretimine ba\u015flad\u0131&#8221;<\/p>\n<p>Tarsus Pir\u00f6merli Mahalle Muhtar\u0131 Bilal Ko\u00e7ak ise \u00fcreticilerin nergisleri nas\u0131l sataca\u011f\u0131n\u0131 d\u00fc\u015f\u00fcnd\u00fc\u011f\u00fc anda B\u00fcy\u00fck\u015fehir&#8217;in deste\u011fiyle \u015fenlik ger\u00e7ekle\u015ftirdiklerini belirterek, &#8220;Buras\u0131 nergis b\u00f6lgesi oldu\u011fu i\u00e7in y\u0131llard\u0131r \u00fcretim daha da artt\u0131 ve son 2 y\u0131ld\u0131r yakla\u015f\u0131k 500 d\u00f6n\u00fcml\u00fck bir arazimiz nergis \u00fcretimine ba\u015flad\u0131. B\u00fct\u00fcn \u00fcreticiler bunu nas\u0131l sataca\u011f\u0131z diye d\u00fc\u015f\u00fcnmeye ba\u015flad\u0131. Pandemide, 2 y\u0131ld\u0131r yapmay\u0131 d\u00fc\u015f\u00fcnd\u00fc\u011f\u00fcm\u00fcz \u015fenli\u011fimiz bug\u00fcn k\u0131smetmi\u015f. Mersin B\u00fcy\u00fck\u015fehir Belediye Ba\u015fkan\u0131m\u0131z Say\u0131n Vahap Se\u00e7er&#8217;e b\u00fct\u00fcn halk\u0131m\u0131z ad\u0131na te\u015fekk\u00fcr ederim&#8221; diye konu\u015ftu.<\/p>\n<p>&#8220;Biz kad\u0131nlar i\u00e7in nergis \u00e7i\u00e7ek\u00e7ili\u011fi \u00fcretimi, sat\u0131m\u0131 ve di\u011fer faaliyetleri ek bir gelir&#8221;<\/p>\n<p>Belen Mahallesi&#8217;nde nergis \u00fcretimi yapan Zeynep Kesmeci, &#8220;K\u0131rsal kesimde ya\u015fayan kad\u0131nlar olarak bizim burada gelirimiz hayvanc\u0131l\u0131k ve tar\u0131m \u00fczerine. B\u00fcy\u00fck\u015fehir Belediyemizin 2020 y\u0131l\u0131nda 70 bin nergis so\u011fan\u0131 yard\u0131m\u0131ndan biz de faydaland\u0131k. Biz kad\u0131nlar i\u00e7in bu nergis \u00e7i\u00e7ek\u00e7ili\u011fi \u00fcretimi, sat\u0131m\u0131 ve di\u011fer faaliyetleri ek bir gelir. Bu \u015fenli\u011fi yapmam\u0131zda bize yard\u0131mc\u0131 oldu\u011funuz i\u00e7in belediyenin olanaklar\u0131n\u0131 bize sundu\u011funuz i\u00e7in her konuda yan\u0131m\u0131zda oldu\u011funuz i\u00e7in sizlere \u00e7ok te\u015fekk\u00fcr ederim&#8221; ifadelerine yer verdi.<\/p>\n<p>Nergis \u00fcreticisi Yasemin Sar\u0131o\u011f ise nergis \u00e7i\u00e7e\u011finin bu denli \u00f6n plana \u00e7\u0131karak art\u0131k \u015fenlik olarak kutlanmas\u0131ndan dolay\u0131 \u00e7ok mutlu oldu\u011funu belirterek &#8220;Pazar bulmakta sorun ya\u015fad\u0131\u011f\u0131m\u0131z ve devam eden bir\u00e7ok problemin \u00e7\u00f6z\u00fcme ula\u015faca\u011f\u0131ndan emin oldu\u011fumuz \u015fen bir g\u00fcn ya\u015f\u0131yoruz. Biz \u00fcretici kad\u0131nlar\u0131 geldi\u011fi g\u00fcnden beri her alanda destekleyen Vahap Se\u00e7er&#8217;e ger\u00e7ekten \u00e7ok te\u015fekk\u00fcr ederiz. Desteklerini esirgemedi\u011fini bug\u00fcnde bize g\u00f6sterdi. Bu t\u00fcr desteklerle \u00fcreticinin sorunlar\u0131n\u0131n \u00e7\u00f6z\u00fclece\u011fine ben kendi ad\u0131ma inan\u0131yorum. Hani derler ya &#8216;Kad\u0131n var arpa ununu a\u015f eder&#8217; diye, biz nergisi bir \u00e7i\u00e7ek olman\u0131n \u00f6tesine ta\u015f\u0131mak istedik. Nergisten re\u00e7el yapmay\u0131 ba\u015fard\u0131k. Bu g\u00fczel \u00e7i\u00e7e\u011fi sadece T\u00fcrkiye&#8217;ye de\u011fil d\u00fcnyaya tan\u0131tmak istedik. Dilerim bu \u015fenlik bunun ba\u015flang\u0131\u00e7 noktas\u0131 olur ve gelenekselle\u015fir&#8221; dedi. <\/p>\n","protected":false},"excerpt":{"rendered":"<p>Mersin B\u00fcy\u00fck\u015fehir Belediyesi, hayata ge\u00e7irdi\u011fi projelerle \u00fcretimi ve \u00fcreticiyi desteklemeye devam ediyor. At\u0131l arazileri tar\u0131ma kazand\u0131rmak i\u00e7in nergis so\u011fan\u0131 da\u011f\u0131t\u0131m\u0131 yap\u0131lan Pir\u00f6merli, Kakl\u0131kta\u015f\u0131, Belen, Dorak, B\u00f6\u011fr\u00fce\u011fri, Boztepe ve Tepeta\u015fp\u0131nar mahallelerindeki &hellip; <a href=\"https:\/\/akdenizolaygazetesi.com\/?p=23675\" class=\"more-link\">Devam\u0131n\u0131 Oku&#8230;<\/a><\/p>\n","protected":false},"author":2,"featured_media":23676,"comment_status":"open","ping_status":"open","sticky":false,"template":"","format":"standard","meta":[],"categories":[8,2,3,5],"tags":[],"_links":{"self":[{"href":"https:\/\/akdenizolaygazetesi.com\/index.php?rest_route=\/wp\/v2\/posts\/23675"}],"collection":[{"href":"https:\/\/akdenizolaygazetesi.com\/index.php?rest_route=\/wp\/v2\/posts"}],"about":[{"href":"https:\/\/akdenizolaygazetesi.com\/index.php?rest_route=\/wp\/v2\/types\/post"}],"author":[{"embeddable":true,"href":"https:\/\/akdenizolaygazetesi.com\/index.php?rest_route=\/wp\/v2\/users\/2"}],"replies":[{"embeddable":true,"href":"https:\/\/akdenizolaygazetesi.com\/index.php?rest_route=%2Fwp%2Fv2%2Fcomments&post=23675"}],"version-history":[{"count":1,"href":"https:\/\/akdenizolaygazetesi.com\/index.php?rest_route=\/wp\/v2\/posts\/23675\/revisions"}],"predecessor-version":[{"id":23677,"href":"https:\/\/akdenizolaygazetesi.com\/index.php?rest_route=\/wp\/v2\/posts\/23675\/revisions\/23677"}],"wp:featuredmedia":[{"embeddable":true,"href":"https:\/\/akdenizolaygazetesi.com\/index.php?rest_route=\/wp\/v2\/media\/23676"}],"wp:attachment":[{"href":"https:\/\/akdenizolaygazetesi.com\/index.php?rest_route=%2Fwp%2Fv2%2Fmedia&parent=23675"}],"wp:term":[{"taxonomy":"category","embeddable":true,"href":"https:\/\/akdenizolaygazetesi.com\/index.php?rest_route=%2Fwp%2Fv2%2Fcategories&post=23675"},{"taxonomy":"post_tag","embeddable":true,"href":"https:\/\/akdenizolaygazetesi.com\/index.php?rest_route=%2Fwp%2Fv2%2Ftags&post=23675"}],"curies":[{"name":"wp","href":"https:\/\/api.w.org\/{rel}","templated":true}]}}