{"id":23678,"date":"2023-01-22T10:58:17","date_gmt":"2023-01-22T07:58:17","guid":{"rendered":"http:\/\/akdenizolaygazetesi.com\/?p=23678"},"modified":"2023-01-22T10:58:17","modified_gmt":"2023-01-22T07:58:17","slug":"1-nergis-senligi-dolu-dolu-gecti","status":"publish","type":"post","link":"https:\/\/akdenizolaygazetesi.com\/?p=23678","title":{"rendered":"1. NERG\u0130S \u015eENL\u0130\u011e\u0130 DOLU DOLU GE\u00c7T\u0130"},"content":{"rendered":"<p>Mersin B\u00fcy\u00fck\u015fehir Belediyesi&#8217;nin bu y\u0131l ilkini d\u00fczenledi\u011fi &#8216;Nergis \u015eenli\u011fi&#8217; dolu dolu ge\u00e7ti. B\u00fcy\u00fck\u015fehir Belediyesi taraf\u0131ndan, Tarsus&#8217;un Pir\u00f6merli Mahallesi \u00c7at Mevkii&#8217;nde yap\u0131lan \u015fenlik, Ba\u015fkan Vahap Se\u00e7er ve e\u015fi Meral Se\u00e7er&#8217;in de kat\u0131ld\u0131\u011f\u0131 nergis hasad\u0131 ile ba\u015flad\u0131. Nergis demeti yapma yar\u0131\u015fmas\u0131, halk oyunlar\u0131 g\u00f6sterisi, kad\u0131n, aile ve \u00e7ocuk at\u00f6lyeleri ile T\u00fcrk Halk M\u00fczi\u011fi konseri gibi etkinliklerin yap\u0131ld\u0131\u011f\u0131 \u015fenlik sayesinde nergis \u00e7i\u00e7e\u011fi ve \u00fcr\u00fcnlerinin tan\u0131t\u0131m\u0131 Tarsus&#8217;tan yap\u0131ld\u0131. \u015eenlikte \u00f6zellikle nergisten re\u00e7el yap\u0131m\u0131 vatanda\u015flar\u0131n b\u00fcy\u00fck ilgisini \u00e7ekti.<\/p>\n<p>Nergislerin da\u011f\u0131t\u0131m a\u015famas\u0131ndan tan\u0131t\u0131m\u0131na kadar \u00fcreticinin yan\u0131nda olan B\u00fcy\u00fck\u015fehir Belediyesi, d\u00fczenledi\u011fi \u015fenlikle de \u00fcreticiye kazan\u00e7 kap\u0131s\u0131 aralam\u0131\u015f oldu. Birbirinden g\u00fczel etkinliklerin yap\u0131ld\u0131\u011f\u0131 \u015eenlik; b\u00f6lgeyi canland\u0131r\u0131rken, muhtarlar ve vatanda\u015flardan da tam not ald\u0131. Ortal\u0131\u011f\u0131 nergis kokular\u0131n\u0131n sard\u0131\u011f\u0131 \u015fenlikte, \u00fcreticiler nergis ve \u00fcr\u00fcnlerinin sat\u0131\u015f\u0131n\u0131 yaparken, \u015fenli\u011fe gelen kat\u0131l\u0131mc\u0131lar birbirinden g\u00fczel etkinliklerle keyifli vakit ge\u00e7irdi.  Mersin B\u00fcy\u00fck\u015fehir Belediyesi taraf\u0131ndan ayr\u0131ca Nergis \u015eenli\u011fi&#8217;ne kat\u0131lan vatanda\u015flara nergis so\u011fan\u0131 hediye edildi. \u015eenli\u011fe kat\u0131l\u0131m sa\u011flayan Mersinliler, doya doya e\u011flenme f\u0131rsat\u0131 bulurken verilen konserle de \u015fenli\u011fin tad\u0131n\u0131 \u00e7\u0131kard\u0131. \u00dcreticilerin stantlar\u0131n\u0131n yer ald\u0131\u011f\u0131 \u015fenlikte Mersin B\u00fcy\u00fck\u015fehir Belediyesi de stantlar\u0131 ile yer ald\u0131. \u00d6zellikle B\u00fcy\u00fck\u015fehir&#8217;in \u00e7ocuklar i\u00e7in a\u00e7t\u0131\u011f\u0131 stant, aileler ve miniklerden yo\u011fun ilgi g\u00f6r\u00fcrken, \u00e7ocuklara karne hediyesi olarak da boyama kitaplar\u0131 da\u011f\u0131t\u0131ld\u0131.<\/p>\n<p>&#8220;Bu gibi festivallerin ta\u015fra mahallelerde yap\u0131lmas\u0131 \u00e7ok g\u00fczel oldu&#8221;<\/p>\n<p>Pir\u00f6merli, Kakl\u0131kta\u015f\u0131, Belen, Dorak, B\u00f6\u011fr\u00fce\u011fri, Boztepe ve Tepeta\u015fp\u0131nar Mahalleleri&#8217;nin talebi \u00fczerine yap\u0131lan Nergis \u015eenli\u011fi&#8217;nde de\u011ferlendirme yapan Boztepe Mahalle Muhtar\u0131 Kenan Toros, &#8220;\u00c7ok g\u00fczel oldu. \u00d6ncelikle B\u00fcy\u00fck\u015fehir Belediye Ba\u015fkan\u0131m\u0131z Vahap Bey&#8217;e ve eme\u011fi ge\u00e7en herkese \u00e7ok te\u015fekk\u00fcr ediyorum. Bu gibi festivallerin ta\u015fra mahallelerde yap\u0131lmas\u0131 \u00e7ok g\u00fczel oldu. B\u00f6yle bir festival de gerekiyordu. B\u00fcy\u00fck bir ilgi, b\u00fcy\u00fck bir kalabal\u0131k var&#8221; dedi.<\/p>\n<p>&#8220;Nergisi d\u00fcnyaya tan\u0131taca\u011f\u0131z&#8221;<\/p>\n<p>Dorak Mahalle Muhtar\u0131 Mustafa Borluo\u011flu da yapt\u0131\u011f\u0131 de\u011ferlendirmede; &#8220;Bizim burada nergis \u00fcretimi \u00e7o\u011fald\u0131\u011f\u0131 i\u00e7in tan\u0131t\u0131m ama\u00e7l\u0131 B\u00fcy\u00fck\u015fehir Belediye Ba\u015fkan\u0131m\u0131zdan rica ettik. O da bizi k\u0131rmad\u0131, bu \u015fenli\u011fi d\u00fczenledi. Nergisi d\u00fcnyaya tan\u0131taca\u011f\u0131z. Gelir kayna\u011f\u0131m\u0131z olacak. Vahap Ba\u015fkan\u0131m\u0131za \u00e7ok te\u015fekk\u00fcr ediyorum. Nergis \u015eenli\u011fimizde nergis sat\u0131l\u0131yor, nergis re\u00e7eli, nergis kolonyas\u0131, nergis parf\u00fcm\u00fc; her \u015feyi tan\u0131t\u0131l\u0131yor. \u0130lgi b\u00fcy\u00fck, memnunuz&#8221; ifadelerine yer verdi.<\/p>\n<p>&#8220;G\u00f6r\u00fclmedik bir \u015fey&#8221;<\/p>\n<p>Tepeta\u015fp\u0131nar Mahalle Muhtar\u0131 Mehmet Ali Demir ise \u015fenlikle ilgili, &#8220;Ba\u015fkan\u0131m\u0131z\u0131n her \u015feyinden memnunuz. \u015eenlik ilk defa yap\u0131l\u0131yor, g\u00f6r\u00fclmedik bir \u015fey. Yo\u011funluk \u00e7ok g\u00fczel, memnunuz&#8221; derken, B\u00f6\u011fr\u00fce\u011fri Mahalle Muhtar\u0131 Ramazan Ate\u015f de &#8220;Bu \u015fenli\u011fin d\u00fczenlenmesinden dolay\u0131 Ba\u015fkan\u0131m\u0131z Vahap Se\u00e7er&#8217;e \u00e7ok te\u015fekk\u00fcr ediyorum.  Nergis \u015eenli\u011fi&#8217;nin yan\u0131 s\u0131ra \u00fcr\u00fcnlerini satanlar da var. Eme\u011fi ge\u00e7en herkese te\u015fekk\u00fcr ediyorum&#8221; diye konu\u015ftu. <\/p>\n<p>&#8220;Bu \u015eenlik ile nergisimiz t\u00fcm T\u00fcrkiye&#8217;ye, hatta d\u00fcnyaya tan\u0131t\u0131lacak&#8221;<\/p>\n<p>Belen Mahalle Muhtar\u0131 Mehmet Kesmece, \u015fenli\u011fin her y\u0131l yap\u0131lmas\u0131n\u0131 istediklerini belirterek, &#8220;\u0130yi bir \u00fcretimin sonuna vard\u0131k ve \u015fimdi de festivalini yap\u0131yoruz. Ba\u015fkan\u0131m\u0131zdan Allah raz\u0131 olsun. Her y\u0131l b\u00f6yle bir \u015fenli\u011fi istiyoruz ve daha da \u00fcreticilerimizin ekim yapmas\u0131n\u0131 talep ediyorum. Bu \u015fenlik ile nergisimizin t\u00fcm T\u00fcrkiye&#8217;ye, hatta d\u00fcnyaya tan\u0131t\u0131m\u0131 yap\u0131lacak. Bunun inanc\u0131nday\u0131m&#8221; dedi.<\/p>\n<p>&#8220;Daha \u00f6nce b\u00f6yle bir kalabal\u0131k, b\u00f6yle bir Ba\u015fkan g\u00f6rmedik&#8221;<\/p>\n<p>B\u00f6\u011fr\u00fce\u011fri Mahallesi&#8217;nden \u015fenli\u011fe kat\u0131lan Ahmet Ko\u00e7, daha \u00f6nce b\u00f6lgelerinde b\u00f6yle bir kalabal\u0131k ve co\u015fku g\u00f6rmediklerine de\u011finerek, &#8220;Bu y\u00f6renin 500 y\u0131ll\u0131k tarihi var. Bu y\u00f6renin insanlar\u0131 daha \u00f6nce b\u00f6yle bir kalabal\u0131k b\u00f6yle bir Ba\u015fkan g\u00f6rmedi. Ba\u015fkan\u0131m\u0131za te\u015fekk\u00fcr ederiz. \u00c7ok mutluyuz. \u0130nsanlar\u0131 birbirine kayna\u015ft\u0131rd\u0131, co\u015fturdu&#8221; dedi.<\/p>\n<p>&#8220;K\u00f6y\u00fcm\u00fcz tan\u0131nm\u0131\u015f oldu&#8221;<\/p>\n<p>&#8220;K\u0131\u015f\u0131n gelir kayna\u011f\u0131m\u0131z nergistir&#8221; diyen nergis \u00fcreticisi Ay\u015fe \u015eim\u015fek, \u015fenli\u011fi de\u011ferlendirerek; &#8220;Bizim i\u00e7in \u00e7ok de\u011ferli bir \u015fey. K\u00f6y\u00fcm\u00fcz tan\u0131nm\u0131\u015f oldu. \u0130lk defa oldu, daha \u00f6nce hi\u00e7 olmam\u0131\u015ft\u0131. Gelenek haline gelir, ileride belki insanlar daha fazla satar, daha fazla ekerler&#8221; diye konu\u015ftu.   B\u00f6\u011fr\u00fce\u011fri Mahallesi&#8217;nden \u015fenli\u011fe kat\u0131lan ve stant a\u00e7an Sultan Durmaz, &#8220;\u015eenlik iyi, kalabal\u0131k da iyi. \u0130lk kez geldim. Daha \u00f6nce b\u00f6yle bir \u015feye kat\u0131lmam\u0131\u015ft\u0131m, yeni kat\u0131ld\u0131m. Be\u011fendim, iyi oldu. El g\u00f6rd\u00fck, g\u00fcn g\u00f6rd\u00fck, sat\u0131\u015f yapt\u0131k&#8221; dedi.<\/p>\n<p>Stant a\u00e7an bir di\u011fer \u00fcretici de Pir\u00f6merli Mahallesi&#8217;nde ya\u015fayan Mahmut P\u0131rlak&#8217;t\u0131. Y\u00f6resel \u00fcr\u00fcn sat\u0131\u015f\u0131 yapan P\u0131rlak, \u015fenli\u011fi de\u011ferlendirerek, &#8220;Etkinli\u011fimizin birinci y\u0131l\u0131 olmas\u0131na ra\u011fmen kalabal\u0131k. \u00c7ok g\u00fczel oldu, muhte\u015fem oldu. Umdu\u011fumuzdan \u00e7ok daha iyi oldu. Bu kadar beklemiyorduk. Seneye bundan daha iyi olacak. Ba\u015fkan\u0131m\u0131za ve eme\u011fi ge\u00e7en herkese te\u015fekk\u00fcr ediyoruz&#8221; ifadelerine yer verdi.<\/p>\n<p>&#8220;Bu pahal\u0131l\u0131k stresinin i\u00e7inde b\u00f6yle bir moral deste\u011fi harika&#8221;<\/p>\n<p>Mersin Yazarlar Derne\u011fi \u00fcyesi Remziye \u00c7elik, f\u0131rsat bulduk\u00e7a \u015fenliklere kat\u0131lmaya \u00f6zen g\u00f6sterdi\u011fini belirterek, &#8220;\u015eenlik harika. G\u00fcn\u00fcm\u00fczde bu pahal\u0131l\u0131k stresinin i\u00e7inde b\u00f6yle bir moral deste\u011fi ger\u00e7ekten harika. Normalde bir vatanda\u015f buraya gelmek istese 300-400 TL&#8217;den a\u015fa\u011f\u0131ya gelemez ama sa\u011f olsun B\u00fcy\u00fck\u015fehir Belediyesi&#8217;nin arac\u0131yla verdi\u011fi deste\u011fe, insanlar\u0131n g\u00f6nl\u00fcn\u00fc ho\u015f etmesine \u00e7ok te\u015fekk\u00fcr ediyoruz. Burada \u00e7i\u00e7ek kokusunun i\u00e7inde bir kayna\u015fma, \u015fehrin g\u00fcr\u00fclt\u00fcs\u00fcnden uzak do\u011fayla ba\u015f ba\u015fa kalmay\u0131 kim istemez ki&#8221; dedi.<\/p>\n<p>&#8220;Mis kokulu bir \u015fenlik ge\u00e7irdik&#8221;<\/p>\n<p>\u00dcniversite s\u0131nav\u0131na haz\u0131rlanan gen\u00e7lerden Firdevs Buruk, &#8220;\u00c7ok be\u011fendim, \u00f6zellikle buran\u0131n kokusu, bah\u00e7eler, stantlar \u00e7ok g\u00fczel. Re\u00e7ellerin tad\u0131 muhte\u015femdi.  Ben ilk defa g\u00fcl d\u0131\u015f\u0131nda \u00e7i\u00e7ekten re\u00e7el yap\u0131ld\u0131\u011f\u0131na \u015fahit oldum. Nergis \u00e7i\u00e7e\u011fiyle ilk defa tan\u0131\u015ft\u0131m diyebilirim ama \u00e7ok g\u00fczel. Bin kere daha olsa gelirdim. Evde ders ders yeter dedik, kafa da\u011f\u0131tmak i\u00e7in geldik. Erkenden haberim olsayd\u0131 t\u00fcm \u00f6\u011frencileri davet ederdim. \u015eehrimi de B\u00fcy\u00fck\u015fehir Belediye Ba\u015fkan\u0131m\u0131 da \u00e7ok seviyorum. Mis kokulu bir \u015fenlik ge\u00e7irdik&#8221; dedi.<\/p>\n<p>&#8220;Bu t\u00fcr festivaller insanlar\u0131 birbirine kayna\u015ft\u0131r\u0131yor&#8221;<\/p>\n<p>\u015eenli\u011fe Mersin&#8217;den gelerek kat\u0131lan emekli \u00f6\u011fretmen Merhamet Co\u015fkun da, alan\u0131 g\u00f6rd\u00fc\u011f\u00fcnde \u00e7ok mutlu oldu\u011funu s\u00f6yleyerek, &#8220;Do\u011fa g\u00fczel, her \u015fey mis gibi. \u0130yi ki gelmi\u015fiz. \u00c7ok ho\u015fuma gitti. Bu t\u00fcr festivaller insanlar\u0131 birbirine kayna\u015ft\u0131r\u0131yor. Tarsuslu hem\u015ferilerimi g\u00f6rd\u00fcm, sevgi yuma\u011f\u0131 yani her \u015fey \u00e7ok g\u00fczel. Bundan sonra festivalleri hi\u00e7 ka\u00e7\u0131rmayaca\u011f\u0131m. Her \u015fenlik bir daha olsun&#8221;  ifadelerini kullan\u0131rken, Vatanda\u015flardan Hava Altay ise  &#8220;\u00c7ok g\u00fczel, \u00e7ok mutlu oldum. Her \u015feyiyle \u00e7ok g\u00fczeldi. Yiyeceklerden ald\u0131k yedik, \u00e7i\u00e7eklerden ald\u0131k. \u00c7ok be\u011fendik&#8221; dedi.<\/p>\n","protected":false},"excerpt":{"rendered":"<p>Mersin B\u00fcy\u00fck\u015fehir Belediyesi&#8217;nin bu y\u0131l ilkini d\u00fczenledi\u011fi &#8216;Nergis \u015eenli\u011fi&#8217; dolu dolu ge\u00e7ti. B\u00fcy\u00fck\u015fehir Belediyesi taraf\u0131ndan, Tarsus&#8217;un Pir\u00f6merli Mahallesi \u00c7at Mevkii&#8217;nde yap\u0131lan \u015fenlik, Ba\u015fkan Vahap Se\u00e7er ve e\u015fi Meral Se\u00e7er&#8217;in de &hellip; <a href=\"https:\/\/akdenizolaygazetesi.com\/?p=23678\" class=\"more-link\">Devam\u0131n\u0131 Oku&#8230;<\/a><\/p>\n","protected":false},"author":2,"featured_media":23680,"comment_status":"open","ping_status":"open","sticky":false,"template":"","format":"standard","meta":[],"categories":[8,2,3,5],"tags":[],"_links":{"self":[{"href":"https:\/\/akdenizolaygazetesi.com\/index.php?rest_route=\/wp\/v2\/posts\/23678"}],"collection":[{"href":"https:\/\/akdenizolaygazetesi.com\/index.php?rest_route=\/wp\/v2\/posts"}],"about":[{"href":"https:\/\/akdenizolaygazetesi.com\/index.php?rest_route=\/wp\/v2\/types\/post"}],"author":[{"embeddable":true,"href":"https:\/\/akdenizolaygazetesi.com\/index.php?rest_route=\/wp\/v2\/users\/2"}],"replies":[{"embeddable":true,"href":"https:\/\/akdenizolaygazetesi.com\/index.php?rest_route=%2Fwp%2Fv2%2Fcomments&post=23678"}],"version-history":[{"count":1,"href":"https:\/\/akdenizolaygazetesi.com\/index.php?rest_route=\/wp\/v2\/posts\/23678\/revisions"}],"predecessor-version":[{"id":23681,"href":"https:\/\/akdenizolaygazetesi.com\/index.php?rest_route=\/wp\/v2\/posts\/23678\/revisions\/23681"}],"wp:featuredmedia":[{"embeddable":true,"href":"https:\/\/akdenizolaygazetesi.com\/index.php?rest_route=\/wp\/v2\/media\/23680"}],"wp:attachment":[{"href":"https:\/\/akdenizolaygazetesi.com\/index.php?rest_route=%2Fwp%2Fv2%2Fmedia&parent=23678"}],"wp:term":[{"taxonomy":"category","embeddable":true,"href":"https:\/\/akdenizolaygazetesi.com\/index.php?rest_route=%2Fwp%2Fv2%2Fcategories&post=23678"},{"taxonomy":"post_tag","embeddable":true,"href":"https:\/\/akdenizolaygazetesi.com\/index.php?rest_route=%2Fwp%2Fv2%2Ftags&post=23678"}],"curies":[{"name":"wp","href":"https:\/\/api.w.org\/{rel}","templated":true}]}}