{"id":23700,"date":"2023-01-23T13:39:22","date_gmt":"2023-01-23T10:39:22","guid":{"rendered":"http:\/\/akdenizolaygazetesi.com\/?p=23700"},"modified":"2023-01-23T13:39:22","modified_gmt":"2023-01-23T10:39:22","slug":"baskan-yilmazin-uc-aylar-mesaji","status":"publish","type":"post","link":"https:\/\/akdenizolaygazetesi.com\/?p=23700","title":{"rendered":"BA\u015eKAN YILMAZ&#8217;IN \u00dc\u00c7 AYLAR MESAJI"},"content":{"rendered":"<p>Toroslar Belediye Ba\u015fkan\u0131 Ats\u0131z Af\u015f\u0131n Y\u0131lmaz, m\u00fcbarek \u00fc\u00e7 aylar\u0131n ba\u015flang\u0131c\u0131 dolay\u0131s\u0131yla bir mesaj yay\u0131nlad\u0131.<\/p>\n<p>11 ay\u0131n sultan\u0131 Ramazan Ay\u0131&#8217;n\u0131n m\u00fcjdecisi olan \u00fc\u00e7 aylar\u0131n t\u00fcm insanl\u0131\u011fa sa\u011fl\u0131k, huzur ve hay\u0131rlar getirmesini dileyen Ba\u015fkan Y\u0131lmaz; &#8220;Recep, \u015eaban ve Ramazan aylar\u0131n\u0131 i\u00e7inde bar\u0131nd\u0131ran, Regaip Kandili ile ba\u015flay\u0131p Kadir Gecesi ile sona eren \u00fc\u00e7 aylara eri\u015fmenin mutlulu\u011funu ve sevincini ya\u015f\u0131yoruz&#8221; dedi.<\/p>\n<p>Ba\u015fkan Y\u0131lmaz, m\u00fcbarek g\u00fcn ve gecelerin birlik, beraberlik ve dayan\u0131\u015fma i\u00e7inde de\u011ferlendirilmesi gerekti\u011fini kaydederek; &#8220;\u00dc\u00e7 aylar, her \u015feyden \u00f6nce bir ar\u0131nma ve yenilenme mevsimidir. Maneviyat\u0131n yo\u011funluk kazand\u0131\u011f\u0131, dayan\u0131\u015fma ve yard\u0131mla\u015fman\u0131n en \u00fcst noktaya ula\u015ft\u0131\u011f\u0131 \u00f6zel zamanlard\u0131r. Birlik ve beraberli\u011fimizin daha da \u00f6nem kazand\u0131\u011f\u0131 bu g\u00fcnler bizler i\u00e7in \u00e7ok k\u0131ymetli. Bu vesileyle t\u00fcm hem\u015fehrilerimin ve \u0130slam Alemi&#8217;nin m\u00fcbarek \u00fc\u00e7 aylar\u0131n\u0131 tebrik ediyor, bar\u0131\u015f ve huzura vesile olmas\u0131n\u0131 Cenab-\u0131 Allah&#8217;tan niyaz ediyorum&#8221; \u015feklinde konu\u015ftu.<\/p>\n","protected":false},"excerpt":{"rendered":"<p>Toroslar Belediye Ba\u015fkan\u0131 Ats\u0131z Af\u015f\u0131n Y\u0131lmaz, m\u00fcbarek \u00fc\u00e7 aylar\u0131n ba\u015flang\u0131c\u0131 dolay\u0131s\u0131yla bir mesaj yay\u0131nlad\u0131. 11 ay\u0131n sultan\u0131 Ramazan Ay\u0131&#8217;n\u0131n m\u00fcjdecisi olan \u00fc\u00e7 aylar\u0131n t\u00fcm insanl\u0131\u011fa sa\u011fl\u0131k, huzur ve hay\u0131rlar getirmesini &hellip; <a href=\"https:\/\/akdenizolaygazetesi.com\/?p=23700\" class=\"more-link\">Devam\u0131n\u0131 Oku&#8230;<\/a><\/p>\n","protected":false},"author":2,"featured_media":23701,"comment_status":"open","ping_status":"open","sticky":false,"template":"","format":"standard","meta":[],"categories":[3],"tags":[],"_links":{"self":[{"href":"https:\/\/akdenizolaygazetesi.com\/index.php?rest_route=\/wp\/v2\/posts\/23700"}],"collection":[{"href":"https:\/\/akdenizolaygazetesi.com\/index.php?rest_route=\/wp\/v2\/posts"}],"about":[{"href":"https:\/\/akdenizolaygazetesi.com\/index.php?rest_route=\/wp\/v2\/types\/post"}],"author":[{"embeddable":true,"href":"https:\/\/akdenizolaygazetesi.com\/index.php?rest_route=\/wp\/v2\/users\/2"}],"replies":[{"embeddable":true,"href":"https:\/\/akdenizolaygazetesi.com\/index.php?rest_route=%2Fwp%2Fv2%2Fcomments&post=23700"}],"version-history":[{"count":1,"href":"https:\/\/akdenizolaygazetesi.com\/index.php?rest_route=\/wp\/v2\/posts\/23700\/revisions"}],"predecessor-version":[{"id":23702,"href":"https:\/\/akdenizolaygazetesi.com\/index.php?rest_route=\/wp\/v2\/posts\/23700\/revisions\/23702"}],"wp:featuredmedia":[{"embeddable":true,"href":"https:\/\/akdenizolaygazetesi.com\/index.php?rest_route=\/wp\/v2\/media\/23701"}],"wp:attachment":[{"href":"https:\/\/akdenizolaygazetesi.com\/index.php?rest_route=%2Fwp%2Fv2%2Fmedia&parent=23700"}],"wp:term":[{"taxonomy":"category","embeddable":true,"href":"https:\/\/akdenizolaygazetesi.com\/index.php?rest_route=%2Fwp%2Fv2%2Fcategories&post=23700"},{"taxonomy":"post_tag","embeddable":true,"href":"https:\/\/akdenizolaygazetesi.com\/index.php?rest_route=%2Fwp%2Fv2%2Ftags&post=23700"}],"curies":[{"name":"wp","href":"https:\/\/api.w.org\/{rel}","templated":true}]}}