{"id":23712,"date":"2023-01-24T12:43:43","date_gmt":"2023-01-24T09:43:43","guid":{"rendered":"http:\/\/akdenizolaygazetesi.com\/?p=23712"},"modified":"2023-01-24T12:43:43","modified_gmt":"2023-01-24T09:43:43","slug":"20-yildir-cozemedigimiz-merkezin-imar-sorununu-cozduk","status":"publish","type":"post","link":"https:\/\/akdenizolaygazetesi.com\/?p=23712","title":{"rendered":"&#8220;20 YILDIR \u00c7\u00d6ZEMED\u0130\u011e\u0130M\u0130Z MERKEZ\u0130N \u0130MAR SORUNUNU \u00c7\u00d6ZD\u00dcK&#8221;"},"content":{"rendered":"<p>Mersin B\u00fcy\u00fck\u015fehir Belediye Ba\u015fkan\u0131 Vahap Se\u00e7er, M\u00fcstakil Sanayici ve \u0130\u015fadamlar\u0131 Derne\u011fi (M\u00dcS\u0130AD) Mersin \u015eubesi Ola\u011fan Genel Kurulu Galas\u0131&#8217;na kat\u0131ld\u0131. Programa, Ba\u015fkan Vahap Se\u00e7er&#8217;in yan\u0131 s\u0131ra Eski Hazine ve Maliye Bakan\u0131 L\u00fctfi Elvan, Mersin Valisi Ali Hamza Pehlivan, M\u00dcS\u0130AD Genel Ba\u015fkan\u0131 Mahmut Asmal\u0131, Mersin Milletvekilleri, il\u00e7e belediye ba\u015fkanlar\u0131 ve kent protokol\u00fc kat\u0131ld\u0131.<br \/>\nM\u00dcS\u0130AD&#8217;\u0131n yeni y\u00f6netim kurulunun belirlendi\u011fi programda konu\u015fan Ba\u015fkan Se\u00e7er, i\u015f d\u00fcnyas\u0131 ile bir arada olmaktan mutluluk duydu\u011funu belirterek, Mersin&#8217;in i\u015f d\u00fcnyas\u0131 ile b\u00fcy\u00fcyen bir kent oldu\u011funu s\u00f6yledi. Kentin tarihinde ana dokunun ticaret, liman ve d\u00fcnya ticareti oldu\u011funu, dolay\u0131s\u0131yla Mersin&#8217;e T\u00fcrkiye&#8217;nin ve d\u00fcnyan\u0131n farkl\u0131 b\u00f6lgelerinden \u00e7al\u0131\u015fmak i\u00e7in gelen insanlar oldu\u011funu s\u00f6yleyen Ba\u015fkan Se\u00e7er, &#8220;Hi\u00e7 kimse do\u011fdu\u011fu yeri, vatan\u0131n\u0131, memleketini b\u0131rak\u0131p, \u00e7olu\u011funun \u00e7ocu\u011funu al\u0131p bir ba\u015fka \u015fehre gelmez. Ama Mersin&#8217;e herkes gelmi\u015f. Do\u011fu&#8217;dan, G\u00fcneydo\u011fu&#8217;dan, Orta Anadolu&#8217;dan, Karadeniz&#8217;den, Ege&#8217;den, Trakya&#8217;dan.. Her yerden. Ho\u015f gelmi\u015f, sefa gelmi\u015f, \u0130yi ki de gelmi\u015f, rengarenk bir kent olmu\u015f&#8221; dedi.<br \/>\n&#8220;Ben kendimi d\u00fcnyan\u0131n en mutlu Belediye Ba\u015fkan\u0131 olarak addediyorum&#8221;<br \/>\nMersin&#8217;de n\u00fcfusun art\u0131\u011f\u0131n\u0131 ve kendisinin bu durumdan rahats\u0131z olmad\u0131\u011f\u0131n\u0131 s\u00f6yleyen Ba\u015fkan Se\u00e7er, n\u00fcfusun artmas\u0131 i\u00e7in mutlaka olumlu geli\u015fmeler olmas\u0131 gerekti\u011fine dikkat \u00e7ekerek, &#8220;Olumlu yat\u0131r\u0131mlar vard\u0131r. Hepimiz bunun fark\u0131nday\u0131z ve enerjisi y\u00fcksek, bereketli bir kentte ya\u015famaktan da \u00e7ok keyifliyiz. Ben kendimi d\u00fcnyan\u0131n en mutlu Belediye Ba\u015fkan\u0131 olarak addediyorum. B\u00f6yle bir m\u00fcstesna kentin Belediye Ba\u015fkan\u0131y\u0131m. Mersin&#8217;in ke\u015ffedilmedi\u011fine inan\u0131yorum. Mersin&#8217;in ke\u015ffedilmemi\u015f hali buysa ke\u015ffedilmi\u015f hali inan\u0131n bana muazzam olur&#8221; diye konu\u015ftu. Bu t\u00fcr toplant\u0131lar\u0131 \u00f6nemsedi\u011fini \u00e7\u00fcnk\u00fc ekonomiye y\u00f6n veren i\u015f d\u00fcnyas\u0131 ile bir araya geldi\u011fini s\u00f6yleyen Ba\u015fkan Se\u00e7er &#8220;Siz bizim velinimetimizsiniz, \u00e7\u00fcnk\u00fc sizden toplanan vergilerden kesilen paylar belediyenin gelirleri olarak geliyor. Ne kadar vergi Mersine o kadar yerel yat\u0131r\u0131m, ne kadar vergi o kadar merkezi h\u00fck\u00fcmetten, tabi ki ne istedi\u011fimizi bilirsek o kadar \u00e7ok yat\u0131r\u0131m gelecek&#8221; dedi.<br \/>\n&#8220;Bu belediye iyi y\u00f6netiliyor. Mali disiplini \u00e7ok sa\u011flam&#8221;<br \/>\nG\u00f6reve geldi\u011finde a\u011f\u0131r bor\u00e7 y\u00fck\u00fc ile kar\u015f\u0131la\u015ft\u0131\u011f\u0131n\u0131 ifade eden Ba\u015fkan Se\u00e7er &#8220;Ama \u015fimdi geldi\u011fimiz noktay\u0131 size s\u00f6ylesem inand\u0131r\u0131c\u0131 gelmez. Toplam ba\u011fl\u0131 kurulu\u015flar, i\u015ftirakler hepsi i\u00e7erisinde, yakla\u015f\u0131k 15,5 milyar TL bizim b\u00fct\u00e7emiz var. Yakla\u015f\u0131k olarak da bu b\u00fct\u00e7eyi realize etmek i\u00e7in 13-14 TL milyar civar\u0131nda bir gelir olacak. \u00d6ng\u00f6r\u00fcm\u00fcz bu. Peki, bizim borcumuz ne? 3 milyar 750 milyon TL, hepsi dahil. Bu d\u00f6nemde ufak tefek bor\u00e7lanmalar da oldu. \u015eimdi geldi\u011fim b\u00fct\u00e7eye bak\u0131yorum, o zamanki gelirime bak\u0131yorum, devrald\u0131\u011f\u0131m borca bak\u0131yorum, geldim 3 milyar TL bor\u00e7 var toplam. Geliri nedir bu belediyenin? Oradan buradan 2019 y\u0131l\u0131nda bize gelen paran\u0131n tamam\u0131 2 milyar 250 milyon TL. Yanl\u0131\u015f duymad\u0131n\u0131z, 2 milyar 250 milyon TL gelir var. Realize edilen 2019 b\u00fct\u00e7e geliri var, 3 milyar TL&#8217;de o y\u0131l\u0131n ba\u015f\u0131nda kuca\u011f\u0131n\u0131zda bor\u00e7 var. Ama bug\u00fcn 2023 y\u0131l\u0131na girerken 15,5 milyar TL&#8217;lik b\u00fct\u00e7em var diyorum, Realize edece\u011fim gelir b\u00fct\u00e7em 13-14 milyar lira. TL baz\u0131nda oldu\u011fu i\u00e7in sizi yan\u0131ltmas\u0131n, Dolar baz\u0131na vurursan\u0131z 320 milyon dolar borcumuz azalm\u0131\u015f&#8221; diye konu\u015ftu.<br \/>\nB\u00fcy\u00fck\u015fehir Belediyesi&#8217;nin mali disiplini iyi bir belediye oldu\u011funu vurgulayan Ba\u015fkan Se\u00e7er, &#8220;Bu nereden oldu para basmad\u0131ysak? Gelen istiaptan oldu, \u00f6z gelirlerimizden oldu. \u015eimdi buraya kadar bu \u015fehrin ne kadar g\u00fc\u00e7l\u00fc oldu\u011funu herhalde rakamlarla anlatt\u0131m size. \u00c7\u00fcnk\u00fc vergi gidiyor ve tabi bizim de hakk\u0131m\u0131z\u0131 verin; bu belediye iyi y\u00f6netiliyor. Mali disiplini \u00e7ok sa\u011flam. Bak\u0131n \u00e7ok \u00e7ok sa\u011flam bir mali disiplini var. Bu kadar k\u00f6pr\u00fcleri, k\u00f6pr\u00fcl\u00fc kav\u015faklar\u0131, yollar\u0131, fakir fukaraya garip gurebaya bak\u0131m\u0131 yine bu b\u00fct\u00e7eden yap\u0131yorsunuz&#8221; ifadelerini kulland\u0131.<br \/>\nKonu\u015fmas\u0131nda eski Hazine ve Maliye Bakan\u0131 L\u00fctfi Elvan&#8217;a da te\u015fekk\u00fcr eden Ba\u015fkan Vahap Se\u00e7er &#8220;Ben size yerel y\u00f6netimlerden sorumlu Ba\u015fkan\u0131n\u0131z olarak yerel vizyon \u00e7izece\u011fim mutlaka. Biraz sonra Say\u0131n Bakan\u0131m da s\u00f6z alacak, T\u00fcrkiye ekonomisini de\u011ferlendirecek. \u00c7ok de\u011ferli bakan\u0131m\u0131zla parlamentodan da tan\u0131\u015f\u0131r\u0131z, mesaimiz oldu. Zaman zaman \u00e7ok k\u0131ymetli desteklerini de g\u00f6rd\u00fcm. Burada huzurlar\u0131n\u0131zda da kendisine te\u015fekk\u00fcr etmek istiyorum. Ayr\u0131 bir hukukum olan bir insand\u0131r kendisi&#8221; dedi.<br \/>\n&#8220;Metro bu kente de\u011fer katacak bir projedir. Siyaset u\u011fruna zaman yitirmeyelim&#8221;<br \/>\nKonu\u015fmas\u0131n\u0131n devam\u0131nda Mersin B\u00fcy\u00fck\u015fehir Belediyesi olarak yapt\u0131klar\u0131 yat\u0131r\u0131mlardan s\u00f6z eden Ba\u015fkan Se\u00e7er, &#8220;Bu kadar yat\u0131r\u0131mlar\u0131 yap\u0131yoruz. Bizim yapt\u0131\u011f\u0131m\u0131z yat\u0131r\u0131mlar iyidir, fena de\u011fildir, yeterli de\u011fildir. Yerel y\u00f6neticiye ne kadar b\u00fcy\u00fck kaynak aktar\u0131l\u0131rsa, uygun finansman bulursa, israf etmeden ak\u0131ll\u0131 yat\u0131r\u0131mlar yaparsa, \u015fehrini inan\u0131lmaz noktalara getirir. Biz \u015fu anda bu noktaday\u0131z. Metro i\u00e7in destek istiyorum, rakamlar\u0131 verdim. Metro bu kente de\u011fer katacak bir projedir. Siyaset u\u011fruna zaman yitirmeyelim. Mersin&#8217;in gelece\u011fine dair bu yat\u0131r\u0131ma hepimiz katk\u0131 sunal\u0131m&#8221; diye konu\u015ftu.<br \/>\n&#8220;Ortak paydam\u0131z Mersin&#8221;<br \/>\nMetro projesinin 2019&#8217;da ki yat\u0131r\u0131m program\u0131na al\u0131nd\u0131\u011f\u0131n\u0131 hat\u0131rlatan Ba\u015fkan Se\u00e7er, &#8220;Say\u0131n Bakan Plan B\u00fct\u00e7e Komisyonu Ba\u015fkan\u0131 iken bizzat ilgilenmi\u015f, bu konuda belediyemize \u00f6nemli katk\u0131lar yapm\u0131\u015ft\u0131r. Neden; \u00e7\u00fcnk\u00fc AK Parti, CHP, MHP \u0130Y\u0130 Parti meselesi de\u011fil, ba\u015fka siyasi partiler meselesi de\u011fil derdimiz. Derdimiz Mersin. Ortak paydam\u0131z Mersin. Biz daha fazla yat\u0131r\u0131m yapmak istiyoruz. Bu yat\u0131r\u0131m\u0131 Mersin daha ya\u015fanabilir bir kent olsun, geli\u015fen bir kent olsun, d\u00fcnya kenti olsun, tan\u0131ns\u0131n diye yapmak istiyoruz. Merkezi h\u00fck\u00fcmetin de buraya \u00f6nemli katk\u0131lar yapmas\u0131 gerekti\u011fi zaten a\u015fik\u00e2r. Yap\u0131lmad\u0131 m\u0131? Yap\u0131l\u0131yor. Eksik kalanlar var, hepimiz biliyoruz&#8221; dedi.<br \/>\n&#8220;Gelecek 10 y\u0131llara, 20 y\u0131llara kentimizi haz\u0131rlayamam\u0131\u015f\u0131z. Oysaki haz\u0131rlamak zorunday\u0131z&#8221;<br \/>\nBu yat\u0131r\u0131mlar\u0131n ba\u015fta havaalan\u0131 olmak \u00fczere kente \u00e7ok b\u00fcy\u00fck de\u011fer kataca\u011f\u0131n\u0131, \u00f6zellikle \u00c7e\u015fmeli-Ta\u015fucu otoban ya da \u00e7evre yolu otoyol ba\u011flant\u0131s\u0131n\u0131n yap\u0131lmas\u0131n\u0131n \u00e7ok \u00f6nemli oldu\u011funun alt\u0131n\u0131 \u00e7izen Ba\u015fkan Se\u00e7er, &#8220;Ta\u015fucu farkl\u0131 bir lojistik merkezi haline geliyor. Oray\u0131 da d\u00fc\u015f\u00fcn\u00fcrseniz bunlar \u00e7ok \u00f6nemli. Yapt\u0131\u011f\u0131m\u0131z bir hata var, onu s\u00f6yleyece\u011fim. Gelecek 10 y\u0131llara, 20 y\u0131llara kentimizi haz\u0131rlayamam\u0131\u015f\u0131z. Oysaki haz\u0131rlamak zorunday\u0131z. Hani baz\u0131 sesler gelir, &#8216;Metro, gerekli mi bu kadar yat\u0131r\u0131m?&#8217; gibi. \u015eimdi i\u00e7in belki hakikaten tart\u0131\u015f\u0131labilir. En az\u0131ndan &#8216;Ya olmasa da olur, 2-3 sene sonra olsun&#8217; diyebiliriz ama 5 y\u0131l sonra &#8216;Neden yapmad\u0131k&#8217; diye \u00fcz\u00fcl\u00fcr\u00fcz&#8221; dedi.<br \/>\nKent n\u00fcfusunun h\u0131zla art\u0131\u011f\u0131n\u0131 ve bu y\u00fczden yerel y\u00f6netimlerin altyap\u0131 \u00e7al\u0131\u015fmalar\u0131 yapmas\u0131 gerekti\u011fini s\u00f6yleyen Ba\u015fkan Se\u00e7er, bunu belediyelerin kendi \u00f6z kaynaklar\u0131yla yapamayaca\u011f\u0131na, merkezi h\u00fck\u00fcmetin gereken deste\u011fi g\u00f6stermesi gerekti\u011fine dikkat \u00e7ekti. Ba\u015fkan Se\u00e7er, &#8220;Bu bir uyar\u0131d\u0131r. Bunu kendi \u00f6z b\u00fct\u00e7eleri ile kaynaklar\u0131 ile hi\u00e7bir belediye yapamaz, yapam\u0131yor da. Bunlar \u00f6nemli yat\u0131r\u0131mlard\u0131r. \u0130\u015fte n\u00fckleer santral yap\u0131l\u0131yor. Orada b\u00fcy\u00fck bir altyap\u0131 sorunu ba\u015flad\u0131. \u00c7\u00fcnk\u00fc oraya bir n\u00fcfus h\u00fccumu oldu, n\u00fcfus patlamas\u0131 oldu. Bunlar y\u0131llar \u00f6nceden programlan\u0131p oran\u0131n temeli at\u0131lmadan realize edilmeye ba\u015flansayd\u0131 bug\u00fcn bu sorunlar\u0131 ya\u015famayacakt\u0131k&#8221; \u015feklinde konu\u015ftu.<br \/>\n&#8220;20 y\u0131ld\u0131r \u00e7\u00f6zemedi\u011fimiz merkezin imar sorununu \u00e7\u00f6zd\u00fck&#8221;<br \/>\nMersin kent merkezinin y\u0131llard\u0131r \u00e7\u00f6z\u00fclemeyen imar sorununu \u00e7\u00f6zd\u00fcklerini de s\u00f6zlerine ekleyen Ba\u015fkan Se\u00e7er, &#8220;20 y\u0131ld\u0131r \u00e7\u00f6zemedi\u011fimiz merkezin imar sorununu \u00e7\u00f6zd\u00fck. Mezitli&#8217;nin de Yeni\u015fehir&#8217;in de Toroslar&#8217;\u0131n da \u00e7\u00f6zd\u00fck.  Akdeniz \u00f6nemli bir yer, hepiniz istiyorsunuz. Sanayi tesisi kuraca\u011f\u0131m yer yok, lojistik tesis kuraca\u011f\u0131m yer yok, enerji depolama alanlar\u0131na ihtiyac\u0131m\u0131z var, yer yok. Bunlar\u0131n naz\u0131m planlar\u0131n\u0131, B\u00fcy\u00fck\u015fehir Meclisi&#8217;nde hepsini kabul ettik. \u015eu anda uygulama planlar\u0131 bir\u00e7o\u011fu yap\u0131ld\u0131. 1\/1000&#8217;likler ve yap\u0131m \u00e7al\u0131\u015fmalar\u0131 da s\u00fcratle devam ediyor&#8221; dedi.<br \/>\n&#8220;Siyaseten yarat\u0131lan kaos, gerginlik en b\u00fcy\u00fck zarar\u0131 kente veriyor&#8221;<br \/>\nKonu\u015fmas\u0131n\u0131n sonunda siyasilere seslenen Ba\u015fkan Se\u00e7er s\u00f6zlerini \u015f\u00f6yle s\u00fcrd\u00fcrd\u00fc: &#8220;Mesele siyaset yapmaksa, siyaset yapmas\u0131n\u0131 bilmekse, ben Ankara siyasetinden yerel siyasete geldim. Ancak \u015funu g\u00f6rd\u00fcm; siyaseten yap\u0131lan s\u00f6ylemler, siyaseten yarat\u0131lan kaos, gerginlik en b\u00fcy\u00fck zarar\u0131 kente veriyor. Siyaset\u00e7iye bir \u015fey olmaz. Bug\u00fcn ben var\u0131m, yar\u0131n ba\u015fka arkada\u015f\u0131m gelecek. Ya da bug\u00fcn bir milletvekili g\u00f6rev yapar, bir ba\u015fka d\u00f6nem bir ba\u015fka arkada\u015f\u0131m\u0131z gelecek. Ben bu de\u011ferlendirmeleri t\u00fcm samimiyetimle hep \u015fehrim i\u00e7in yap\u0131yorum. L\u00fctfen yerelin menfaatini ilgilendiren konularda siyasi s\u00f6ylemlerden, d\u00fc\u015f\u00fcncelerden kendimizi ari tutal\u0131m.&#8221;<br \/>\nM\u00dcS\u0130AD Mersin&#8217;in yeni ba\u015fkan ve y\u00f6netimine ba\u015far\u0131lar diledi<br \/>\nBa\u015fkan\u0131 Se\u00e7er, M\u00dcS\u0130AD Mersin \u015eube eski ba\u015fkan\u0131 Serdar Y\u0131ld\u0131zg\u00f6rer&#8217;e \u00e7al\u0131\u015fmalar\u0131ndan \u00f6t\u00fcr\u00fc te\u015fekk\u00fcr ederken, yeni Ba\u015fkan Mehmet Sait Kayan&#8217;a ise &#8220;Gen\u00e7 arkada\u015f\u0131m\u0131z, p\u0131r\u0131l p\u0131r\u0131l enerjik Mehmet Sait Kayan karde\u015fim bu g\u00f6revi devrald\u0131. Onun nezdinde de t\u00fcm y\u00f6netim kurulu \u00fcyelerine ba\u015far\u0131lar diliyorum. Her zaman ba\u015fkan\u0131n\u0131z buradad\u0131r, her zaman bir i\u015fbirli\u011fine a\u00e7\u0131kt\u0131r. Bu notu da size vermek istiyorum&#8221; s\u00f6zleri ile ba\u015far\u0131lar diledi.<br \/>\nProgramda konu\u015fan eski Hazine ve Maliye Bakan\u0131 L\u00fctfi Elvan, yeni y\u00f6netime ba\u015far\u0131lar dileyerek, i\u015f insanlar\u0131n\u0131n \u00fclke kalk\u0131nmas\u0131nda \u00f6nemli rol oynad\u0131klar\u0131na dikkat \u00e7ekti. Elvan, &#8220;Mersin ticaretiyle, stratejisiyle, lojisti\u011fiyle, \u00fclkemizin geli\u015fmesine ve kalk\u0131nmas\u0131na inan\u0131lmaz katk\u0131 sa\u011flam\u0131\u015f olan bir ilimizdir&#8221; dedi.<br \/>\nMersin Valisi Ali Hamza Pehlivan ise, kentteki yat\u0131r\u0131mlar\u0131 yak\u0131ndan takip etti\u011fini belirterek s\u00f6yleyen Pehlivan, &#8220;B\u00fct\u00fcn sekt\u00f6rlerimizle yak\u0131n temas i\u00e7inde bulunmaya gayret g\u00f6steriyoruz&#8221; ifadelerini kulland\u0131.<br \/>\nM\u00dcS\u0130AD Genel Ba\u015fkan\u0131 Mahmut Asmal\u0131 da, genel kurulun ve yeni y\u00f6netimin hay\u0131rl\u0131 olmas\u0131n\u0131 dileyerek, &#8220;M\u00dcS\u0130AD T\u00fcrkiye ekonomisine katma de\u011fer sa\u011flad\u0131\u011f\u0131n\u0131 ve yurtd\u0131\u015f\u0131nda farkl\u0131 i\u015fbirliklerinin geli\u015ftirilmesine de \u00f6ncelik ediyor ve bu ama\u00e7la da \u00e7al\u0131\u015fmaya devam edecektir&#8221; dedi.<br \/>\nMersin Ticaret ve Sanayi Odas\u0131 (MTSO) Meclis Ba\u015fkan\u0131 Hamit \u0130zol da, &#8220;Hepimiz Mersin i\u00e7in var\u0131z. Mersin varsa biz var\u0131z. Birlik ve beraberli\u011fimizi korudu\u011fumuz m\u00fcddet\u00e7e \u015fehrimiz ve \u00fclkemiz co\u015facakt\u0131r&#8221; dedi.<br \/>\nY\u00f6netime se\u00e7ilen M\u00dcS\u0130AD Mersin \u015eube Ba\u015fkan\u0131 Mehmet Sait Kayan ise &#8220;\u0130\u015f insanlar\u0131n\u0131n daha \u00e7ok \u00e7al\u0131\u015fmas\u0131, \u00fcretimde, istihdamda ve ihracatta daha y\u00fcksekleri hedeflemeliyiz. G\u00f6rev s\u00fcremiz boyunca \u00fcyelerimizin \u00fcretim g\u00fcc\u00fcne katk\u0131da bulunmaya \u00e7al\u0131\u015faca\u011f\u0131z&#8221; diyerek devrald\u0131klar\u0131 bayra\u011f\u0131 daha da ileriye ta\u015f\u0131yacaklar\u0131n\u0131 belirtti.<\/p>\n","protected":false},"excerpt":{"rendered":"<p>Mersin B\u00fcy\u00fck\u015fehir Belediye Ba\u015fkan\u0131 Vahap Se\u00e7er, M\u00fcstakil Sanayici ve \u0130\u015fadamlar\u0131 Derne\u011fi (M\u00dcS\u0130AD) Mersin \u015eubesi Ola\u011fan Genel Kurulu Galas\u0131&#8217;na kat\u0131ld\u0131. Programa, Ba\u015fkan Vahap Se\u00e7er&#8217;in yan\u0131 s\u0131ra Eski Hazine ve Maliye Bakan\u0131 &hellip; <a href=\"https:\/\/akdenizolaygazetesi.com\/?p=23712\" class=\"more-link\">Devam\u0131n\u0131 Oku&#8230;<\/a><\/p>\n","protected":false},"author":2,"featured_media":23713,"comment_status":"open","ping_status":"open","sticky":false,"template":"","format":"standard","meta":[],"categories":[2,3],"tags":[],"_links":{"self":[{"href":"https:\/\/akdenizolaygazetesi.com\/index.php?rest_route=\/wp\/v2\/posts\/23712"}],"collection":[{"href":"https:\/\/akdenizolaygazetesi.com\/index.php?rest_route=\/wp\/v2\/posts"}],"about":[{"href":"https:\/\/akdenizolaygazetesi.com\/index.php?rest_route=\/wp\/v2\/types\/post"}],"author":[{"embeddable":true,"href":"https:\/\/akdenizolaygazetesi.com\/index.php?rest_route=\/wp\/v2\/users\/2"}],"replies":[{"embeddable":true,"href":"https:\/\/akdenizolaygazetesi.com\/index.php?rest_route=%2Fwp%2Fv2%2Fcomments&post=23712"}],"version-history":[{"count":1,"href":"https:\/\/akdenizolaygazetesi.com\/index.php?rest_route=\/wp\/v2\/posts\/23712\/revisions"}],"predecessor-version":[{"id":23714,"href":"https:\/\/akdenizolaygazetesi.com\/index.php?rest_route=\/wp\/v2\/posts\/23712\/revisions\/23714"}],"wp:featuredmedia":[{"embeddable":true,"href":"https:\/\/akdenizolaygazetesi.com\/index.php?rest_route=\/wp\/v2\/media\/23713"}],"wp:attachment":[{"href":"https:\/\/akdenizolaygazetesi.com\/index.php?rest_route=%2Fwp%2Fv2%2Fmedia&parent=23712"}],"wp:term":[{"taxonomy":"category","embeddable":true,"href":"https:\/\/akdenizolaygazetesi.com\/index.php?rest_route=%2Fwp%2Fv2%2Fcategories&post=23712"},{"taxonomy":"post_tag","embeddable":true,"href":"https:\/\/akdenizolaygazetesi.com\/index.php?rest_route=%2Fwp%2Fv2%2Ftags&post=23712"}],"curies":[{"name":"wp","href":"https:\/\/api.w.org\/{rel}","templated":true}]}}