{"id":23718,"date":"2023-01-24T12:47:48","date_gmt":"2023-01-24T09:47:48","guid":{"rendered":"http:\/\/akdenizolaygazetesi.com\/?p=23718"},"modified":"2023-01-24T12:47:48","modified_gmt":"2023-01-24T09:47:48","slug":"karaduvar-sahili-ikinci-etap-yenileme-calismalari-suruyor","status":"publish","type":"post","link":"https:\/\/akdenizolaygazetesi.com\/?p=23718","title":{"rendered":"KARADUVAR SAH\u0130L\u0130 \u0130K\u0130NC\u0130 ETAP YEN\u0130LEME \u00c7ALI\u015eMALARI S\u00dcR\u00dcYOR"},"content":{"rendered":"<p>Akdeniz Belediyesi\u2019nin, geleneksel bal\u0131k festivali sayesinde ad\u0131n\u0131 art\u0131k t\u00fcm Mersin ve T\u00fcrkiye\u2019nin bildi\u011fi Karaduvar Mahallesi sahilinde ba\u015flatt\u0131\u011f\u0131 yenileme \u00e7al\u0131\u015fmas\u0131n\u0131n ikinci etab\u0131 s\u00fcr\u00fcyor. \u00c7al\u0131\u015fmalar bitti\u011finde Karaduvar sakinleri, denizin hemen kenar\u0131nda piknik yapabilecekleri, \u00e7ocuklar\u0131n\u0131n oyun oynayabilece\u011fi, i\u00e7inde y\u00fcr\u00fcy\u00fc\u015f ve bisiklet yolu olacak yeni bir ye\u015fil alan kazanacak.<br \/>\nFen \u0130\u015fleri ile Park ve Bah\u00e7eler M\u00fcd\u00fcrl\u00fc\u011f\u00fc ekipleri taraf\u0131ndan daha \u00f6nce yap\u0131lan \u00e7al\u0131\u015fmalarda, \u00f6zellikle Lodosla birlikte denizden gelen b\u00fcy\u00fck dalgalar\u0131n sahil band\u0131na yap\u0131lan park ile vatanda\u015flar\u0131n ev ve ara\u00e7lar\u0131na zarar vermemesi i\u00e7in sahil boyunca b\u00fcy\u00fck kayalar yerle\u015ftirilmi\u015fti.<br \/>\n\u00c7al\u0131\u015fmalar\u0131n\u0131 s\u00fcrd\u00fcren ekipler, yenileme \u00e7al\u0131\u015fmalar\u0131 kapsam\u0131nda Karaduvar sahil yan\u0131nda yap\u0131lacak park ve ye\u015fil alanda spor aletlerinin yerle\u015ftirilmesi i\u00e7in beton d\u00f6k\u00fcm \u00e7al\u0131\u015fmas\u0131 ger\u00e7ekle\u015ftirdi. \u00c7al\u0131\u015fmalar\u0131 sevin\u00e7 ve memnuniyetle takip eden Karaduvar Mahallesi sakinleri, y\u0131llard\u0131r g\u00f6rmedikleri hizmet ve ilgiden dolay\u0131 Ba\u015fkan G\u00fcltak ve \u00e7al\u0131\u015fmalar\u0131 y\u00fcr\u00fcten ekiplere te\u015fekk\u00fcr etti.<br \/>\n\u201cAileler deniz kenar\u0131nda piknik yapabilecek, bisiklet ve y\u00fcr\u00fcy\u00fc\u015f yolu olacak\u201d<br \/>\nAkdeniz Belediye Ba\u015fkan\u0131 M. Mustafa G\u00fcltak, ge\u00e7en haftalarda b\u00f6lgeyi ziyaretinde, mahalleye kazand\u0131r\u0131lan yeni futbol sahas\u0131 ile birlikte sahil boyunda devam eden 2\u2019nci etap tadilat \u00e7al\u0131\u015fmalar\u0131n\u0131 yerinde inceleyip birim m\u00fcd\u00fcrlerinden bilgi alm\u0131\u015ft\u0131. \u00c7al\u0131\u015fmalar hakk\u0131nda a\u00e7\u0131klama yapan Ba\u015fkan G\u00fcltak, \u201cBal\u0131k Festivali ile \u00fcnlenen Karaduvar sahiline 2\u2019nci etap park ve ye\u015fil alan \u00e7al\u0131\u015fmalar\u0131m\u0131z devam ediyor.<br \/>\nB\u00f6lgede, Milli Emlak\u2019tan kiralad\u0131\u011f\u0131m\u0131z 17 d\u00f6n\u00fcm arazi var. Bu alan daha \u00f6nceleri bak\u0131ms\u0131z, ailelerimizin gezemeyece\u011fi bir aland\u0131. Alana duvarlar \u00f6rerek sahilin denizle ve kayalarla olan ba\u011flant\u0131s\u0131n\u0131 g\u00fcvenli hale getirdik. Bu alan\u0131 i\u00e7erisinde oyun gruplar\u0131 ve ailelerin oturup \u00e7aylar\u0131n\u0131 i\u00e7erek sohbet edebilecekleri bir parka \u00e7evirece\u011fiz. Y\u00fcr\u00fcy\u00fc\u015f ve bisiklet yollar\u0131 olacak\u201d ifadelerini kullanm\u0131\u015ft\u0131.<\/p>\n","protected":false},"excerpt":{"rendered":"<p>Akdeniz Belediyesi\u2019nin, geleneksel bal\u0131k festivali sayesinde ad\u0131n\u0131 art\u0131k t\u00fcm Mersin ve T\u00fcrkiye\u2019nin bildi\u011fi Karaduvar Mahallesi sahilinde ba\u015flatt\u0131\u011f\u0131 yenileme \u00e7al\u0131\u015fmas\u0131n\u0131n ikinci etab\u0131 s\u00fcr\u00fcyor. \u00c7al\u0131\u015fmalar bitti\u011finde Karaduvar sakinleri, denizin hemen kenar\u0131nda piknik &hellip; <a href=\"https:\/\/akdenizolaygazetesi.com\/?p=23718\" class=\"more-link\">Devam\u0131n\u0131 Oku&#8230;<\/a><\/p>\n","protected":false},"author":2,"featured_media":23719,"comment_status":"open","ping_status":"open","sticky":false,"template":"","format":"standard","meta":[],"categories":[2,3,5],"tags":[],"_links":{"self":[{"href":"https:\/\/akdenizolaygazetesi.com\/index.php?rest_route=\/wp\/v2\/posts\/23718"}],"collection":[{"href":"https:\/\/akdenizolaygazetesi.com\/index.php?rest_route=\/wp\/v2\/posts"}],"about":[{"href":"https:\/\/akdenizolaygazetesi.com\/index.php?rest_route=\/wp\/v2\/types\/post"}],"author":[{"embeddable":true,"href":"https:\/\/akdenizolaygazetesi.com\/index.php?rest_route=\/wp\/v2\/users\/2"}],"replies":[{"embeddable":true,"href":"https:\/\/akdenizolaygazetesi.com\/index.php?rest_route=%2Fwp%2Fv2%2Fcomments&post=23718"}],"version-history":[{"count":1,"href":"https:\/\/akdenizolaygazetesi.com\/index.php?rest_route=\/wp\/v2\/posts\/23718\/revisions"}],"predecessor-version":[{"id":23720,"href":"https:\/\/akdenizolaygazetesi.com\/index.php?rest_route=\/wp\/v2\/posts\/23718\/revisions\/23720"}],"wp:featuredmedia":[{"embeddable":true,"href":"https:\/\/akdenizolaygazetesi.com\/index.php?rest_route=\/wp\/v2\/media\/23719"}],"wp:attachment":[{"href":"https:\/\/akdenizolaygazetesi.com\/index.php?rest_route=%2Fwp%2Fv2%2Fmedia&parent=23718"}],"wp:term":[{"taxonomy":"category","embeddable":true,"href":"https:\/\/akdenizolaygazetesi.com\/index.php?rest_route=%2Fwp%2Fv2%2Fcategories&post=23718"},{"taxonomy":"post_tag","embeddable":true,"href":"https:\/\/akdenizolaygazetesi.com\/index.php?rest_route=%2Fwp%2Fv2%2Ftags&post=23718"}],"curies":[{"name":"wp","href":"https:\/\/api.w.org\/{rel}","templated":true}]}}