{"id":23721,"date":"2023-01-24T16:09:49","date_gmt":"2023-01-24T13:09:49","guid":{"rendered":"http:\/\/akdenizolaygazetesi.com\/?p=23721"},"modified":"2023-01-24T16:09:49","modified_gmt":"2023-01-24T13:09:49","slug":"lutfi-elvandan-mtosbye-ziyaret","status":"publish","type":"post","link":"https:\/\/akdenizolaygazetesi.com\/?p=23721","title":{"rendered":"L\u00fctfi Elvan&#8217;dan MTOSB&#8217;ye ziyaret"},"content":{"rendered":"<p>Hazine ve Maliye eski Bakan\u0131 L\u00fctfi Elvan, beraberindeki heyet ile birlikte Mersin Tarsus Organize Sanayi B\u00f6lgesi&#8217;ni ziyaret etti.<\/p>\n<p>Hazine ve Maliye eski Bakan\u0131 L\u00fctfi Elvan, Akdeniz Belediye Ba\u015fkan\u0131 Mustafa G\u00fcltak, AK Parti \u0130l Ba\u015fkan\u0131 Cesim Ercik ve beraberindeki heyet ile birlikte Mersin Tarsus Organize Sanayi B\u00f6lgesi&#8217;ni ziyaret ederek MTOSB Ba\u015fkan\u0131 Sabri Tekli ve y\u00f6netim kurulu \u00fcyeleri ile bir araya geldi.<\/p>\n<p>Ziyaret s\u0131ras\u0131nda MTOSB b\u00fcnyesinde yap\u0131lan \u00e7al\u0131\u015fmalar hakk\u0131nda bilgi veren Ba\u015fkan Tekli, savunma sanayi ve dijital d\u00f6n\u00fc\u015f\u00fcm konusunda ciddi \u00e7al\u0131\u015fmalar y\u00fcr\u00fctt\u00fcklerini ifade ederek, &#8216;T\u00fcm d\u00fcnyada oldu\u011fu gibi biz de MTOSB olarak dijital d\u00f6n\u00fc\u015f\u00fcm konusunda \u00e7al\u0131\u015fmalar y\u00fcr\u00fct\u00fcyoruz. Bu anlamda Model Fabrika ve \u0130novasyon Merkezimizi faaliyete ge\u00e7irdik. Bu merkezimizde fabrikalar\u0131m\u0131zdaki \u00fcretime katk\u0131 sunmaya \u00e7al\u0131\u015f\u0131yoruz. Bununla birlikte savunma sanayi konusunda \u00fclkemizde y\u00fcr\u00fct\u00fclen \u00e7al\u0131\u015fmalara d\u00e2hil olabilmek ad\u0131na SAHA \u0130stanbul Mersin Ofisimizi hayata ge\u00e7irdik. Sanayicilerimiz aras\u0131nda SAHA \u0130stanbul ile i\u015f birli\u011fi i\u00e7erisinde olan ve savunma sanayine \u00fcretim yapan sanayicilerimiz var. Bunlar\u0131n say\u0131lar\u0131n\u0131 artt\u0131rmak istiyoruz. Bu konuda fuarlara kat\u0131l\u0131yor, sanayicilerimizin kendilerini anlatmas\u0131n\u0131 sa\u011fl\u0131yoruz&#8217; dedi.<\/p>\n<p>Ba\u015fkan Tekli, &#8216;MTOSB olarak yat\u0131r\u0131mc\u0131lara yeni sanayi alanlar\u0131 kazand\u0131rmak i\u00e7in de \u00e7al\u0131\u015fmalar\u0131m\u0131z devam ediyor. 4. B\u00f6lgemizdeki i\u015flemlerin sonuna vard\u0131k. 5. B\u00f6lgemiz i\u00e7in de \u00e7al\u0131\u015fmalar\u0131m\u0131z devam ediyor. Hemen akabinde ise 6. B\u00f6lgemizin \u00e7al\u0131\u015fmalar\u0131na ba\u015flayarak kentimize yeni istihdam alanlar\u0131 a\u00e7mak i\u00e7in m\u00fccadele ediyoruz&#8217; dedi.<\/p>\n<p>Toplant\u0131 sonras\u0131nda sanayiciler \u00e7e\u015fitli konulardaki taleplerini L\u00fctfi Elvan&#8217;a ileterek fikir al\u0131\u015fveri\u015finde bulundular. <\/p>\n","protected":false},"excerpt":{"rendered":"<p>Hazine ve Maliye eski Bakan\u0131 L\u00fctfi Elvan, beraberindeki heyet ile birlikte Mersin Tarsus Organize Sanayi B\u00f6lgesi&#8217;ni ziyaret etti. Hazine ve Maliye eski Bakan\u0131 L\u00fctfi Elvan, Akdeniz Belediye Ba\u015fkan\u0131 Mustafa G\u00fcltak, &hellip; <a href=\"https:\/\/akdenizolaygazetesi.com\/?p=23721\" class=\"more-link\">Devam\u0131n\u0131 Oku&#8230;<\/a><\/p>\n","protected":false},"author":2,"featured_media":23722,"comment_status":"open","ping_status":"open","sticky":false,"template":"","format":"standard","meta":[],"categories":[8,3],"tags":[],"_links":{"self":[{"href":"https:\/\/akdenizolaygazetesi.com\/index.php?rest_route=\/wp\/v2\/posts\/23721"}],"collection":[{"href":"https:\/\/akdenizolaygazetesi.com\/index.php?rest_route=\/wp\/v2\/posts"}],"about":[{"href":"https:\/\/akdenizolaygazetesi.com\/index.php?rest_route=\/wp\/v2\/types\/post"}],"author":[{"embeddable":true,"href":"https:\/\/akdenizolaygazetesi.com\/index.php?rest_route=\/wp\/v2\/users\/2"}],"replies":[{"embeddable":true,"href":"https:\/\/akdenizolaygazetesi.com\/index.php?rest_route=%2Fwp%2Fv2%2Fcomments&post=23721"}],"version-history":[{"count":1,"href":"https:\/\/akdenizolaygazetesi.com\/index.php?rest_route=\/wp\/v2\/posts\/23721\/revisions"}],"predecessor-version":[{"id":23723,"href":"https:\/\/akdenizolaygazetesi.com\/index.php?rest_route=\/wp\/v2\/posts\/23721\/revisions\/23723"}],"wp:featuredmedia":[{"embeddable":true,"href":"https:\/\/akdenizolaygazetesi.com\/index.php?rest_route=\/wp\/v2\/media\/23722"}],"wp:attachment":[{"href":"https:\/\/akdenizolaygazetesi.com\/index.php?rest_route=%2Fwp%2Fv2%2Fmedia&parent=23721"}],"wp:term":[{"taxonomy":"category","embeddable":true,"href":"https:\/\/akdenizolaygazetesi.com\/index.php?rest_route=%2Fwp%2Fv2%2Fcategories&post=23721"},{"taxonomy":"post_tag","embeddable":true,"href":"https:\/\/akdenizolaygazetesi.com\/index.php?rest_route=%2Fwp%2Fv2%2Ftags&post=23721"}],"curies":[{"name":"wp","href":"https:\/\/api.w.org\/{rel}","templated":true}]}}