{"id":23733,"date":"2023-01-25T14:13:38","date_gmt":"2023-01-25T11:13:38","guid":{"rendered":"http:\/\/akdenizolaygazetesi.com\/?p=23733"},"modified":"2023-01-25T14:13:38","modified_gmt":"2023-01-25T11:13:38","slug":"kurtarilan-kecilere-ilk-suyu-kahraman-itfaiyeciler-icirdi","status":"publish","type":"post","link":"https:\/\/akdenizolaygazetesi.com\/?p=23733","title":{"rendered":"KURTARILAN KE\u00c7\u0130LERE \u0130LK SUYU KAHRAMAN \u0130TFA\u0130YEC\u0130LER \u0130\u00c7\u0130RD\u0130"},"content":{"rendered":"<p>Mersin B\u00fcy\u00fck\u015fehir Belediyesi \u0130tfaiye Dairesi Ba\u015fkanl\u0131\u011f\u0131 ekipleri, ge\u00e7ti\u011fimiz hafta Akdeniz ve Tarsus il\u00e7elerinde g\u00fcnlerdir mahsur kalan canlar\u0131 kurtard\u0131. Akdeniz il\u00e7esi Parmakkurdu Mahallesi&#8217;nde Ahmet \u00d6rlek&#8217;in 2 ve Tarsus il\u00e7esinde Adem Takan&#8217;\u0131n 1 ke\u00e7isi k\u0131sa s\u00fcrede kurtar\u0131larak sahiplerine teslim edildi. Ba\u015far\u0131l\u0131 operasyonlar\u0131n ard\u0131ndan kurtar\u0131lan ke\u00e7ilere su i\u00e7iren kahraman itfaiyeciler, ke\u00e7ilerin g\u00fcnlerdir s\u00fcren susuzlu\u011funu giderdi.<br \/>\nMersin \u0130tfaiyesi, t\u00fcm canlar i\u00e7in 7\/24 g\u00f6rev ba\u015f\u0131nda<br \/>\nAkdeniz il\u00e7esi Parmakkurdu Mahallesi&#8217;nde ya\u015fayan ve ge\u00e7imini hayvanc\u0131l\u0131kla idame ettiren Ahmet \u00d6rlek, hayvanlar\u0131n\u0131 otlat\u0131rken 2 ke\u00e7isinin s\u00fcr\u00fcden ayr\u0131larak kayadan d\u00fc\u015ft\u00fc\u011f\u00fcn\u00fc ve d\u00fc\u015ft\u00fckleri yerde mahsur kald\u0131klar\u0131n\u0131 s\u00f6yledi. Kendi imkanlar\u0131yla ke\u00e7ilerini kurtaramad\u0131\u011f\u0131n\u0131 belirten T\u00f6rlek, &#8220;1 hafta oldu. A\u00e7l\u0131ktan \u00f6lme derecesindeydiler. Mersin \u0130tfaiye ekibimizi arad\u0131k. Ke\u00e7ilerimizi ba\u015far\u0131yla kurtard\u0131k. Te\u015fekk\u00fcr ederim&#8221; dedi.<br \/>\nTarsus&#8217;ta bir ba\u015fka kurtarma operasyonunda yer alan ekipler, bu kez Karadirlik Mahallesi&#8217;nde ya\u015fayan yeti\u015ftirici Adem Takan&#8217;\u0131n 1 haftad\u0131r kay\u0131p olan ke\u00e7isini mahsur kald\u0131\u011f\u0131 u\u00e7urumun yamac\u0131ndan ald\u0131. Ke\u00e7isini kurtarmak i\u00e7in \u00e7abalad\u0131\u011f\u0131n\u0131 ama sonu\u00e7 alamay\u0131nca Mersin \u0130tfaiyesi&#8217;ni arayarak yard\u0131m istedi\u011fini dile getiren Takan, k\u0131sa s\u00fcreli bir operasyonun ard\u0131ndan ke\u00e7isini kurtararak kendisine teslim eden ekiplere te\u015fekk\u00fcr etti.<\/p>\n","protected":false},"excerpt":{"rendered":"<p>Mersin B\u00fcy\u00fck\u015fehir Belediyesi \u0130tfaiye Dairesi Ba\u015fkanl\u0131\u011f\u0131 ekipleri, ge\u00e7ti\u011fimiz hafta Akdeniz ve Tarsus il\u00e7elerinde g\u00fcnlerdir mahsur kalan canlar\u0131 kurtard\u0131. Akdeniz il\u00e7esi Parmakkurdu Mahallesi&#8217;nde Ahmet \u00d6rlek&#8217;in 2 ve Tarsus il\u00e7esinde Adem Takan&#8217;\u0131n &hellip; <a href=\"https:\/\/akdenizolaygazetesi.com\/?p=23733\" class=\"more-link\">Devam\u0131n\u0131 Oku&#8230;<\/a><\/p>\n","protected":false},"author":2,"featured_media":23734,"comment_status":"open","ping_status":"open","sticky":false,"template":"","format":"standard","meta":[],"categories":[2,3],"tags":[],"_links":{"self":[{"href":"https:\/\/akdenizolaygazetesi.com\/index.php?rest_route=\/wp\/v2\/posts\/23733"}],"collection":[{"href":"https:\/\/akdenizolaygazetesi.com\/index.php?rest_route=\/wp\/v2\/posts"}],"about":[{"href":"https:\/\/akdenizolaygazetesi.com\/index.php?rest_route=\/wp\/v2\/types\/post"}],"author":[{"embeddable":true,"href":"https:\/\/akdenizolaygazetesi.com\/index.php?rest_route=\/wp\/v2\/users\/2"}],"replies":[{"embeddable":true,"href":"https:\/\/akdenizolaygazetesi.com\/index.php?rest_route=%2Fwp%2Fv2%2Fcomments&post=23733"}],"version-history":[{"count":1,"href":"https:\/\/akdenizolaygazetesi.com\/index.php?rest_route=\/wp\/v2\/posts\/23733\/revisions"}],"predecessor-version":[{"id":23735,"href":"https:\/\/akdenizolaygazetesi.com\/index.php?rest_route=\/wp\/v2\/posts\/23733\/revisions\/23735"}],"wp:featuredmedia":[{"embeddable":true,"href":"https:\/\/akdenizolaygazetesi.com\/index.php?rest_route=\/wp\/v2\/media\/23734"}],"wp:attachment":[{"href":"https:\/\/akdenizolaygazetesi.com\/index.php?rest_route=%2Fwp%2Fv2%2Fmedia&parent=23733"}],"wp:term":[{"taxonomy":"category","embeddable":true,"href":"https:\/\/akdenizolaygazetesi.com\/index.php?rest_route=%2Fwp%2Fv2%2Fcategories&post=23733"},{"taxonomy":"post_tag","embeddable":true,"href":"https:\/\/akdenizolaygazetesi.com\/index.php?rest_route=%2Fwp%2Fv2%2Ftags&post=23733"}],"curies":[{"name":"wp","href":"https:\/\/api.w.org\/{rel}","templated":true}]}}