{"id":23739,"date":"2023-01-25T14:16:51","date_gmt":"2023-01-25T11:16:51","guid":{"rendered":"http:\/\/akdenizolaygazetesi.com\/?p=23739"},"modified":"2023-01-25T14:16:51","modified_gmt":"2023-01-25T11:16:51","slug":"mersinde-2022-yili-degerlendirme-toplantisi-yapildi","status":"publish","type":"post","link":"https:\/\/akdenizolaygazetesi.com\/?p=23739","title":{"rendered":"Mersin\u2019de 2022 y\u0131l\u0131 de\u011ferlendirme toplant\u0131s\u0131 yap\u0131ld\u0131"},"content":{"rendered":"<p>Mersin Orman B\u00f6lge M\u00fcd\u00fcr\u00fc Mustafa Yal\u00e7\u0131n ba\u015fkanl\u0131\u011f\u0131nda, fidanl\u0131k m\u00fcd\u00fcrl\u00fc\u011f\u00fcm\u00fczde ger\u00e7ekle\u015fen toplant\u0131da 2022 ger\u00e7ekle\u015fmelerini ve 2023 y\u0131l\u0131 hedefleri de\u011ferlendirildi.<br \/>\nToplant\u0131ya Mersin Orman B\u00f6lge M\u00fcd\u00fcr Yard\u0131mc\u0131lar\u0131 Mehmet Fulin, Ya\u015far Yaman Sa\u011flam ve Ali Ki\u015fi, \u015fube m\u00fcd\u00fcrleri, b\u00f6lge m\u00fcd\u00fcrl\u00fc\u011f\u00fcm\u00fcz hukuk m\u00fc\u015faviri, et\u00fct proje ba\u015fm\u00fchendisi, orman i\u015fletme m\u00fcd\u00fcrleri ve fidanl\u0131k m\u00fcd\u00fcr\u00fc kat\u0131ld\u0131.<br \/>\nB\u00f6lge M\u00fcd\u00fcr\u00fc Yal\u00e7\u0131n a\u00e7\u0131l\u0131\u015f konu\u015fmas\u0131nda \u201c2023 y\u0131l\u0131n\u0131n ilk toplant\u0131s\u0131n\u0131n \u00fclkemiz, milletimiz ve kurumumuz i\u00e7in hay\u0131rlara vesile olmas\u0131n\u0131 dilerim. 2022 y\u0131l\u0131nda ger\u00e7ekle\u015fmelerin sa\u011flanmas\u0131nda eme\u011fi ge\u00e7en her kademede g\u00f6rev yapan personelimize te\u015fekk\u00fcr ederim. 2023 y\u0131l\u0131n\u0131n \u00e7ok daha ba\u015far\u0131l\u0131 ve verimli ge\u00e7ece\u011fine inand\u0131\u011f\u0131m\u0131 belirtmek isterim. Bu anlamda i\u015fletme m\u00fcd\u00fcrlerimizden iste\u011fim adaletli, ho\u015fg\u00f6r\u00fcl\u00fc, g\u00fcler y\u00fczl\u00fc olmalar\u0131, i\u015f disiplinine uygun hareket etmeleri, bizlere emanet edilen kamu kaynaklar\u0131n\u0131 tasarruf tedbirlerine uygun \u015fekilde y\u00f6netmeleridir.  Programlar\u0131m\u0131z\u0131 y\u0131l\u0131n son \u00e7eyre\u011fine b\u0131rakmadan, Tar\u0131m ve Orman Bakanl\u0131\u011f\u0131m\u0131z ve Orman Genel M\u00fcd\u00fcrl\u00fc\u011f\u00fcm\u00fcz politikalar\u0131na yak\u0131\u015f\u0131r \u015fekilde, kaliteden \u00f6d\u00fcn vermeme, kontrol\u00fc elden b\u0131rakmama konusunda hassas davranaca\u011f\u0131n\u0131z\u0131 biliyor, \u00e7al\u0131\u015fmalar\u0131n\u0131zda ba\u015far\u0131lar diliyorum\u201d dedi.<br \/>\n\u015eube m\u00fcd\u00fcrlerimizin, i\u015fletme m\u00fcd\u00fcrl\u00fcklerinin 2022 y\u0131l\u0131 performanslar\u0131n\u0131 ve 2023 y\u0131l\u0131 hedeflerini de\u011ferlendiren sunumlar\u0131n\u0131n ard\u0131ndan toplant\u0131 sona erdi.<\/p>\n","protected":false},"excerpt":{"rendered":"<p>Mersin Orman B\u00f6lge M\u00fcd\u00fcr\u00fc Mustafa Yal\u00e7\u0131n ba\u015fkanl\u0131\u011f\u0131nda, fidanl\u0131k m\u00fcd\u00fcrl\u00fc\u011f\u00fcm\u00fczde ger\u00e7ekle\u015fen toplant\u0131da 2022 ger\u00e7ekle\u015fmelerini ve 2023 y\u0131l\u0131 hedefleri de\u011ferlendirildi. Toplant\u0131ya Mersin Orman B\u00f6lge M\u00fcd\u00fcr Yard\u0131mc\u0131lar\u0131 Mehmet Fulin, Ya\u015far Yaman Sa\u011flam ve &hellip; <a href=\"https:\/\/akdenizolaygazetesi.com\/?p=23739\" class=\"more-link\">Devam\u0131n\u0131 Oku&#8230;<\/a><\/p>\n","protected":false},"author":2,"featured_media":23740,"comment_status":"open","ping_status":"open","sticky":false,"template":"","format":"standard","meta":[],"categories":[3],"tags":[],"_links":{"self":[{"href":"https:\/\/akdenizolaygazetesi.com\/index.php?rest_route=\/wp\/v2\/posts\/23739"}],"collection":[{"href":"https:\/\/akdenizolaygazetesi.com\/index.php?rest_route=\/wp\/v2\/posts"}],"about":[{"href":"https:\/\/akdenizolaygazetesi.com\/index.php?rest_route=\/wp\/v2\/types\/post"}],"author":[{"embeddable":true,"href":"https:\/\/akdenizolaygazetesi.com\/index.php?rest_route=\/wp\/v2\/users\/2"}],"replies":[{"embeddable":true,"href":"https:\/\/akdenizolaygazetesi.com\/index.php?rest_route=%2Fwp%2Fv2%2Fcomments&post=23739"}],"version-history":[{"count":1,"href":"https:\/\/akdenizolaygazetesi.com\/index.php?rest_route=\/wp\/v2\/posts\/23739\/revisions"}],"predecessor-version":[{"id":23741,"href":"https:\/\/akdenizolaygazetesi.com\/index.php?rest_route=\/wp\/v2\/posts\/23739\/revisions\/23741"}],"wp:featuredmedia":[{"embeddable":true,"href":"https:\/\/akdenizolaygazetesi.com\/index.php?rest_route=\/wp\/v2\/media\/23740"}],"wp:attachment":[{"href":"https:\/\/akdenizolaygazetesi.com\/index.php?rest_route=%2Fwp%2Fv2%2Fmedia&parent=23739"}],"wp:term":[{"taxonomy":"category","embeddable":true,"href":"https:\/\/akdenizolaygazetesi.com\/index.php?rest_route=%2Fwp%2Fv2%2Fcategories&post=23739"},{"taxonomy":"post_tag","embeddable":true,"href":"https:\/\/akdenizolaygazetesi.com\/index.php?rest_route=%2Fwp%2Fv2%2Ftags&post=23739"}],"curies":[{"name":"wp","href":"https:\/\/api.w.org\/{rel}","templated":true}]}}