{"id":23767,"date":"2023-01-27T13:33:53","date_gmt":"2023-01-27T10:33:53","guid":{"rendered":"http:\/\/akdenizolaygazetesi.com\/?p=23767"},"modified":"2023-01-27T13:33:53","modified_gmt":"2023-01-27T10:33:53","slug":"sarkilar-bizi-soyler-biz-de-sarki-soyleriz-konser-serimizi-tamamladik","status":"publish","type":"post","link":"https:\/\/akdenizolaygazetesi.com\/?p=23767","title":{"rendered":"\u201c\u015eARKILAR B\u0130Z\u0130 S\u00d6YLER B\u0130Z DE \u015eARKI S\u00d6YLER\u0130Z\u201d KONSER SER\u0130M\u0130Z\u0130 TAMAMLADIK&#8221;"},"content":{"rendered":"<p>\u0130l Milli E\u011fitim M\u00fcd\u00fcr\u00fcm\u00fcz Say\u0131n Adem KOCA, Tarsus Halk E\u011fitim Merkezi taraf\u0131ndan &#8220;\u015eark\u0131lar Bizi S\u00f6yler Biz de \u015eark\u0131 S\u00f6yleriz&#8221; projesi kapsam\u0131nda d\u00fczenlenen klasik T\u00fcrk m\u00fczi\u011fi konserine kat\u0131ld\u0131.<br \/>\n\u0130l Milli E\u011fitim M\u00fcd\u00fcr\u00fcm\u00fcz Say\u0131n Adem KOCA, &#8220;Milli E\u011fitim Bakanl\u0131\u011f\u0131m\u0131z taraf\u0131ndan t\u00fcm illerimizde ba\u015flat\u0131lan &#8216;\u015eark\u0131lar Bizi S\u00f6yler Biz de \u015eark\u0131 S\u00f6yleriz&#8217; projesi, Mersinimizde t\u00fcm il\u00e7elerimizde halk e\u011fitimi merkezlerimiz taraf\u0131ndan d\u00fczenlenen konserlerle hayat buldu. Kursiyerlerimiz, meslekta\u015flar\u0131m\u0131z b\u00fcy\u00fck emeklerle ve bir o kadar keyifle \u00e7al\u0131\u015farak klasik T\u00fck m\u00fczi\u011fimizin nadide eserlerini bizlerle bulu\u015fturdular. Konserlerimizi mutlulukla, kimi zaman hayranl\u0131kla dinledik, renkli anlara \u015fahit olduk. Bu anlamda Bakanl\u0131\u011f\u0131m\u0131za \u015f\u00fckranlar\u0131m\u0131 sunuyor, daha nice keyifli projede bir araya gelmeyi temenni ediyor, konserlerimizde eme\u011fi ge\u00e7en t\u00fcm meslekta\u015flar\u0131ma, kursiyerlerimize en kalbi duygular\u0131mla te\u015fekk\u00fcr ediyorum.&#8221; dedi.<br \/>\nMilli E\u011fitim Bakanl\u0131\u011f\u0131m\u0131z taraf\u0131ndan ba\u015flat\u0131lan &#8220;\u015eark\u0131lar Bizi S\u00f6yler Bizde \u015eark\u0131 S\u00f6yleriz&#8221; projesi kapsam\u0131nda 13 il\u00e7emizde, t\u00fcm halk e\u011fitimi merkezlerimiz taraf\u0131ndan d\u00fczenlenen konser serimiz, bug\u00fcn Tarsus il\u00e7emizde ger\u00e7ekle\u015fen konserimizle tamamlanm\u0131\u015ft\u0131r.<\/p>\n","protected":false},"excerpt":{"rendered":"<p>\u0130l Milli E\u011fitim M\u00fcd\u00fcr\u00fcm\u00fcz Say\u0131n Adem KOCA, Tarsus Halk E\u011fitim Merkezi taraf\u0131ndan &#8220;\u015eark\u0131lar Bizi S\u00f6yler Biz de \u015eark\u0131 S\u00f6yleriz&#8221; projesi kapsam\u0131nda d\u00fczenlenen klasik T\u00fcrk m\u00fczi\u011fi konserine kat\u0131ld\u0131. \u0130l Milli E\u011fitim &hellip; <a href=\"https:\/\/akdenizolaygazetesi.com\/?p=23767\" class=\"more-link\">Devam\u0131n\u0131 Oku&#8230;<\/a><\/p>\n","protected":false},"author":2,"featured_media":23768,"comment_status":"open","ping_status":"open","sticky":false,"template":"","format":"standard","meta":[],"categories":[2,3,5],"tags":[],"_links":{"self":[{"href":"https:\/\/akdenizolaygazetesi.com\/index.php?rest_route=\/wp\/v2\/posts\/23767"}],"collection":[{"href":"https:\/\/akdenizolaygazetesi.com\/index.php?rest_route=\/wp\/v2\/posts"}],"about":[{"href":"https:\/\/akdenizolaygazetesi.com\/index.php?rest_route=\/wp\/v2\/types\/post"}],"author":[{"embeddable":true,"href":"https:\/\/akdenizolaygazetesi.com\/index.php?rest_route=\/wp\/v2\/users\/2"}],"replies":[{"embeddable":true,"href":"https:\/\/akdenizolaygazetesi.com\/index.php?rest_route=%2Fwp%2Fv2%2Fcomments&post=23767"}],"version-history":[{"count":1,"href":"https:\/\/akdenizolaygazetesi.com\/index.php?rest_route=\/wp\/v2\/posts\/23767\/revisions"}],"predecessor-version":[{"id":23769,"href":"https:\/\/akdenizolaygazetesi.com\/index.php?rest_route=\/wp\/v2\/posts\/23767\/revisions\/23769"}],"wp:featuredmedia":[{"embeddable":true,"href":"https:\/\/akdenizolaygazetesi.com\/index.php?rest_route=\/wp\/v2\/media\/23768"}],"wp:attachment":[{"href":"https:\/\/akdenizolaygazetesi.com\/index.php?rest_route=%2Fwp%2Fv2%2Fmedia&parent=23767"}],"wp:term":[{"taxonomy":"category","embeddable":true,"href":"https:\/\/akdenizolaygazetesi.com\/index.php?rest_route=%2Fwp%2Fv2%2Fcategories&post=23767"},{"taxonomy":"post_tag","embeddable":true,"href":"https:\/\/akdenizolaygazetesi.com\/index.php?rest_route=%2Fwp%2Fv2%2Ftags&post=23767"}],"curies":[{"name":"wp","href":"https:\/\/api.w.org\/{rel}","templated":true}]}}