{"id":23776,"date":"2023-01-27T13:39:51","date_gmt":"2023-01-27T10:39:51","guid":{"rendered":"http:\/\/akdenizolaygazetesi.com\/?p=23776"},"modified":"2023-01-27T13:39:51","modified_gmt":"2023-01-27T10:39:51","slug":"vali-ali-hamza-pehlivan-tekstil-konfeksiyon-uretimi-ve-gelecegi-istisare-toplantisina-katildi","status":"publish","type":"post","link":"https:\/\/akdenizolaygazetesi.com\/?p=23776","title":{"rendered":"VAL\u0130 AL\u0130 HAMZA PEHL\u0130VAN, TEKST\u0130L KONFEKS\u0130YON \u00dcRET\u0130M\u0130 VE GELECE\u011e\u0130 \u0130ST\u0130\u015eARE TOPLANTISINA KATILDI"},"content":{"rendered":"<p>Valimiz Ali Hamza Pehlivan, Mersin Tekstil ve Konfeksiyon Sanayicileri Derne\u011finin d\u00fczenlemi\u015f oldu\u011fu isti\u015fare toplant\u0131s\u0131na kat\u0131ld\u0131.<\/p>\n<p>Mersin Nobel Otelinin konferans salonunda d\u00fczenlenen isti\u015fare toplant\u0131s\u0131nda bir konu\u015fma yapan Vali Pehlivan; \u2018Tekstil sadece \u00fclkemiz i\u00e7in de\u011fil, d\u00fcnyan\u0131n geneli i\u00e7in de \u00f6nemli bir sekt\u00f6rd\u00fcr. Kay\u0131tlara bakt\u0131\u011f\u0131m\u0131zda, d\u00fcnyada bug\u00fcn tekstil ve konfeksiyon sekt\u00f6r\u00fcn\u00fcn \u00fcretmi\u015f oldu\u011fu katma de\u011ferin 1,5 trilyon dolara ula\u015ft\u0131\u011f\u0131n\u0131 g\u00f6r\u00fcyoruz. Her y\u0131l % 6 nispetinde b\u00fcy\u00fcd\u00fc\u011f\u00fc dikkate al\u0131nd\u0131\u011f\u0131nda; bu h\u0131zla devam ederse 2030 y\u0131l\u0131nda 2 katrilyon dolara ula\u015faca\u011f\u0131 tahmin ediliyor. D\u00fcnyadaki en b\u00fcy\u00fck 250 perakende \u015firketi i\u00e7erisinde tekstil firmalar\u0131n\u0131n say\u0131s\u0131 35 civar\u0131ndad\u0131r. Tekstil sekt\u00f6r\u00fc milyonlarca insan\u0131n \u00e7al\u0131\u015ft\u0131\u011f\u0131 bir sekt\u00f6r. D\u00fcnya \u00f6l\u00e7e\u011findeki has\u0131lan\u0131n 3\u2019te 1\u2019i \u00c7in taraf\u0131ndan \u00fcretiliyor. Bununla birlikte \u00f6zellikle koronavir\u00fcs pandemisinin ya\u015fanmas\u0131 nedeniyle, tedarik ve hammadde konusunda ya\u015fanan s\u0131k\u0131nt\u0131lar nedeniyle alternatif \u00fcretim sahalar\u0131 veya \u00fclkelerine do\u011fru bir kay\u0131\u015f s\u00f6z konusu oldu. Genel olarak da talepte de bir daralma ya\u015fand\u0131. <\/p>\n<p>Ticaret Bakanl\u0131\u011f\u0131m\u0131z\u0131n kay\u0131tlar\u0131na g\u00f6re, \u00fclkemizdeki tekstil ve konfeksiyon sekt\u00f6r\u00fcn\u00fcn has\u0131las\u0131 30-35 milyar dolar civar\u0131ndad\u0131r. Bu rakam\u0131n da 2030 y\u0131l\u0131nda 50 milyar dolar\u0131 bulaca\u011f\u0131 tahmin ediliyor. \u00dclke genelinde 40 bin tekstil i\u015fletmesi var. 700 binin \u00fczerinde de tekstil sekt\u00f6r\u00fcnde \u00e7al\u0131\u015fan var. \u0130limizle \u015fu anda kay\u0131tl\u0131 200 civar\u0131nda konfeksiyon \u00fcreten firmam\u0131z var. Bunlar\u0131n bir k\u0131sm\u0131 serbest b\u00f6lgede, bir k\u0131sm\u0131 serbest b\u00f6lgenin d\u0131\u015f\u0131nda bulunuyor. 15 bin vatanda\u015f\u0131m\u0131z da buralarda istihdam ediliyor.<\/p>\n<p>Di\u011fer sekt\u00f6rlerin oldu\u011fu gibi elbette tekstil sekt\u00f6r\u00fcn\u00fcn de sadece Mersin&#8217;de de\u011fil \u00fclkemizin di\u011fer vilayetlerinde de problemleri s\u0131k\u0131nt\u0131s\u0131 var. En temel s\u0131k\u0131nt\u0131n\u0131n da \u0130limizde oldu\u011fu \u00fczere k\u00fcmele\u015fmesin sa\u011flanmas\u0131nda ya\u015fand\u0131\u011f\u0131n\u0131 g\u00f6r\u00fcyoruz. Her ne kadar serbest b\u00f6lgede belli bir k\u00fcmele\u015fmeyi sa\u011flam\u0131\u015f isek de oradaki firma say\u0131m\u0131z 60 civar\u0131ndad\u0131r. Serbest B\u00f6lgede toplam 390\u2019\u0131n \u00fczerinde firmam\u0131z var. \u0130stihdam say\u0131m\u0131z da 12 bin civar\u0131nda bulunuyor. Bu i\u015fletmelerin 60\u2019a yak\u0131n\u0131 tekstil firmalar\u0131m\u0131zdan olu\u015fuyor. Orada k\u0131smi bir k\u00fcmele\u015fme mevcut. Fakat \u0130l genelinde s\u00fcrekli ve kay\u0131tl\u0131 olmayan veya d\u00f6nemsel olarak a\u00e7\u0131lan, kapanan yerler var.  Bunlar\u0131 elbetteki ilgili kamu birimlerimiz takip ediyor. Sizler de hem dernek olarak hem grup olarak da bunlarla ilgili takip s\u00fcre\u00e7lerinin i\u00e7indesiniz. Bu k\u00fcmele\u015fmenin sa\u011flanmas\u0131 i\u00e7in \u00f6nce imar planlar\u0131nda alan olu\u015fturulmas\u0131 gerekiyor. <\/p>\n<p>Organize Sanayi B\u00f6lgelerinde, heyecanland\u0131ran ad\u0131mlar ve yat\u0131r\u0131mlar, \u0130limizde hayata ge\u00e7iyor. Elbette g\u00fcnl\u00fck ya\u015fam i\u00e7erisinde \u00e7e\u015fitli s\u0131k\u0131nt\u0131lar olacakt\u0131r. Ama \u00e7ok g\u00fczel geli\u015fmeler ya\u015fan\u0131yor. Art\u0131lar\u0131m\u0131z eksilerimizden \u00e7ok daha fazla. \u0130limizde Organize Sanayi B\u00f6lgesi 2-3 adetken \u015fimdi yeni etaplarla beraber say\u0131 1O\u2019a \u00e7\u0131kt\u0131. Say\u0131n Cumhurba\u015fkan\u0131m\u0131z ba\u015fta olmak \u00fczere Sanayi ve Teknoloji  Ticaret Bakan\u0131m\u0131z, L\u00fctfi Elvan Bakan\u0131m\u0131z ve bakanl\u0131klar\u0131n ilgili birimleri sa\u011folsunlar, bu konularda gerekli destekleri sa\u011flad\u0131lar. <\/p>\n<p>Bundan sonraki s\u00fcre\u00e7te de bu ak\u015fam oldu\u011fu gibi payla\u015f\u0131m,isti\u015fare zeminlerini devam ettirelim ve bulundu\u011fumuz \u00fcretim sahalar\u0131nda en profesyonelini yapma gayretimizi s\u00fcrd\u00fcrelim. \u0130nan\u0131yorum ki \u00f6nemli,somut mesafeler alaca\u011f\u0131z. Yeter ki g\u00fc\u00e7 ve fikir birli\u011fi i\u00e7erisinde olal\u0131m. <\/p>\n<p>Bu geceyi tertip eden ba\u015fkanlar\u0131m\u0131za tekrar te\u015fekk\u00fcr ediyorum. Son s\u00f6z olarak da \u015funu ifade etmek istiyorum; devletimiz ad\u0131na kap\u0131m\u0131z sizlere her zaman a\u00e7\u0131kt\u0131r. \u0130\u015flerinizinde ba\u015far\u0131lar, hay\u0131rl\u0131, bereketli kazan\u00e7lar diliyorum.\u2019 ifadelerini kulland\u0131.<\/p>\n<p>Programda Mersin Sanayi ve Ticaret Odas\u0131 Meclis \u00dcyesi Celal Kurt, Mersin Tekstil ve Konfeksiyon Sanayicileri Derne\u011fi Y\u00f6netim Kurulu Ba\u015fkan\u0131 Ekrem Sa\u011flam, Mersin Sanayi ve Ticaret Odas\u0131 Y\u00f6netim Kurulu Ba\u015fkan\u0131 Ayhan K\u0131z\u0131ltan, Akdeniz Belediye Ba\u015fkan\u0131 M. Muhammet G\u00fcltak da birer konu\u015fma ger\u00e7ekle\u015ftirdi.<\/p>\n<p>Toplant\u0131ya Akdeniz Kaymakam\u0131 Zeyit \u015eener, Akdeniz Belediye Ba\u015fkan\u0131 M. Muhammet G\u00fcltak, Mersin Sanayi ve Ticaret Odas\u0131 Y\u00f6netim Kurulu Ba\u015fkan\u0131 Ayhan K\u0131z\u0131ltan,  \u0130l M\u00fcd\u00fcrleri, STK temsilcileri ve tekstil sekt\u00f6r\u00fcnde faaliyet g\u00f6steren i\u015f insanlar\u0131 i\u015ftirak etti.<\/p>\n","protected":false},"excerpt":{"rendered":"<p>Valimiz Ali Hamza Pehlivan, Mersin Tekstil ve Konfeksiyon Sanayicileri Derne\u011finin d\u00fczenlemi\u015f oldu\u011fu isti\u015fare toplant\u0131s\u0131na kat\u0131ld\u0131. Mersin Nobel Otelinin konferans salonunda d\u00fczenlenen isti\u015fare toplant\u0131s\u0131nda bir konu\u015fma yapan Vali Pehlivan; \u2018Tekstil sadece &hellip; <a href=\"https:\/\/akdenizolaygazetesi.com\/?p=23776\" class=\"more-link\">Devam\u0131n\u0131 Oku&#8230;<\/a><\/p>\n","protected":false},"author":2,"featured_media":23777,"comment_status":"open","ping_status":"open","sticky":false,"template":"","format":"standard","meta":[],"categories":[2,3],"tags":[],"_links":{"self":[{"href":"https:\/\/akdenizolaygazetesi.com\/index.php?rest_route=\/wp\/v2\/posts\/23776"}],"collection":[{"href":"https:\/\/akdenizolaygazetesi.com\/index.php?rest_route=\/wp\/v2\/posts"}],"about":[{"href":"https:\/\/akdenizolaygazetesi.com\/index.php?rest_route=\/wp\/v2\/types\/post"}],"author":[{"embeddable":true,"href":"https:\/\/akdenizolaygazetesi.com\/index.php?rest_route=\/wp\/v2\/users\/2"}],"replies":[{"embeddable":true,"href":"https:\/\/akdenizolaygazetesi.com\/index.php?rest_route=%2Fwp%2Fv2%2Fcomments&post=23776"}],"version-history":[{"count":1,"href":"https:\/\/akdenizolaygazetesi.com\/index.php?rest_route=\/wp\/v2\/posts\/23776\/revisions"}],"predecessor-version":[{"id":23778,"href":"https:\/\/akdenizolaygazetesi.com\/index.php?rest_route=\/wp\/v2\/posts\/23776\/revisions\/23778"}],"wp:featuredmedia":[{"embeddable":true,"href":"https:\/\/akdenizolaygazetesi.com\/index.php?rest_route=\/wp\/v2\/media\/23777"}],"wp:attachment":[{"href":"https:\/\/akdenizolaygazetesi.com\/index.php?rest_route=%2Fwp%2Fv2%2Fmedia&parent=23776"}],"wp:term":[{"taxonomy":"category","embeddable":true,"href":"https:\/\/akdenizolaygazetesi.com\/index.php?rest_route=%2Fwp%2Fv2%2Fcategories&post=23776"},{"taxonomy":"post_tag","embeddable":true,"href":"https:\/\/akdenizolaygazetesi.com\/index.php?rest_route=%2Fwp%2Fv2%2Ftags&post=23776"}],"curies":[{"name":"wp","href":"https:\/\/api.w.org\/{rel}","templated":true}]}}