{"id":23779,"date":"2023-01-27T13:41:31","date_gmt":"2023-01-27T10:41:31","guid":{"rendered":"http:\/\/akdenizolaygazetesi.com\/?p=23779"},"modified":"2023-01-27T13:41:31","modified_gmt":"2023-01-27T10:41:31","slug":"toroslarda-turk-silahli-kuvvetlerini-guclendirme-vakfina-destek-veren-vatandaslar-madalyayla-onurlandirildi","status":"publish","type":"post","link":"https:\/\/akdenizolaygazetesi.com\/?p=23779","title":{"rendered":"TOROSLAR&#8217;DA, T\u00dcRK S\u0130LAHLI KUVVETLER\u0130N\u0130 G\u00dc\u00c7LEND\u0130RME VAKFI&#8217;NA DESTEK VEREN VATANDA\u015eLAR MADALYAYLA ONURLANDIRILDI"},"content":{"rendered":"<p>T\u00fcrk milletinin deste\u011fiyle her ge\u00e7en g\u00fcn daha da b\u00fcy\u00fcyen T\u00fcrk Silahl\u0131 Kuvvetlerini G\u00fc\u00e7lendirme Vakf\u0131&#8217;n\u0131n (TSKGV) Tan\u0131t\u0131m Brifingi ve Madalya Takdim T\u00f6reni, Toroslar Belediyesinin ev sahipli\u011finde yap\u0131ld\u0131.<\/p>\n<p>Vakfa ba\u011f\u0131\u015fta bulananlara madalyalar\u0131n\u0131n takdim edildi\u011fi programda, ba\u011f\u0131\u015fta bulunan Toroslar Belediye Ba\u015fkan\u0131 Ats\u0131z Af\u015f\u0131n Y\u0131lmaz da madalyas\u0131n\u0131 T\u00fcrk Silahl\u0131 Kuvvetlerini G\u00fc\u00e7lendirme Vakf\u0131 Genel M\u00fcd\u00fcr\u00fc Emekli T\u00fcmgeneral Sad\u0131k Piyade&#8217;nin elinden ald\u0131.<\/p>\n<p>Ba\u015fkan Y\u0131lmaz; &#8220;K\u0131ymetli pa\u015fama huzurlar\u0131n\u0131zda te\u015fekk\u00fcr ediyorum. P\u0131r\u0131l p\u0131r\u0131l, bize gurur ve mutluluk veren, T\u00fcrk milletinin, T\u00fcrk ordusunun pa\u015fas\u0131&#8221; dedi.<\/p>\n<p>BA\u015eKAN YILMAZ; &#8220;G\u00dcZELL\u0130KLER, PAYLA\u015eTIK\u00c7A \u00c7O\u011eALIR&#8221;<\/p>\n<p>T\u00fcrk Silahl\u0131 Kuvvetleri ile T\u00fcrk Milleti aras\u0131ndaki g\u00f6n\u00fcl ba\u011f\u0131n\u0131n en g\u00fczel \u00f6rne\u011finin ya\u015fand\u0131\u011f\u0131 program, duygu dolu anlara sahne oldu.<\/p>\n<p>Ba\u015fkan Y\u0131lmaz, T\u00fcrk Silahl\u0131 Kuvvetleri G\u00fc\u00e7lendirme Vakf\u0131&#8217;na evini ba\u011f\u0131\u015flayan vatanda\u015fa da te\u015fekk\u00fcr ederek; &#8220;G\u00fczellikleri payla\u015fmak laz\u0131m ki arts\u0131n. Ba\u011f\u0131\u015f\u0131n\u0131z, topluma \u00f6rnek olan bir davran\u0131\u015ft\u0131r. Te\u015fekk\u00fcr ediyoruz, \u015f\u00fckranlar\u0131m\u0131z\u0131 sunuyoruz&#8221; dedi.<\/p>\n<p>Yunus Emre K\u00fclt\u00fcr Merkezi&#8217;nde ger\u00e7ekle\u015fen programa; T\u00fcrk Silahl\u0131 Kuvvetlerini G\u00fc\u00e7lendirme Vakf\u0131 Genel M\u00fcd\u00fcr\u00fc T\u00fcmgeneral Sad\u0131k Piyade, Toroslar Belediye Ba\u015fkan\u0131 Ats\u0131z Af\u015f\u0131n Y\u0131lmaz,  TSKGV Mersin B\u00f6lge Temsilcisi Emekli Albay Faik Ahmet Karadeniz, MHP MYK \u00dcyesi Serdar Soydan, Mersin \u00dclk\u00fc Ocaklar\u0131 Ba\u015fkan\u0131 Yavuz Akg\u00fcl, Toroslar \u00dclk\u00fc Ocaklar\u0131 Ba\u015fkan\u0131 Yunus Emre Tugay, AK Parti Toroslar Gen\u00e7lik Kollar\u0131 Ba\u015fkan\u0131 Necdet Yeni, Sivil Toplum Kurulu\u015flar\u0131n\u0131n Ba\u015fkan ve Y\u00f6neticileri, mahalle muhtarlar\u0131, \u015fehit yak\u0131nlar\u0131, gaziler, vakfa ba\u011f\u0131\u015fta bulunan ba\u011f\u0131\u015f\u00e7\u0131lar ile \u00e7ok say\u0131da vatanda\u015f kat\u0131ld\u0131.<\/p>\n<p>TSKGV GENEL M\u00dcD\u00dcR\u00dc EMEKL\u0130 T\u00dcMGENERAL SADIK P\u0130YADE; &#8220;BA\u015eKANIMIZ ATSIZ AF\u015eIN YILMAZ&#8217;A TE\u015eEKK\u00dcR EDER\u0130Z&#8221;<\/p>\n<p>Gen\u00e7lerin de yo\u011fun ilgi g\u00f6sterdi\u011fi programda, T\u00fcrk Silahl\u0131 Kuvvetlerini G\u00fc\u00e7lendirme Vakf\u0131 Genel M\u00fcd\u00fcr\u00fc emekli T\u00fcmgeneral Sad\u0131k Piyade, vakf\u0131n 36 y\u0131ll\u0131k faaliyetleriyle ilgili bir g\u00f6rsel sunum yapt\u0131.<\/p>\n<p>T\u00fcrk Silahl\u0131 Kuvvetlerini G\u00fc\u00e7lendirme Vakf\u0131&#8217;n\u0131n, savunma sanayimizi ve ordumuzu g\u00fc\u00e7lendirmek i\u00e7in 1987 y\u0131l\u0131nda kuruldu\u011funa dikkat \u00e7eken emekli T\u00fcmgeneral Sad\u0131k Piyade, T\u00fcrk milleti ile T\u00fcrk Silahl\u0131 Kuvvetleri aras\u0131nda bir g\u00f6n\u00fcl k\u00f6pr\u00fcs\u00fc olu\u015fturduklar\u0131n\u0131 s\u00f6yledi.<\/p>\n<p>Bu g\u00f6n\u00fcl ba\u011f\u0131n\u0131 s\u00fcrd\u00fcreceklerini ve daha da g\u00fc\u00e7lendirmeyi ama\u00e7lad\u0131klar\u0131n\u0131 belirten TSKGV Genel M\u00fcd\u00fcr\u00fc T\u00fcmgeneral Sad\u0131k Piyade, vakf\u0131n amac\u0131, vizyonu ve misyonu hakk\u0131nda da bilgiler verdi.<\/p>\n<p>Ba\u015fkan Y\u0131lmaz&#8217;a, Madalya ve \u0130nsans\u0131z Hava Arac\u0131 ANKA&#8217;n\u0131n Maketi Takdim Edildi<\/p>\n<p>Programa ev sahipli\u011fi yapan Toroslar Belediye Ba\u015fkan\u0131 Ats\u0131z Af\u015f\u0131n Y\u0131lmaz&#8217;a desteklerinden dolay\u0131 te\u015fekk\u00fcr eden TSKGV Genel M\u00fcd\u00fcr\u00fc T\u00fcmgeneral Sad\u0131k Piyade; &#8220;Buraya gelmemizin en b\u00fcy\u00fck vesilesi Say\u0131n Ba\u015fkan\u0131m\u0131z Ats\u0131z Af\u015f\u0131n Y\u0131lmaz&#8217;d\u0131r. Kendisi de bizim ba\u011f\u0131\u015f\u00e7\u0131m\u0131zd\u0131r. Huzurlar\u0131n\u0131zda madalyas\u0131n\u0131 kendisine takdim edece\u011fim&#8221; ifadelerini kulland\u0131.<\/p>\n<p>TSKGV Genel M\u00fcd\u00fcr\u00fc T\u00fcmgeneral Sad\u0131k Piyade, vakfa ba\u011f\u0131\u015fta bulunan Ba\u015fkan Y\u0131lmaz&#8217;a madalya ile yerli ve milli imkanlarla \u00fcretilen insans\u0131z hava arac\u0131 ANKA&#8217;n\u0131n birebir maketini takdim etti.<\/p>\n<p>Ba\u015fkan Y\u0131lmaz da TSKGV Genel M\u00fcd\u00fcr\u00fc T\u00fcmgeneral Sad\u0131k Piyade&#8217;ye, T\u00fcrk dili, k\u00fclt\u00fcr\u00fc ve tarihinin en de\u011ferli an\u0131tlar\u0131ndan olan Orhun Yaz\u0131tlar\u0131&#8217;n\u0131n minyat\u00fcr \u00f6rne\u011fi ile Toroslar Belediyesi Teknik ve Mesleki E\u011fitim Kurslar\u0131 (TORTEK) b\u00fcnyesinde ka\u011f\u0131t r\u00f6lyeften haz\u0131rlanan Atat\u00fcrk portresi hediye etti.<\/p>\n<p>Konu\u015fmalar\u0131n ard\u0131ndan madalya takdim t\u00f6renine ge\u00e7ildi. Vakfa ba\u011f\u0131\u015fta bulunan vatanda\u015flar\u0131n madalyalar\u0131, T\u00fcrk Silahl\u0131 Kuvvetlerini G\u00fc\u00e7lendirme Vakf\u0131 Genel M\u00fcd\u00fcr\u00fc T\u00fcmgeneral Sad\u0131k Piyade, Toroslar Belediye Ba\u015fkan\u0131 Ats\u0131z Af\u015f\u0131n Y\u0131lmaz, TSKGV Mersin B\u00f6lge Temsilcisi Emekli Albay Faik Ahmet Karadeniz taraf\u0131ndan verildi.<\/p>\n<p>Ba\u015fkan Y\u0131lmaz, ba\u011f\u0131\u015fta bulunan vatanda\u015flara bu duyarl\u0131l\u0131klar\u0131ndan dolay\u0131 te\u015fekk\u00fcr etti.<\/p>\n","protected":false},"excerpt":{"rendered":"<p>T\u00fcrk milletinin deste\u011fiyle her ge\u00e7en g\u00fcn daha da b\u00fcy\u00fcyen T\u00fcrk Silahl\u0131 Kuvvetlerini G\u00fc\u00e7lendirme Vakf\u0131&#8217;n\u0131n (TSKGV) Tan\u0131t\u0131m Brifingi ve Madalya Takdim T\u00f6reni, Toroslar Belediyesinin ev sahipli\u011finde yap\u0131ld\u0131. Vakfa ba\u011f\u0131\u015fta bulananlara madalyalar\u0131n\u0131n &hellip; <a href=\"https:\/\/akdenizolaygazetesi.com\/?p=23779\" class=\"more-link\">Devam\u0131n\u0131 Oku&#8230;<\/a><\/p>\n","protected":false},"author":2,"featured_media":23780,"comment_status":"open","ping_status":"open","sticky":false,"template":"","format":"standard","meta":[],"categories":[2,3,5],"tags":[],"_links":{"self":[{"href":"https:\/\/akdenizolaygazetesi.com\/index.php?rest_route=\/wp\/v2\/posts\/23779"}],"collection":[{"href":"https:\/\/akdenizolaygazetesi.com\/index.php?rest_route=\/wp\/v2\/posts"}],"about":[{"href":"https:\/\/akdenizolaygazetesi.com\/index.php?rest_route=\/wp\/v2\/types\/post"}],"author":[{"embeddable":true,"href":"https:\/\/akdenizolaygazetesi.com\/index.php?rest_route=\/wp\/v2\/users\/2"}],"replies":[{"embeddable":true,"href":"https:\/\/akdenizolaygazetesi.com\/index.php?rest_route=%2Fwp%2Fv2%2Fcomments&post=23779"}],"version-history":[{"count":1,"href":"https:\/\/akdenizolaygazetesi.com\/index.php?rest_route=\/wp\/v2\/posts\/23779\/revisions"}],"predecessor-version":[{"id":23781,"href":"https:\/\/akdenizolaygazetesi.com\/index.php?rest_route=\/wp\/v2\/posts\/23779\/revisions\/23781"}],"wp:featuredmedia":[{"embeddable":true,"href":"https:\/\/akdenizolaygazetesi.com\/index.php?rest_route=\/wp\/v2\/media\/23780"}],"wp:attachment":[{"href":"https:\/\/akdenizolaygazetesi.com\/index.php?rest_route=%2Fwp%2Fv2%2Fmedia&parent=23779"}],"wp:term":[{"taxonomy":"category","embeddable":true,"href":"https:\/\/akdenizolaygazetesi.com\/index.php?rest_route=%2Fwp%2Fv2%2Fcategories&post=23779"},{"taxonomy":"post_tag","embeddable":true,"href":"https:\/\/akdenizolaygazetesi.com\/index.php?rest_route=%2Fwp%2Fv2%2Ftags&post=23779"}],"curies":[{"name":"wp","href":"https:\/\/api.w.org\/{rel}","templated":true}]}}