{"id":23788,"date":"2023-01-28T10:34:57","date_gmt":"2023-01-28T07:34:57","guid":{"rendered":"http:\/\/akdenizolaygazetesi.com\/?p=23788"},"modified":"2023-01-28T10:34:57","modified_gmt":"2023-01-28T07:34:57","slug":"ciftcinin-bu-iktidardan-273-milyar-lira-alacagi-var","status":"publish","type":"post","link":"https:\/\/akdenizolaygazetesi.com\/?p=23788","title":{"rendered":"&#8220;\u00c7\u0130FT\u00c7\u0130N\u0130N BU \u0130KT\u0130DARDAN 273 M\u0130LYAR L\u0130RA ALACA\u011eI VAR&#8221;"},"content":{"rendered":"<p>Cumhuriyet Halk Partisi Lideri Kemal K\u0131l\u0131\u00e7daro\u011flu, Mersin B\u00fcy\u00fck\u015fehir Belediyesi&#8217;nin ev sahipli\u011finde d\u00fczenlenen &#8217;41 Yeni A\u00e7\u0131l\u0131\u015f, 41 Kere Ma\u015fallah&#8217; mottosuyla ger\u00e7ekle\u015ftirdi\u011fi a\u00e7\u0131l\u0131\u015flar\u0131n 7.&#8217;si olan &#8216;Toplu Ta\u015f\u0131ma Yerle\u015fkesi&#8217; a\u00e7\u0131l\u0131\u015f\u0131na kat\u0131lmak i\u00e7in Mersin&#8217;e geldi.<\/p>\n<p>CHP Lideri K\u0131l\u0131\u00e7daro\u011flu a\u00e7\u0131l\u0131\u015f \u00f6ncesi Mersin B\u00fcy\u00fck\u015fehir Belediye Ba\u015fkan\u0131 Vahap Se\u00e7er&#8217;in de kat\u0131l\u0131m\u0131 ile ilk olarak muhtarlarla bulu\u015ftu, sorular\u0131n\u0131 cevaplad\u0131.<\/p>\n<p>Ba\u015fkan Se\u00e7er&#8217;den muhtarlara: &#8220;Bizler i\u00e7in \u00f6n a\u00e7\u0131c\u0131, yol g\u00f6sterici olan mesajlar\u0131n\u0131z\u0131 \u00f6nemsiyoruz&#8221;<\/p>\n<p>Yeni\u015fehir Belediyesi Atat\u00fcrk K\u00fclt\u00fcr Merkezi&#8217;nde d\u00fczenlenen &#8216;Muhtarlarla Bulu\u015fma&#8217; program\u0131nda yapt\u0131\u011f\u0131 konu\u015fmada muhtarlar\u0131n d\u00fc\u015f\u00fcncelerinin ve verece\u011fi mesajlar\u0131n kendileri i\u00e7in son derece \u00f6nemli oldu\u011funu ifade eden Mersin B\u00fcy\u00fck\u015fehir Belediye Ba\u015fkan\u0131 Vahap Se\u00e7er, &#8220;Burada sizlerin bizlere verece\u011fi mesajlar, kamuoyuna verece\u011fi mesajlar, dertleriniz, sorunlar\u0131n\u0131z, beklentileriniz, yak\u0131n tarihte ger\u00e7ekle\u015fecek olan T\u00fcrkiye&#8217;nin demokrasi tarihinin en \u00f6nemli se\u00e7iminde belki de bizler i\u00e7in \u00f6n a\u00e7\u0131c\u0131, yol g\u00f6sterici olan mesajlar\u0131n\u0131z\u0131 da \u00f6nemsedi\u011fimizi ifade etmek istiyorum. \u00c7\u00fcnk\u00fc sizler demokrasinin temel unsurlar\u0131s\u0131n\u0131z, millet iradesinin direkt isme yans\u0131yarak hizmete d\u00f6n\u00fc\u015ft\u00fc\u011f\u00fc fig\u00fcrlersiniz, kimliklersiniz, ki\u015filiklersiniz&#8221; dedi.<\/p>\n<p>&#8220;Bizler muhtarlar\u0131m\u0131z\u0131 seviyoruz&#8221;<\/p>\n<p>Muhtarlara; &#8220;Sizleri \u00f6nemsiyoruz, sizleri de\u011ferli buluyoruz&#8221; c\u00fcmlesiyle seslenen Ba\u015fkan Se\u00e7er,  &#8220;Belediye ba\u015fkanlar\u0131 olarak her zaman \u015funu s\u00f6yl\u00fcyoruz; bizler muhtarlar\u0131m\u0131z\u0131 seviyoruz. Bizim aram\u0131zda zorunlu bir a\u015fk var, biz ayr\u0131lamay\u0131z. Ayr\u0131ld\u0131\u011f\u0131m\u0131z noktada, k\u00fcst\u00fc\u011f\u00fcm\u00fcz noktada birbirimize sevginin, sayg\u0131n\u0131n azald\u0131\u011f\u0131 noktada Mersin halk\u0131 hizmetleri eksik al\u0131r ve zarar g\u00f6r\u00fcr. Biz buna m\u00fcsaade edemeyiz. Mahkeme kad\u0131ya m\u00fclk de\u011fil. G\u00f6rev s\u00fcremizi onurumuzla, \u015ferefimizle tamamlayaca\u011f\u0131z. Bundan sonra \u00fclkemizin gelece\u011fi i\u00e7in bu g\u00fczel \u00fclkenin ayd\u0131nl\u0131\u011f\u0131 i\u00e7in art\u0131k yerimizi gen\u00e7lere b\u0131rakaca\u011f\u0131z&#8221; diye konu\u015ftu.<\/p>\n<p>\u00d6m\u00fcr: &#8220;Belediyelerimizin yapt\u0131\u011f\u0131 hizmetlerde, sizlerin misyonu, talepleri ve \u00e7abalar\u0131 \u00e7ok \u00f6nemli&#8221;<\/p>\n<p>CHP Mersin \u0130l Ba\u015fkan\u0131 Koral \u00d6m\u00fcr ise yapt\u0131\u011f\u0131 konu\u015fmada muhtarlar\u0131n misyonu ve taleplerinin hizmetlerde \u00e7ok \u00f6nemli oldu\u011funu vurgulayarak, &#8220;Genel Ba\u015fkan\u0131m\u0131z, halk\u0131m\u0131zla beraber oluyor. Gen\u00e7lerimizle, kad\u0131nlar\u0131m\u0131zla T\u00fcrkiye&#8217;nin her k\u00f6\u015fesinde birlikte oluyor. Bug\u00fcn muhtarlar\u0131m\u0131zla bir araya geldi. De\u011ferli muhtarlar; belediyelerimizin her t\u00fcrl\u00fc zorluklara ra\u011fmen yapt\u0131\u011f\u0131 hizmetlerde sizlerin misyonu, talepleri ve \u00e7abalar\u0131 \u00e7ok \u00f6nemli. Yerelde muhtarlar\u0131m\u0131zla geli\u015ftirilen diyalo\u011fun T\u00fcrkiye genelinde nas\u0131l olu\u015fturulaca\u011f\u0131na dair vizyonu Say\u0131n Genel Ba\u015fkan\u0131m\u0131z da ortaya koydu&#8221; dedi.<\/p>\n<p>Konu\u015fmalar\u0131n ard\u0131ndan ise toplant\u0131ya kat\u0131lan muhtarlar CHP Lideri K\u0131l\u0131\u00e7daro\u011flu&#8217;na sorular\u0131n\u0131 ve \u00e7\u00f6z\u00fcm bekledikleri konular\u0131 aktard\u0131lar.<\/p>\n<p>&#8220;Toplumda derin bir yoksulluk var&#8221;<\/p>\n<p>Mezitli Atat\u00fcrk Mahalle Muhtar\u0131 Badeg\u00fcl Kaptan, yapt\u0131\u011f\u0131 konu\u015fmada, kendisinin de EYT&#8217;li oldu\u011funu ve emekli olmak i\u00e7in sorunlarla kar\u015f\u0131la\u015ft\u0131\u011f\u0131n\u0131 anlatt\u0131. Kaptan, ekonomik s\u0131k\u0131nt\u0131lardan dolay\u0131 insanlar\u0131n bir\u00e7ok konuda s\u0131k\u0131nt\u0131 ya\u015fad\u0131\u011f\u0131n\u0131 belirterek, &#8220;Ger\u00e7ekten toplumda derin bir yoksulluk var. Her g\u00fcn muhtarl\u0131\u011f\u0131m\u0131za ula\u015fan icra k\u00e2\u011f\u0131tlar\u0131n\u0131n gelmesiyle birlikte aile i\u00e7i \u015fiddet, kad\u0131na \u015fiddet, biliyorsunuz son d\u00f6nemlerde ger\u00e7ekten kad\u0131n cinayetleri \u00e7ok artt\u0131. Bunun temelinde bazen ekonomik s\u0131k\u0131nt\u0131lar da olabiliyor. Siz iktidara geldi\u011finizde bu derin yoksunlu\u011fu nas\u0131l gidereceksiniz? Bunun ger\u00e7ekten bir an \u00f6nce d\u00fczeltilmesi gerekiyor. Biz \u015fansl\u0131 bir \u015fehirde ya\u015f\u0131yoruz. Ger\u00e7ekten B\u00fcy\u00fck\u015fehir Belediyemiz \u00e7ok g\u00fczel \u00e7al\u0131\u015f\u0131yor. B\u00fct\u00fcn birimleri g\u00fczel \u00e7al\u0131\u015f\u0131yor&#8221; dedi.<\/p>\n<p>Batman Merkez Kesmek\u00f6pr\u00fc Mahalle Muhtar\u0131 \u0130dris Dezen, \u00fclkenin i\u015fsizlik s\u0131k\u0131nt\u0131lar\u0131na de\u011finerek, &#8220;Son iki ayd\u0131r Batman&#8217;da sadece 6, 7 ki\u015fi gen\u00e7 20, 23 ya\u015flar\u0131nda \u00fcniversite mezunu intihar etmi\u015ftir. Say\u0131n Genel Ba\u015fkan\u0131m benim k\u00f6y\u00fcmde \u015fu ana kadar CHP&#8217;ye hi\u00e7 oy \u00e7\u0131kmad\u0131 ama bu saatten sonra var g\u00fcc\u00fcm\u00fczle size \u00e7al\u0131\u015faca\u011f\u0131z. Biz size \u00e7al\u0131\u015ft\u0131ktan sonra g\u00f6revimizi yapt\u0131ktan sonra g\u00f6rev art\u0131k sizindir. Sizin de \u00f6zellikle \u00fcniversite mezunu gen\u00e7lerimizin bir i\u015f sahas\u0131 olabilmesi i\u00e7in bir emek kazanabilmeleri i\u00e7in herhangi bir d\u00fc\u015f\u00fcnceniz var m\u0131?&#8221; diye konu\u015ftu.<\/p>\n<p>&#8220;\u00c7ift\u00e7iler olarak biz art\u0131k girdi maliyetleri ile ba\u015f edemez olduk&#8221;<\/p>\n<p>Mezitli Kocayer Mahalle Muhtar\u0131 Mehmet Ali \u00d6zt\u00fcrk, \u00e7ift\u00e7ilerin sorunlar\u0131na de\u011finerek, &#8220;Mersin 12 ay boyunca \u00fcretim yapan bir \u015fehirdir. Narenciyesinden domates, \u015feftali, muz akl\u0131n\u0131za ne gelirse hepsi burada yeti\u015fmektedir. Ancak \u00e7ift\u00e7iler olarak biz art\u0131k girdi maliyetleri ile ba\u015f edemez olduk. \u00d6zellikle g\u00fcbre, ila\u00e7, mazot son zamanlarda elektrik ya da sulamaya yap\u0131lan zamlardan dolay\u0131 inan\u0131n \u00e7ok zorday\u0131z. Biz sizin bunlar\u0131 \u00e7\u00f6zece\u011finizi biliyoruz. O konuda da \u00e7ift\u00e7iler olarak sizden \u00e7ok umutluyuz. Di\u011fer bir konumuz; &#8216;Hazine arazilerini tar\u0131ma a\u00e7t\u0131k deniyor&#8217; ancak ben k\u0131rsalda oturuyorum. Toros da\u011flar\u0131n\u0131n en son mahallelerinden biriyiz. Yakla\u015f\u0131k 100 bin tonun \u00fczerinde \u015feftali \u00fcretmekteyiz 4-5 mahalle. Ancak \u015fimdi Hazine arazilerimiz y\u0131llard\u0131r kulland\u0131\u011f\u0131m\u0131z, ecri misil de \u00f6d\u00fcyorduk, son zamanlarda s\u00f6kmeye ba\u015flad\u0131lar, kesmeye ba\u015flad\u0131lar Milli Emlak arac\u0131l\u0131\u011f\u0131yla. Biz diyoruz ki ya kiralay\u0131n ya bize verin, yani biz bunlar\u0131 kullanmak istiyoruz. &#8216;Olmaz kesece\u011fiz&#8217; diyor. &#8216;Sonra m\u00fcracaat edersiniz&#8217; Y\u0131llar\u0131n eme\u011fi var orada. Biz bunu nas\u0131l kesip tekrar ekmek y\u0131llar\u0131m\u0131z\u0131 al\u0131r. Bununla ilgili sizlerden s\u00f6z istiyoruz. Siz bu s\u00f6zleri bizlere verin. Biz de sizin her zaman yan\u0131n\u0131zday\u0131z \u00e7ift\u00e7iler olarak&#8221;   ifadelerine yer verdi. <\/p>\n<p>Yeni\u015fehir \u0130nsu Mahalle Muhtar\u0131 Sadettin K\u00f6k, B\u00fcy\u00fck\u015fehir Belediyesi&#8217;nin \u00e7ok iyi hizmet etti\u011fini ifade ederek, hayvanc\u0131l\u0131k ile ilgili ya\u015fad\u0131klar\u0131 sorunlar\u0131 anlatt\u0131. &#8220;Yeni\u015fehir&#8217;e yakla\u015f\u0131k 16 kilometrede oturuyoruz. Yakla\u015f\u0131k 30-40 tane k\u00fc\u00e7\u00fckba\u015f hayvanc\u0131l\u0131kla u\u011fra\u015fan arkada\u015flar\u0131m\u0131z vard\u0131. \u015eu anda 7-8&#8217;e d\u00fc\u015ft\u00fc. Girdi maliyetleri y\u00fcksek oldu\u011fundan dolay\u0131 art\u0131k k\u00fc\u00e7\u00fckba\u015f hayvanc\u0131l\u0131k bizim k\u00f6yde de d\u00fc\u015ft\u00fc\u011f\u00fc i\u00e7in et art\u0131k mutfa\u011fa girmez oldu. Allah nasip ederse, Cumhurba\u015fkan\u0131 olarak g\u00f6rd\u00fc\u011f\u00fcm\u00fczde 100 liray\u0131 ge\u00e7mezse her mutfa\u011fa et girmesini sa\u011flarsan\u0131z ben \u015fahs\u0131m ve muhtar arkada\u015flar\u0131m ad\u0131na \u00e7ok te\u015fekk\u00fcr ediyorum. \u00c7ift\u00e7ilik art\u0131k bu memlekette yap\u0131lamaz hale geldi. K\u0131ra\u00e7 bir yerdir, sulu bir yer de\u011fil bizim oras\u0131. Bu\u011fday, arpa ekmekten ba\u015fka \u00e7aresi yoktu vatanda\u015f\u0131n. \u015eu anda araziler bo\u015f durumda&#8221; dedi.<\/p>\n<p>Tarhan: &#8220;Genel Ba\u015fkan\u0131m\u0131n d\u00fcr\u00fcstl\u00fc\u011f\u00fcn\u00fc g\u00f6rerek, beraberce \u00e7al\u0131\u015fmak istedim&#8221;<\/p>\n<p>\u00d6nceki d\u00f6nem Batman&#8217;\u0131n Hasankeyf il\u00e7esinde Belediye Ba\u015fkan Yard\u0131mc\u0131s\u0131 ve bu d\u00f6nem meclis \u00fcyesi olan Abdullah Tarhan, g\u00f6rd\u00fc\u011f\u00fc l\u00fczum \u00fczerine yak\u0131n zamanda AK Parti&#8217;den istifa etti\u011fini belirterek, &#8220;Tam 50 y\u0131ll\u0131k belediyeciyim. Say\u0131n Genel Ba\u015fkan\u0131m\u0131n d\u00fcr\u00fcstl\u00fc\u011f\u00fcn\u00fc g\u00f6rerek, siyasetini benimseyerek yan\u0131nda beraberce \u00e7al\u0131\u015fmak istedim. Onun i\u00e7in bu karar\u0131 kendi kendime verdim&#8221; dedi.<\/p>\n<p>K\u0131l\u0131\u00e7daro\u011flu, \u00e7\u00f6z\u00fcm \u00f6nerilerini payla\u015ft\u0131<\/p>\n<p>Farkl\u0131 kentlerden gelen ve \u00e7o\u011funlu\u011fu Mersin&#8217;de g\u00f6rev yapan muhtarlar\u0131 selamlayarak konu\u015fmas\u0131na ba\u015flayan CHP Lideri K\u0131l\u0131\u00e7daro\u011flu, muhtarlar\u0131n demokrasini temel ta\u015f\u0131 oldu\u011funu s\u00f6yledi. Gitti\u011fi her yerde muhtarlarla \u00f6zel bir toplant\u0131 yapt\u0131\u011f\u0131n\u0131 belirten K\u0131l\u0131\u00e7daro\u011flu, iktidara geldiklerinde muhtarlar i\u00e7in yapacaklar\u0131 \u00e7al\u0131\u015fmalar\u0131 anlatt\u0131.  Muhtarl\u0131k se\u00e7imlerinde birle\u015fik bir oy pusulas\u0131n\u0131n olmad\u0131\u011f\u0131n\u0131 an\u0131msatan K\u0131l\u0131\u00e7daro\u011flu, &#8220;Birden fazla muhtar aday\u0131 varsa be\u011fenmedi\u011finiz muhtar\u0131n oy pusulas\u0131n\u0131 al\u0131p cebinize koyars\u0131n\u0131z, d\u0131\u015far\u0131 \u00e7\u0131kars\u0131n\u0131z. Size oy vermek isteyen sizin pusulan\u0131z\u0131 bulamaz. Bu, muhtarl\u0131k kurumuna siyaset kurumunun yeteri kadar de\u011fer vermedi\u011fini g\u00f6steriyor. Birden fazla muhtar aday\u0131 var m\u0131? Var. O zaman birle\u015fik oy pusulas\u0131 yapars\u0131n\u0131z, isteyen vatanda\u015f isteyen muhtar\u0131n alt\u0131na m\u00fchr\u00fcn\u00fc basar ve o muhtar da di\u011fer se\u00e7imlerde oldu\u011fu gibi kazand\u0131\u011f\u0131 zaman gelir koltu\u011funa oturur. Bunun yap\u0131lmas\u0131 laz\u0131m&#8221; dedi.<\/p>\n<p>&#8220;K\u00f6y t\u00fczel ki\u015filikleri yeniden olacak&#8221;<\/p>\n<p>B\u00fcy\u00fck\u015fehirlerde mahalle n\u00fcfusu yo\u011fun olan muhtarlar\u0131n oldu\u011funu da dile getiren K\u0131l\u0131\u00e7daro\u011flu, &#8220;Bir yard\u0131mc\u0131 personeli bile yok. Muhtarl\u0131\u011f\u0131 kapatt\u0131\u011f\u0131 zaman vatanda\u015f\u0131n derdini anlatabilece\u011fi hi\u00e7 kimse yok. \u00dcniversiteyi bitiren, liseyi bitiren d\u00fcnya kadar i\u015fsizimiz var. Muhtar arkada\u015flara birer yard\u0131mc\u0131 personel verilse, dosyalar\u0131 tutsalar, gelen vatanda\u015fla ilgilenseler ne olur? Ben bunu s\u00f6yledi\u011fimde k\u0131yameti kopard\u0131lar; &#8216;Vay efendim muhtarlara bu verilir mi?&#8217; Niye verilmesin? Allah nasip eder iktidar oldu\u011fumuzda verece\u011fiz ve yan\u0131n\u0131zda \u00e7al\u0131\u015fan bir b\u00fcro personeli olacak. Ne olacak yani? KPSS s\u0131nav\u0131na girecek, s\u0131nav\u0131 kazanacak, gelecek muhtar\u0131n\u0131n yard\u0131mc\u0131s\u0131 olacak. Muhtar taziyeye gidemez mi, d\u00fc\u011f\u00fcne gidemez mi, al\u0131\u015fveri\u015fe gidemez mi? Gidecek. Muhtarl\u0131\u011f\u0131n a\u00e7\u0131k olmas\u0131 laz\u0131m, vatanda\u015f\u0131n gelip derdini anlatmas\u0131 laz\u0131m. Dosyalar\u0131n tutulmas\u0131 laz\u0131m. \u00d6zellikle b\u00fcy\u00fck kentlerde bu \u00e7ok ciddi bir sorun. B\u00fcy\u00fck\u015fehirler ilan edildikten sonra k\u0131rsalda k\u00f6y t\u00fczel ki\u015filikleri yok edildi. Yok, \u00f6yle bir \u015fey. Mal varl\u0131klar\u0131na da el konuldu. O k\u00f6y t\u00fczel ki\u015filiklerini yeniden ihya edece\u011fiz. Muhtarlar\u0131n k\u00f6y t\u00fczel ki\u015filikleri yeniden olacak&#8221; diye konu\u015ftu.<\/p>\n<p>&#8220;Muhtarl\u0131\u011f\u0131n bir b\u00fct\u00e7esinin olmas\u0131 laz\u0131m&#8221;<\/p>\n<p>Muhtarl\u0131klar i\u00e7in b\u00fct\u00e7e olu\u015fturulmas\u0131 gerekti\u011fini de savunan K\u0131l\u0131\u00e7daro\u011flu, &#8220;Fakir bir aileyi d\u00fc\u015f\u00fcn\u00fcn. O\u011flu veya k\u0131z\u0131 Mersin&#8217;de oturuyor, Adana&#8217;da s\u0131nav\u0131 kazand\u0131. Gidip kayd\u0131n\u0131 yapt\u0131rabilecek imkan\u0131 bile olmayabilir. Mahallede en rahat ula\u015fabilecek ki\u015fi mahallenin muhtar\u0131d\u0131r. Mahallenin muhtar\u0131na gelecek, &#8216;Ya o\u011flum, k\u0131z\u0131m s\u0131nav\u0131 kazand\u0131. Gidip kayd\u0131n\u0131 yapt\u0131raca\u011f\u0131m ama yol paras\u0131 bulam\u0131yorum&#8217;. Ne olmas\u0131 laz\u0131m? Muhtar kendi cebinden \u00e7\u0131kar\u0131p verebilir eyvallah; ama bir b\u00fct\u00e7esinin olmas\u0131 laz\u0131m. Diyeceksiniz ki;  &#8216;Ey K\u0131l\u0131\u00e7daro\u011flu nereden \u00e7\u0131kt\u0131 b\u00fct\u00e7e? Kim bize b\u00f6yle bir b\u00fct\u00e7e verir? Var. Bu karde\u015finizin eski bir Maliyeci oldu\u011funu, eski bir hesap uzman\u0131 oldu\u011funu sak\u0131n unutmay\u0131n. \u015eimdi Belediye Ba\u015fkan\u0131n\u0131 se\u00e7en kim? Ona oy veren vatanda\u015f\u0131m\u0131z ayn\u0131 zamanda mahallenin muhtar\u0131na da oy veriyor mu? Veriyor. Orada oturan vatanda\u015f, ev sahibi belediyeye emlak vergisi \u00f6d\u00fcyor mu? \u00d6d\u00fcyor. O emlak vergisinin belirli bir oran\u0131 muhtarl\u0131\u011fa da\u011f\u0131t\u0131lsa ne olur? B\u00fct\u00e7esi olur mu? Olur&#8221; ifadelerini kulland\u0131.<\/p>\n<p>&#8220;Vatanda\u015f\u0131n derdini en iyi bilen mahallenin, k\u00f6y\u00fcn muhtar\u0131d\u0131r&#8221;<\/p>\n<p>Bir mahalle veya k\u00f6yde vatanda\u015f\u0131n durumu en iyi muhtarlar\u0131n bilece\u011fini s\u00f6yleyen K\u0131l\u0131\u00e7daro\u011flu &#8220;Vatanda\u015f\u0131n derdini en iyi bilen mahallenin, k\u00f6y\u00fcn muhtar\u0131d\u0131r. E\u011fer sosyal yard\u0131mlar da\u011f\u0131t\u0131lacaksa muhtarlar arac\u0131l\u0131\u011f\u0131 ile da\u011f\u0131t\u0131lmas\u0131 laz\u0131m. \u00c7\u00fcnk\u00fc onlar\u0131n siyasi bir kimli\u011fi yoktur. A partili B partili diye ay\u0131rmaz. Dolay\u0131s\u0131yla sosyal yard\u0131m yap\u0131lacaksa muhtar arac\u0131l\u0131\u011f\u0131yla bunun yap\u0131lmas\u0131 laz\u0131m. Bir arkada\u015f\u0131m\u0131z derin yoksulluktan bahsetti ve yoksullu\u011fun giderek artt\u0131\u011f\u0131n\u0131 s\u00f6yledi. Yoksullu\u011fun nerelerde giderek yo\u011funla\u015ft\u0131\u011f\u0131n\u0131 da yine en iyi mahallenin muhtar\u0131 bilir. Ailenin pozisyonunu bilir, durumunu bilir. Dolay\u0131s\u0131yla onlara yard\u0131m yap\u0131lmas\u0131 gerekti\u011fini gider Bir \u015fekli ile kamu yetkililerini devlet yetkililerine aktar\u0131r. Ama g\u00f6n\u00fcl ister ki o yard\u0131mlar do\u011frudan muhtarlar arac\u0131l\u0131\u011f\u0131yla da\u011f\u0131t\u0131ls\u0131n&#8221; dedi.<\/p>\n<p>&#8220;Muhtarl\u0131\u011f\u0131n bir kamu kurumu olarak yasal \u00e7er\u00e7eve i\u00e7erisinde tan\u0131mlanmas\u0131 laz\u0131m&#8221;<\/p>\n<p>Muhtarl\u0131\u011f\u0131n bir kamu kurumu olarak kabul edilmedi\u011fini ifade eden K\u0131l\u0131\u00e7daro\u011flu, bu durumdan dolay\u0131 muhtarl\u0131klar ile belediyeler aras\u0131nda \u00f6zel projeler geli\u015ftirilemedi\u011fini aktard\u0131. K\u0131l\u0131\u00e7daro\u011flu &#8220;\u00c7\u00fcnk\u00fc kamu kurumu de\u011fil. Muhtarl\u0131\u011f\u0131n bir kamu kurumu olarak yasal \u00e7er\u00e7eve i\u00e7erisinde tan\u0131mlanmas\u0131 laz\u0131m. Siz izin ald\u0131\u011f\u0131n\u0131zda veya hastaland\u0131\u011f\u0131n\u0131zda \u00f6denek kesiliyor. Ama milletvekili ald\u0131\u011f\u0131nda, belediye ba\u015fkan\u0131 ald\u0131\u011f\u0131nda, onlar\u0131nkinde bir kesilme yok. Cumhurba\u015fkan\u0131 ald\u0131\u011f\u0131nda kesilme yok, bakan ayr\u0131ld\u0131\u011f\u0131nda kesilme yok. Onlara oy veren vatanda\u015f size de veriyor. Sizinki niye kesiliyor? Bu soruyu da soracaks\u0131n\u0131z. Madem demokrasi var, madem e\u015fitlik var, bakan\u0131, milletvekilini, belediye ba\u015fkan\u0131n\u0131 se\u00e7en mahalle bana da oy veriyor. O zaman en az\u0131ndan hiyerar\u015fi olmasa bile baz\u0131 haklarda e\u015fitlik olmas\u0131 laz\u0131m&#8221; diye konu\u015ftu.<\/p>\n<p>&#8220;T\u00fcrkiye Muhtarlar Birli\u011finin kurulmas\u0131 laz\u0131m&#8221;<\/p>\n<p>Bir an \u00f6nce T\u00fcrkiye Muhtarlar Birli\u011fi&#8217;nin kurulmas\u0131 gerekti\u011fine dikkat \u00e7eken CHP Lideri K\u0131l\u0131\u00e7daro\u011flu &#8220;T\u00fcrkiye Muhtarlar Birli\u011finin kurulmas\u0131 laz\u0131m. T\u00fcrkiye Belediyeler Birli\u011fi var ama T\u00fcrkiye Muhtarlar Birli\u011fi yok. O kadar \u00e7ok da\u011f\u0131n\u0131k bir yap\u0131n\u0131z var ki o da\u011f\u0131n\u0131k yap\u0131 i\u00e7erisinde siz derdinizi anlatam\u0131yorsunuz emin olun. Biz muhtarlarla ilgili bir d\u00fczenleme yapmak istedik. Bu s\u00f6yledi\u011fim b\u00fct\u00fcn olaylar\u0131, sorunlar\u0131 \u00e7\u00f6zen bir temel muhtarl\u0131k kanun teklifi haz\u0131rlad\u0131k. \u015eu anda y\u00fcr\u00fcrl\u00fckte olan 82 kanunda ve 354 maddede muhtar ad\u0131 ge\u00e7er, bilmezsiniz. Biz de bilmiyorduk ama bir \u00e7al\u0131\u015fma yap\u0131nca 82 kanuna ve 354 maddeye bakmak zorunda kald\u0131k. Yetkisi var, sorumlulu\u011fu var, sosyal haklar\u0131 kapsayan d\u00fczenlemeler var ama temel bir muhtarl\u0131k kanunu yok. Biz b\u00fct\u00fcn bunlar\u0131n tamam\u0131n\u0131 toparlad\u0131k, temel kanun teklifi haz\u0131rlad\u0131k. Ama haz\u0131rlad\u0131ktan sonra muhtarlar\u0131n kurduklar\u0131 b\u00fct\u00fcn derneklere g\u00f6nderdik. &#8216;Al\u0131n bak\u0131n. Bir eksi\u011fimiz var m\u0131, bir yanl\u0131\u015f\u0131m\u0131z var m\u0131? D\u00fczeltelim&#8217; dedik. Dernekler bakt\u0131lar dediler ki \u015furalar\u0131 d\u00fczeltin, onlar\u0131n iste\u011fi \u00fczerini d\u00fczelttik. Muhtarl\u0131k Temel Kanunu&#8217;nu TBMM&#8217;ne teklif ettik, Genel Kurula bir kanun teklifi olarak sunduk. Ama bu kanun teklifimiz AK Parti&#8217;nin ve MHP&#8217;nin oylar\u0131yla reddedildi. \u015eimdi ben size s\u00f6z veriyorum, bir tarafa yaz\u0131n. Allah nasip eder, iktidar oldu\u011fumuzda, o kanunun derhal ve ivedilikle \u00e7\u0131kt\u0131\u011f\u0131n\u0131 g\u00f6receksiniz&#8221; \u015feklinde konu\u015ftu.<\/p>\n<p>&#8220;Gerekli planlamalar\u0131 yaparak T\u00fcrkiye&#8217;yi h\u0131zla b\u00fcy\u00fctmek ve halk\u0131 kalk\u0131nd\u0131rmak m\u00fcmk\u00fcn&#8221;<\/p>\n<p>\u0130ktidara gelmeleri halinde yapacaklar\u0131 \u00e7al\u0131\u015fmalar hakk\u0131nda da bilgi veren CHP Lideri Kemal K\u0131l\u0131\u00e7daro\u011flu &#8220;\u00c7ift\u00e7ilerin veya esnaf\u0131n, ister tar\u0131m kredi, ister esnaf kefalet kooperatif olsun, ister bankalardan ald\u0131klar\u0131 kredilerin olsun faizlerini ilk bir haftada silece\u011fiz. Ne faizi? Zaten bat\u0131rm\u0131\u015fs\u0131n, zaten do\u011fru d\u00fczg\u00fcn \u00e7al\u0131\u015fam\u0131yor, zaten do\u011fru d\u00fczg\u00fcn gelir elde edemiyor. Faizlerini silece\u011fiz ve sadece anaparas\u0131n\u0131 taksitle alaca\u011f\u0131z. Belki bu b\u00f6lgede yok ama \u00f6rne\u011fin Do\u011fu, G\u00fcneydo\u011fu Anadolu&#8217;da havza bazl\u0131 \u00fcretim yapaca\u011f\u0131z. Erzurum, I\u011fd\u0131r, Kars, Elaz\u0131\u011f, Tunceli, o b\u00f6lge tar\u0131m ve hayvanc\u0131l\u0131kta \u00f6zel ekonomi b\u00f6lgesi ilan edildi\u011finde ve bu b\u00f6lge sadece tar\u0131m ve hayvanc\u0131l\u0131k \u00fcr\u00fcnleri \u00fcretip ve buna dayal\u0131 sanayi geli\u015ftirdi\u011fimizde, ola\u011fan\u00fcst\u00fc bir kalk\u0131nma s\u00fcreci ya\u015fayacakt\u0131r. Kafkaslar\u0131n ve Ortado\u011fu&#8217;nun y\u0131ll\u0131k et \u00fcr\u00fcn\u00fc ihtiyac\u0131 25 milyar dolar, biz 500 milyon dolar bile alam\u0131yoruz. Demek ki ak\u0131ll\u0131 politikalarla, \u00fclkeni d\u00fc\u015f\u00fcnerek ve gerekli planlamalar\u0131 yaparak T\u00fcrkiye&#8217;yi h\u0131zla b\u00fcy\u00fctmek ve halk\u0131 kalk\u0131nd\u0131rmak m\u00fcmk\u00fcn. Bunu yapaca\u011f\u0131z, g\u00f6receksiniz&#8221; ifadelerini kulland\u0131.<\/p>\n<p>&#8220;Bir siyaset\u00e7i iktidar oldu\u011funda, mal varl\u0131\u011f\u0131nda art\u0131\u015f varsa bilin ki o mal\u0131 g\u00f6t\u00fcr\u00fcyor&#8221;<\/p>\n<p>Bir siyaset\u00e7inin iktidar olduktan sonra mal varl\u0131\u011f\u0131nda art\u0131\u015f oluyorsa o siyaset\u00e7inin &#8216;Mal\u0131 g\u00f6t\u00fcrd\u00fc\u011f\u00fc&#8217;n\u00fcn bilinmesi gerekti\u011fini de s\u00f6yleyen K\u0131l\u0131\u00e7daro\u011flu \u015funlar\u0131 kaydetti:<\/p>\n<p>&#8220;Bir \u015feyi unutmay\u0131n; bir siyaset\u00e7i iktidar oldu\u011funda, mal varl\u0131\u011f\u0131nda art\u0131\u015f varsa bilin ki o mal\u0131 g\u00f6t\u00fcr\u00fcyor. Dolay\u0131s\u0131yla ne yapar bu siyaset\u00e7i, vatanda\u015f\u0131n hakk\u0131n\u0131 hukukun de\u011fil kendi mal varl\u0131\u011f\u0131n\u0131 korumaya ba\u015flar. Bunu kim s\u00f6ylemi\u015f? 2 bin 400 y\u0131l \u00f6nce bir bilim insan\u0131 s\u00f6ylemi\u015f. Bir siyaset\u00e7i g\u00f6rev yaparken mal varl\u0131\u011f\u0131nda niye b\u00fcy\u00fck art\u0131\u015flar olur? Siz inan\u00e7l\u0131 insanlars\u0131n\u0131z. Y\u00fcce Yaradan ne diyor?  &#8216;Kul hakk\u0131yla kar\u015f\u0131ma gelme, g\u00fcnahlar\u0131 affedebilirim&#8217; diyor &#8216;Ama kul hakk\u0131yla kar\u015f\u0131ma gelme onu affetmem&#8217; diyor. Bir siyaset\u00e7i devleti y\u00f6netirken 85 milyonun paras\u0131n\u0131 kullan\u0131r, 85 milyonun paras\u0131n\u0131 do\u011fru kullanmaz ve kendisine \u00f6zel mal varl\u0131\u011f\u0131 edinirse, kul hakk\u0131 yemektir bu. Vatanda\u015f\u0131n hakk\u0131n\u0131 hukukunu yemektir bu.&#8221;<\/p>\n<p>&#8220;Adaletin olmad\u0131\u011f\u0131 bir yerde devlet dedi\u011finiz kurumda \u00e7\u00fcr\u00fcme ba\u015flar&#8221;<\/p>\n<p>Muhtarl\u0131k kurumunun s\u0131radan bir kurum olmad\u0131\u011f\u0131n\u0131 ve muhtarlar\u0131n ayn\u0131 zamanda toplum i\u00e7erisinde kanaat \u00f6nderleri oldu\u011funu dile getiren K\u0131l\u0131\u00e7daro\u011flu &#8220;Dolay\u0131s\u0131yla bulundu\u011funuz makamda ayn\u0131 zamanda adaleti de temsil ediyorsunuz. \u0130ster k\u00f6yde ister mahallede herkese e\u015fit davranmak zorundas\u0131n\u0131z. E\u015fit davranmazsan\u0131z g\u00f6revinizi yapmam\u0131\u015f olursunuz. Ben bizim belediye ba\u015fkanlar\u0131n\u0131 s\u00f6yledim. Se\u00e7ildi\u011finiz andan itibaren g\u00f6\u011fs\u00fcn\u00fczdeki CHP rozetini \u00e7\u0131kar\u0131n, art\u0131k size oy versin vermesin, b\u00fct\u00fcn vatanda\u015flara e\u015fit davran\u0131n. Sadece fakir mahallelere pozitif ayr\u0131mc\u0131l\u0131k yap\u0131n. O mahallelerde ya\u015fayan insanlar da di\u011fer mahallelerde ya\u015fayan insanlar gibi huzur i\u00e7inde ya\u015fayabilmeli ve o mahallelerden ba\u015flayarak kre\u015fler yap\u0131n. Anne \u00e7ocu\u011funu getirsin, g\u00fcven i\u00e7erisinde kre\u015fe teslim etsin diye. B\u00fct\u00fcn bunlar\u0131 yapmak m\u00fcmk\u00fcnd\u00fcr. Ve yine unutmaman\u0131z gereken bir \u015fey daha var. Devletin dini adalettir. Adaletin olmad\u0131\u011f\u0131 bir yerde devlet dedi\u011finiz kurumda \u00e7\u00fcr\u00fcme ba\u015flar&#8221; ifadelerini kulland\u0131.<\/p>\n<p>&#8220;Adaletin olmad\u0131\u011f\u0131n\u0131 ben de\u011fil Yarg\u0131tay Ba\u015fkan\u0131 s\u00f6yl\u00fcyor&#8221;<\/p>\n<p>En alt kademeden en \u00fcst kademeye kadar devleti y\u00f6netenlerin de adil olmas\u0131 gerekti\u011fini ifade eden K\u0131l\u0131\u00e7daro\u011flu, &#8220;Sizler muhtar olarak y\u00f6netirken, Belediye ba\u015fkan\u0131 y\u00f6netirken adil davranmak zorundad\u0131r. Devleti y\u00f6netenler de adil davranmak zorundad\u0131rlar. Adaletin olmad\u0131\u011f\u0131 bir yerde huzur olmaz, bereket olmaz. Bana s\u00f6yler misiniz Allah a\u015fk\u0131na bu \u00fclkede adalet var m\u0131d\u0131r? Adaletin olmad\u0131\u011f\u0131n\u0131 ben de\u011fil Yarg\u0131tay Ba\u015fkan\u0131 s\u00f6yl\u00fcyor zaten. &#8216;Adalete olan g\u00fcven y\u00fczde 30&#8217;a d\u00fc\u015ft\u00fc&#8217; diyor. Yani vatanda\u015f\u0131n y\u00fczde 70&#8217;i &#8216;adalet yoktur&#8217; diyor. Ben de\u011fil, adaletin ba\u015f\u0131nda olan ki\u015fi bunu s\u00f6yl\u00fcyor. O zaman bu \u00fclkede huzuru getireceksek \u00f6nce adalet i\u00e7in m\u00fccadele etmek zorunday\u0131z. Adaleti getirmek zorunday\u0131z. Adaletin olmad\u0131\u011f\u0131 yerde a\u00e7l\u0131k olur, sefalet olur. Bu \u00fclkede derin yoksulluk var m\u0131, var. \u00c7ocuklar\u0131n\u0131 yata\u011fa a\u00e7 yat\u0131ran anneler var m\u0131, var. \u00dcniversiteyi bitiren i\u015fsiz evlatlar\u0131m\u0131z var m\u0131, var. Peki, adalet midir, hak m\u0131d\u0131r, hukuk mudur? Bana g\u00f6rev d\u00fc\u015f\u00fcyor ben bunlar\u0131 dillendiriyorum. Ama size de g\u00f6rev d\u00fc\u015f\u00fcyor. Eski al\u0131\u015fkanl\u0131klar\u0131n\u0131z\u0131 b\u0131rakmak zorundas\u0131n\u0131z. T\u00fcrkiye bir \u00e7\u00fcr\u00fcmenin i\u00e7inde s\u00fcratle gidiyor. Kimin ne yapt\u0131\u011f\u0131 belli de\u011fil, kimin eli kimin cebinde belli de\u011fil. Allah nasip ederse onlar\u0131n tamam\u0131n\u0131 \u00e7\u00f6zece\u011fiz.  \u00dclkede uyu\u015fturucu baronlar\u0131 ko\u015fturuyor. Uyu\u015fturucu belas\u0131 bu kadar derinden ya\u015fanmam\u0131\u015ft\u0131 bu topraklarda. Bu karamsar atmosferi beraber de\u011fi\u015ftirmek zorunday\u0131z.&#8221; dedi.<\/p>\n<p>&#8220;Tar\u0131m, hayvanc\u0131l\u0131k zarar ediyor&#8221;<\/p>\n<p>T\u00fcrkiye&#8217;nin tar\u0131m ve hayvanc\u0131l\u0131k konusunda d\u0131\u015fa ba\u011f\u0131ml\u0131 hale geldi\u011fini s\u00f6yleyen K\u0131l\u0131\u00e7daro\u011flu, &#8220;Y\u0131ll\u0131k tar\u0131m \u00fcr\u00fcn\u00fc ihracat\u0131 180 milyar dolar\u0131n \u00fczerinde. Devasa T\u00fcrkiye&#8217;ye bak\u0131n. T\u00fct\u00fcn ekip ihra\u00e7 ederdik \u015fimdi t\u00fct\u00fcn\u00fc, mercime\u011fi, fasulyeyi, pamu\u011fu, eti, canl\u0131 hayvan\u0131 ithal ediyoruz. Bu T\u00fcrkiye&#8217;yi iyi y\u00f6netmek midir? El aleme avu\u00e7 mu a\u00e7mak gerekiyor?&#8221; diye konu\u015ftu.<\/p>\n<p>&#8220;\u00c7ift\u00e7inin bu iktidardan 273 milyar lira alaca\u011f\u0131 var&#8221;<\/p>\n<p>\u00c7ift\u00e7inin, kanunla tan\u0131nan milli gelirin en az y\u00fczde 1&#8217;i olan pay\u0131n\u0131 alamad\u0131\u011f\u0131n\u0131 s\u00f6zlerine ekleyen K\u0131l\u0131\u00e7daro\u011flu, &#8220;Bug\u00fcne kadar bu para y\u00fczde 1 olarak hi\u00e7 verilmedi. \u00c7ift\u00e7inin bu iktidardan 273 milyar lira alaca\u011f\u0131 var. Siz istediniz mi alaca\u011f\u0131n\u0131z\u0131 muhtar arkada\u015flar\u0131m, \u00e7ift\u00e7ilik yap\u0131yorsan\u0131z. &#8216;Kanunun o maddesi neden uygulanmad\u0131&#8217; diye sordunuz mu? Sorarsak T\u00fcrkiye d\u00fczelecek. &#8216;Kanun bana bu hakk\u0131 vermi\u015f, sen b\u00fct\u00e7eden bu kadar para ay\u0131racaks\u0131n ve bunu bana vereceksin&#8217; diyor. Niye vermiyorsun bana? Elinizden tutan m\u0131 var, nereye gidiyor bu paralar? &#8216;Be\u015fli \u00e7eteler&#8217; diyorum k\u0131yamet kopuyor. &#8216;Be\u015fli \u00e7etelerden o paray\u0131 alaca\u011f\u0131m&#8217; diyorum k\u0131yamet kopuyor. S\u00f6z veriyorum sizin huzurunuzda, muhtarlar\u0131n huzurunda, bu milleti soyup so\u011fana \u00e7eviren o be\u015fli \u00e7etelerden o paralar\u0131n tamam\u0131n\u0131 alaca\u011f\u0131m, fakir fukaraya verece\u011fim&#8221; ifadelerine yer verdi.<\/p>\n<p>\u00c7ift\u00e7iye mazotu \u00d6TV&#8217;siz ve KDV&#8217;siz verece\u011fini s\u00f6yleyen K\u0131l\u0131\u00e7daro\u011flu, T\u00fcrkiye&#8217;nin kendi elektri\u011fini kendisi \u00fcretecek g\u00fc\u00e7te oldu\u011funa da vurgu yapt\u0131.<\/p>\n<p>K\u0131rsalda ya\u015fayan \u00fcreticiler i\u00e7in hayata ge\u00e7irecekleri hizmetleri anlatan K\u0131l\u0131\u00e7daro\u011flu, &#8220;K\u0131rsalda b\u00fct\u00fcn okullar\u0131 a\u00e7aca\u011f\u0131z, k\u00f6y okullar\u0131n\u0131 a\u00e7aca\u011f\u0131z. \u00d6\u011fretmeniniz olacak, imam\u0131n\u0131z olacak, hayvanc\u0131l\u0131k yap\u0131yorsa bir veterinerimiz olacak, e\u011fer ziraatla u\u011fra\u015f\u0131l\u0131yorsa ziraat m\u00fchendisi, ziraat teknisyeni olacak. Toprak analizleri yap\u0131lacak, hayvanlar\u0131n\u0131z\u0131n a\u015f\u0131lar\u0131 d\u00fczenli olarak yap\u0131lacak. B\u00fct\u00fcn bunlar\u0131 devlet oturup yapacak. Bunu yapt\u0131\u011f\u0131n\u0131z zaman \u00fcretim de artar. Vahap Se\u00e7er Ba\u015fkan\u0131m\u0131z dedi ki; &#8216;Muhtarlarla belediye aras\u0131nda zorunlu bir a\u015fk hikayesi vard\u0131r&#8217;. Do\u011frudur, bu dayan\u0131\u015fma ile olur. Dayan\u0131\u015fma ile beraber birlikte olur. Bu dayan\u0131\u015fmay\u0131 g\u00f6sterdi\u011fi i\u00e7in tekrar Ba\u015fkana te\u015fekk\u00fcr ederim. &#8216;Derin yoksulluk var&#8217; dendi. Evet derin yoksulluk var. Bunu da \u00e7\u00f6zece\u011fiz.  &#8216;Aile destekleri sigortas\u0131&#8217; diye bir sigorta getirece\u011fiz. Bu primsiz olacak. B\u00fct\u00fcn aileler,  fakir ailelerin banka hesaplar\u0131na, kad\u0131n\u0131n banka hesab\u0131na para yat\u0131raca\u011f\u0131z. Asgari \u00fccret kadar para yat\u0131raca\u011f\u0131z&#8221; dedi.<\/p>\n<p>&#8220;100 bin \u00f6\u011fretmen atayaca\u011f\u0131z&#8221;<\/p>\n<p>Dar gelirliye yap\u0131lan yard\u0131mlar\u0131 rencide etmeyecek \u015fekilde yapacaklar\u0131n\u0131 ifade eden K\u0131l\u0131\u00e7daro\u011flu,  &#8220;Derin yoksunlu\u011fu bitirece\u011fiz. Bu topraklarda hi\u00e7bir \u00e7ocuk yata\u011fa a\u00e7 girmeyecek. Bu konuda kararl\u0131y\u0131z. Batman&#8217;dan gelen arkada\u015f\u0131m\u0131z i\u015fsizlik s\u0131k\u0131nt\u0131s\u0131n\u0131 s\u00f6yledi. Cumhuriyetin 100. y\u0131l\u0131nda iktidar oldu\u011fumuzda 100 bin yeni \u00f6\u011fretmen atamas\u0131 yapaca\u011f\u0131z. Diyeceksiniz ki 100 bin atamay\u0131 nereden buldunuz? Say\u0131\u015ftay raporlar\u0131 var; &#8216;138 bin \u00f6\u011fretmen a\u00e7\u0131\u011f\u0131 var&#8217; diyor. Biz 100 bini atayaca\u011f\u0131z, arkas\u0131ndan k\u00f6y okullar\u0131n\u0131 da a\u00e7t\u0131ktan sonra ikinci 100 bin \u00f6\u011fretmeni ataca\u011f\u0131z&#8221; diye konu\u015ftu.<\/p>\n<p>&#8216;Aile Destekleri Sigortas\u0131&#8217;n\u0131 detayland\u0131ran K\u0131l\u0131\u00e7daro\u011flu,  &#8220;Nerede bir aile hekimi varsa orada sosyal hizmet uzmanlar\u0131 olacak. B\u00fct\u00fcn ailelerin durumunu g\u00f6zden ge\u00e7irecekler. Fakir, engelli, ya\u015fl\u0131 var m\u0131, \u00fcniversiteye giden \u00e7ocu\u011fu var m\u0131, ka\u00e7 \u00e7ocuklu, ihtiyac\u0131 var m\u0131 yok mu? Sosyal hizmet uzmanlar\u0131 bunlar\u0131 raporlayacaklar, o rapora g\u00f6re Ankara&#8217;dan kad\u0131n\u0131n banka hesab\u0131na her ay d\u00fczenli bir para gelecek. Dolay\u0131s\u0131yla bir ki\u015finin ya da bir ailenin yoksullu\u011funu sadece devlet ve orada onun evine giren \u00e7\u0131kan sosyal hizmet uzman\u0131 bilecek. Veterinerler, ziraat m\u00fchendisleri, ziraat teknisyenleri, orman m\u00fchendisleri atanacak. B\u00fct\u00fcn bunlar\u0131n alt yap\u0131lar\u0131 b\u00fcy\u00fck \u00f6l\u00e7\u00fcde bitti&#8221; dedi.<\/p>\n<p> &#8220;T\u00fcrkiye&#8217;yi aile \u015firketini \u00e7evirdiler&#8221;<\/p>\n<p>Hasankeyf&#8217;ten gelen belediye ba\u015fkan yard\u0131mc\u0131s\u0131n\u0131n &#8220;Partiyi aile \u015firketine \u00e7evirdiler&#8221; c\u00fcmlesi \u00fczerine de konu\u015fan K\u0131l\u0131\u00e7daro\u011flu, s\u00f6zlerine \u015fu \u015fekilde devam etti:<\/p>\n<p>&#8220;T\u00fcrkiye&#8217;yi aile \u015firketini \u00e7evirdiler. &#8216;Biz devleti \u015firket gibi y\u00f6netece\u011fiz&#8217; demiyor muydu? Bak\u0131n karde\u015flerim burada bir vak\u0131f kuruyorsunuz bir de Amerika&#8217;da bir vak\u0131f kuruyorsunuz, ikisinin de ba\u015f\u0131nda sizin \u00e7ocuklar\u0131n\u0131z. Buradan milyon dolarlar al\u0131yorsunuz Amerika&#8217;daki vakfa g\u00f6nderiyorsunuz. Ne yap\u0131yorlar. Manhattan; d\u00fcnyan\u0131n en pahal\u0131 adas\u0131d\u0131r. Orada g\u00f6kdelen yap\u0131yorsunuz. Ni\u00e7in, neden, hangi gerek\u00e7eyle, kimin paras\u0131yla? Onlar\u0131n tamam\u0131n\u0131 T\u00fcrkiye getirece\u011fim g\u00f6receksiniz&#8221; ifadelerini kulland\u0131.<\/p>\n<p>&#8220;Her plan rant yarat\u0131r ama rant\u0131n halk i\u00e7in kullan\u0131lmas\u0131 laz\u0131m&#8221;<\/p>\n<p>\u015eehirlerde rant yarat\u0131ld\u0131\u011f\u0131n\u0131 s\u00f6yleyen CHP Lideri K\u0131l\u0131\u00e7daro\u011flu, &#8220;Bir \u015fehir rant yarat\u0131r. Rant yaratmayan hi\u00e7bir \u015fehir yoktur. B\u00fcy\u00fck bir cadde yapars\u0131n\u0131z. Caddenin iki taraf\u0131ndaki binalar\u0131n, dairelerin fiyat\u0131 artar. Sorun \u015fu; rant\u0131 kazananlar, rant\u0131 kimin i\u00e7in harcayacaks\u0131n\u0131z? Rant\u0131 kentin sakinleri i\u00e7in harcarsan\u0131z, eyvallah. Rant\u0131 al\u0131r cebinize koyarsan\u0131z i\u015fte orada &#8216;Dur&#8217; dememiz laz\u0131m. Her plan rant yarat\u0131r ama rant\u0131n halk i\u00e7in kullan\u0131lmas\u0131 laz\u0131m&#8221; diye konu\u015ftu.<\/p>\n<p>Bir muhtar\u0131n g\u00f6\u00e7menlerle ilgili de\u011ferlendirmesi ile ilgili K\u0131l\u0131\u00e7daro\u011flu, &#8220;T\u00fcrkiye&#8217;de bir il hari\u00e7 b\u00fct\u00fcn illerde g\u00f6\u00e7menler, Suriyeliler, Afganlar var. Bir sorun ya\u015fad\u0131lar, T\u00fcrkiye geldiler, eyvallah ama onlar\u0131n yolunu, okulunu, k\u00f6pr\u00fcs\u00fcn\u00fc, kre\u015fini, hastanesini yaparak onlar\u0131 en ge\u00e7 2 y\u0131l i\u00e7erisinde kendi \u00fclkelerine g\u00f6nderece\u011fiz. Bundan emin olman\u0131z\u0131 istiyorum. Kimin paras\u0131yla nas\u0131l yapacaks\u0131n\u0131z diye hakl\u0131 olarak akl\u0131n\u0131za o soru gelebilir. AB&#8217;den elde etti\u011fimiz fonlarla bizim m\u00fcteahhitler gidip onlar\u0131n tamam\u0131n\u0131 yapacaklar. Bu konuyu ben hem AB yetkilileriyle g\u00f6r\u00fc\u015ft\u00fcm hem Suriye&#8217;den ka\u00e7\u0131p gelen s\u0131\u011f\u0131nmac\u0131lar\u0131n yetkilileri ile de g\u00f6r\u00fc\u015ft\u00fcm. Bunu \u00e7\u00f6zebiliriz, hi\u00e7 kimse endi\u015fe etmesin&#8221; dedi.<\/p>\n<p>&#8220;B\u00fct\u00fcn farkl\u0131l\u0131klar\u0131m\u0131z\u0131 zenginlik kabul etti\u011fimiz andan itibaren T\u00fcrkiye&#8217;yi h\u0131zla b\u00fcy\u00fctebiliriz&#8221;<\/p>\n<p>CHP Lideri K\u0131l\u0131\u00e7daro\u011flu, T\u00fcrkiye&#8217;nin \u00e7ok zengin bir k\u00fclt\u00fcre sahip oldu\u011funu, bunun ya\u015fat\u0131lmas\u0131 ve korunmas\u0131 gerekti\u011fini belirterek, \u015f\u00f6yle devam etti:<\/p>\n<p>&#8220;G\u00fczel bir \u015fehirdesiniz. Bing\u00f6l&#8217;\u00fcn Gen\u00e7 il\u00e7esinde ben ilkokul ve ortaokulu bitirdim. Benim \u00e7ocukluk an\u0131lar\u0131m oradad\u0131r. Hala oran\u0131n eskiden belediye ba\u015fkanl\u0131\u011f\u0131 yapan arkada\u015flarla zaman zaman g\u00f6r\u00fc\u015f\u00fcr\u00fcm. O b\u00f6lgenin de k\u00fclt\u00fcr\u00fcn\u00fcn buradan, yani Mersin&#8217;den \u00e7ok farkl\u0131 olmad\u0131\u011f\u0131n\u0131 biliyorum. Sevecen insanlar\u0131 var. Biz \u00e7ok ayr\u0131\u015ft\u0131k, \u00e7ok kavga ettik, kutupla\u015ft\u0131k. Art\u0131k T\u00fcrkiye&#8217;nin buradan \u00e7\u0131kmas\u0131 laz\u0131m. Do\u011fusu, bat\u0131s\u0131, g\u00fcneyi, kuzeyi hepimiz beraberiz. \u00c7ok zengin bir k\u00fclt\u00fcr\u00fcm\u00fcz var. Yemeklerimiz, oyun havalar\u0131m\u0131z yerden yere, b\u00f6lgeden b\u00f6lgeye de\u011fi\u015fiyor ve bizler b\u00fct\u00fcn farkl\u0131l\u0131klar\u0131m\u0131z\u0131 zenginlik kabul etti\u011fimiz andan itibaren T\u00fcrkiye&#8217;yi h\u0131zla b\u00fcy\u00fctebiliriz. Mesela \u015eanl\u0131urfa&#8217;n\u0131n hoyrat\u0131 var dinledi\u011fimiz zaman h\u00fcz\u00fcnleniriz. Karadeniz&#8217;in g\u00fczel oyun havalar\u0131 var zevkle, keyifle onu izleriz. \u00c7ok zengin bir k\u00fclt\u00fcr\u00fcm\u00fcz var. Yemekten tutun oyun havalar\u0131na, k\u00f6yden k\u00f6ye bunlar\u0131n neredeyse tamam\u0131 de\u011fi\u015fir. Dolay\u0131s\u0131yla bu zenginli\u011fin hem ya\u015fat\u0131lmas\u0131 hem korunmas\u0131 gerekiyor. Demokrasi i\u00e7inde b\u00fct\u00fcn bunlar\u0131 b\u00fct\u00fcn bu sorunlar\u0131 a\u015fmak m\u00fcmk\u00fcn.&#8221;<\/p>\n<p>Mersin ve Adana&#8217;n\u0131n yan\u0131 s\u0131ra Do\u011fu Anadolu ve G\u00fcneydo\u011fu Anadolu illerinden gelen muhtarlar\u0131n da kat\u0131ld\u0131\u011f\u0131 bulu\u015fmada CHP Genel Ba\u015fkan\u0131 K\u0131l\u0131\u00e7daro\u011flu, CHP&#8217;ye kat\u0131lan muhtarlara parti rozetlerini takt\u0131.<\/p>\n","protected":false},"excerpt":{"rendered":"<p>Cumhuriyet Halk Partisi Lideri Kemal K\u0131l\u0131\u00e7daro\u011flu, Mersin B\u00fcy\u00fck\u015fehir Belediyesi&#8217;nin ev sahipli\u011finde d\u00fczenlenen &#8217;41 Yeni A\u00e7\u0131l\u0131\u015f, 41 Kere Ma\u015fallah&#8217; mottosuyla ger\u00e7ekle\u015ftirdi\u011fi a\u00e7\u0131l\u0131\u015flar\u0131n 7.&#8217;si olan &#8216;Toplu Ta\u015f\u0131ma Yerle\u015fkesi&#8217; a\u00e7\u0131l\u0131\u015f\u0131na kat\u0131lmak i\u00e7in Mersin&#8217;e &hellip; <a href=\"https:\/\/akdenizolaygazetesi.com\/?p=23788\" class=\"more-link\">Devam\u0131n\u0131 Oku&#8230;<\/a><\/p>\n","protected":false},"author":2,"featured_media":23789,"comment_status":"open","ping_status":"open","sticky":false,"template":"","format":"standard","meta":[],"categories":[34,2,3,5,6],"tags":[],"_links":{"self":[{"href":"https:\/\/akdenizolaygazetesi.com\/index.php?rest_route=\/wp\/v2\/posts\/23788"}],"collection":[{"href":"https:\/\/akdenizolaygazetesi.com\/index.php?rest_route=\/wp\/v2\/posts"}],"about":[{"href":"https:\/\/akdenizolaygazetesi.com\/index.php?rest_route=\/wp\/v2\/types\/post"}],"author":[{"embeddable":true,"href":"https:\/\/akdenizolaygazetesi.com\/index.php?rest_route=\/wp\/v2\/users\/2"}],"replies":[{"embeddable":true,"href":"https:\/\/akdenizolaygazetesi.com\/index.php?rest_route=%2Fwp%2Fv2%2Fcomments&post=23788"}],"version-history":[{"count":1,"href":"https:\/\/akdenizolaygazetesi.com\/index.php?rest_route=\/wp\/v2\/posts\/23788\/revisions"}],"predecessor-version":[{"id":23790,"href":"https:\/\/akdenizolaygazetesi.com\/index.php?rest_route=\/wp\/v2\/posts\/23788\/revisions\/23790"}],"wp:featuredmedia":[{"embeddable":true,"href":"https:\/\/akdenizolaygazetesi.com\/index.php?rest_route=\/wp\/v2\/media\/23789"}],"wp:attachment":[{"href":"https:\/\/akdenizolaygazetesi.com\/index.php?rest_route=%2Fwp%2Fv2%2Fmedia&parent=23788"}],"wp:term":[{"taxonomy":"category","embeddable":true,"href":"https:\/\/akdenizolaygazetesi.com\/index.php?rest_route=%2Fwp%2Fv2%2Fcategories&post=23788"},{"taxonomy":"post_tag","embeddable":true,"href":"https:\/\/akdenizolaygazetesi.com\/index.php?rest_route=%2Fwp%2Fv2%2Ftags&post=23788"}],"curies":[{"name":"wp","href":"https:\/\/api.w.org\/{rel}","templated":true}]}}