{"id":23791,"date":"2023-01-28T10:36:47","date_gmt":"2023-01-28T07:36:47","guid":{"rendered":"http:\/\/akdenizolaygazetesi.com\/?p=23791"},"modified":"2023-01-28T10:36:47","modified_gmt":"2023-01-28T07:36:47","slug":"chp-lideri-kilicdaroglu-belediye-baskanlarimiz-harcadiklari-her-kurusun-hesabini-veriyorlar","status":"publish","type":"post","link":"https:\/\/akdenizolaygazetesi.com\/?p=23791","title":{"rendered":"CHP L\u0130DER\u0130 KILI\u00c7DARO\u011eLU: &#8220;BELED\u0130YE BA\u015eKANLARIMIZ HARCADIKLARI HER KURU\u015eUN HESABINI VER\u0130YORLAR&#8221;"},"content":{"rendered":"<p>Mersin B\u00fcy\u00fck\u015fehir Belediyesi&#8217;nin &#8220;Mersin Y\u00fckseliyor, 41 Kere M\u00fcjde, 41 Yeni A\u00e7\u0131l\u0131\u015f&#8221;   mottosuyla ba\u015flatt\u0131\u011f\u0131 a\u00e7\u0131l\u0131\u015flar\u0131n 7.&#8217;si &#8216;Toplu Ta\u015f\u0131ma Yerle\u015fkesi&#8217; oldu.  CHP Genel Ba\u015fkan\u0131 Kemal K\u0131l\u0131\u00e7daro\u011flu&#8217;nun kat\u0131l\u0131m\u0131yla, 272 yeni otob\u00fcs\u00fcn son 41 adedi de teslim al\u0131n\u0131rken, i\u00e7inde modern \u0130zleme Koordinasyon Merkezi&#8217;nin yer ald\u0131\u011f\u0131 otob\u00fcs yerle\u015fkesi a\u00e7\u0131ld\u0131.<\/p>\n<p>A\u00e7\u0131l\u0131\u015f t\u00f6renine CHP Genel Ba\u015fkan Yard\u0131mc\u0131s\u0131 Seyit Torun, Adana B\u00fcy\u00fck\u015fehir Belediye Ba\u015fkan\u0131 Zeydan Karalar, milletvekilleri, il\u00e7e belediye ba\u015fkanlar\u0131, Millet \u0130ttifak\u0131 partilerinin il ba\u015fkanlar\u0131 da kat\u0131ld\u0131.<\/p>\n<p>&#8220;Millet ittifak\u0131 olarak adaleti ve hukuku getirece\u011fiz&#8221;<\/p>\n<p>A\u00e7\u0131l\u0131\u015fta konu\u015fan CHP Genel Ba\u015fkan\u0131 Kemal K\u0131l\u0131\u00e7o\u011flu, vatanda\u015flara seslenerek, &#8220;Hi\u00e7 endi\u015fe etmeyin, Millet ittifak\u0131 olarak bu \u00fclkeye ger\u00e7ek anlamda adaleti ve hukuku getirece\u011fiz. Biz toplumda asla ve asla ayr\u0131mc\u0131l\u0131k yapmay\u0131z. Bu \u00fclkede bayra\u011f\u0131m\u0131z\u0131n alt\u0131nda, herkesin huzur i\u00e7erisinde ya\u015famas\u0131n\u0131 isteriz. Hi\u00e7 kimseyi, kimli\u011finden, ya\u015fam tarz\u0131ndan \u00f6t\u00fcr\u00fc ayr\u0131mc\u0131l\u0131k yapmadan kucaklayaca\u011f\u0131z&#8221; dedi.<\/p>\n<p>T\u00fcrkiye&#8217;de devletin yap\u0131lanmas\u0131nda ciddi bir \u00e7\u00fcr\u00fcmenin oldu\u011funu s\u00f6yleyen K\u0131l\u0131\u00e7daro\u011flu, &#8220;Mafyan\u0131n devlet y\u00f6netiminde zaman zaman etkin oldu\u011funu, baz\u0131 gruplar\u0131n iktidar sahipleri ile birlikte foto\u011fraflar \u00e7ektirdi\u011fini de biliyoruz. Emin olun ister ad\u0131 &#8216;be\u015fli \u00e7ete&#8217; olsun, ister &#8216;uyu\u015fturucu baronlar\u0131&#8217; olsun. Bu \u00fclkeden tamam\u0131n\u0131n k\u00f6k\u00fcn\u00fc kaz\u0131yaca\u011f\u0131m. Y\u00fcce Allah&#8217;tan ba\u015fka korkacak hi\u00e7bir \u015feyimiz yoktur bizim&#8221; diye konu\u015ftu.<\/p>\n<p>&#8220;Kavgan\u0131n \u00fclkeye hi\u00e7bir yarar\u0131 yok&#8221;<\/p>\n<p>T\u00fcrkiye&#8217;nin d\u00fcnyan\u0131n en g\u00fczel \u00fclkesi oldu\u011funu ve \u00fclkede huzur i\u00e7inde ya\u015famak istediklerini belirten K\u0131l\u0131\u00e7daro\u011flu, &#8220;Elbette ki bask\u0131lar ve tehditler geliyor. Ama \u015funu bilin, v\u0131z gelir, t\u0131r\u0131s gider. Asla ve asla \u00f6d\u00fcn vermeyece\u011fiz. T\u00fcrkiye&#8217;de beraber ya\u015famak istiyoruz. Kad\u0131n\u0131 erke\u011fiyle, ya\u015fl\u0131s\u0131 genciyle birlikte ya\u015famak istiyoruz. Kavgan\u0131n bu \u00fclkeye getirdi\u011fi hi\u00e7bir yarar yok. Kavgan\u0131n sadece ve sadece h\u00fcz\u00fcn ve ac\u0131 getirdi\u011fini biliyoruz. O zaman niye kavga ediyoruz? Siyaset\u00e7iler kavga ettiriyorlar. Kavgadan medet umuyorlar&#8221; diyerek \u00fclkeye ger\u00e7ek anlamda huzuru getirmek i\u00e7in m\u00fccadele edece\u011fini vurgulad\u0131.<\/p>\n<p>&#8220;Belediye Ba\u015fkanlar\u0131m\u0131z her kuru\u015fun hesab\u0131n\u0131 veriyorlar&#8221;<\/p>\n<p>CHP&#8217;li belediye ba\u015fkanlar\u0131\u0131n\u0131n harcad\u0131klar\u0131 her kuru\u015f i\u00e7in  halka hesap verdiklerini hat\u0131rlatan K\u0131l\u0131\u00e7daro\u011flu &#8220;Belediye Ba\u015fkan\u0131 arkada\u015flar\u0131ma \u015funu s\u00f6yledim, &#8216;Harcad\u0131\u011f\u0131n\u0131z para sizin paran\u0131z de\u011fil, vatanda\u015f\u0131n paras\u0131. Harcad\u0131\u011f\u0131n\u0131z her kuru\u015fun hesab\u0131n\u0131 millete verdi\u011finiz zaman, Belediye Ba\u015fkan\u0131 ile halk aras\u0131nda sa\u011fl\u0131kl\u0131 bir g\u00fcven ili\u015fkisi do\u011far&#8217; dedim. Bir siyaset\u00e7i i\u00e7in en \u00f6nemli g\u00f6rev halk\u0131na hesap vermektir. Halk\u0131na hesap veremeyen veya hesap vermekten ka\u00e7\u0131nan bir siyasal lider, bilin ki mal\u0131 g\u00f6t\u00fcr\u00fcyordur. Ona izin vermeyece\u011fim&#8221; ifadelerini kulland\u0131.<\/p>\n<p>&#8220;Yeter art\u0131k dememiz laz\u0131m&#8221;<\/p>\n<p>\u00dclkede ya\u015fayan insanlar\u0131n ferasetine g\u00fcvendi\u011fini s\u00f6yleyen K\u0131l\u0131\u00e7daro\u011flu, &#8220;Yeter art\u0131k dememiz laz\u0131m. Yeter ya! Milleti soydunuz, milleti bat\u0131rd\u0131n\u0131z. A\u00e7l\u0131k, sefalet diz boyu. T\u00fcrkiye&#8217;yi buradan \u00e7\u0131karaca\u011f\u0131z. Beraber, birlikte \u00e7\u0131karaca\u011f\u0131z. Onurumuzla ve gururumuzla \u00e7\u0131karaca\u011f\u0131z. Sand\u0131\u011fa gidece\u011fiz, o oyu verece\u011fiz ve demokrasiden, insan haklar\u0131ndan yana bir siyasal iktidar\u0131 getirece\u011fiz. O zaman g\u00f6receksiniz g\u00fczel bir T\u00fcrkiye nas\u0131l b\u00fcy\u00fcrm\u00fc\u015f, nas\u0131l kalk\u0131n\u0131rm\u0131\u015f, nas\u0131l y\u00f6netilirmi\u015f. Sadece b\u00f6lgemize de\u011fil d\u00fcnyaya da g\u00f6sterece\u011fiz&#8221; diye konu\u015ftu.<\/p>\n<p>&#8220;Lobilerin de\u011fil, vatanda\u015f\u0131n hakk\u0131n\u0131 savunaca\u011f\u0131z&#8221;<\/p>\n<p>\u00c7ift\u00e7inin ve \u00fcreticinin elektri\u011fe bedava ula\u015fabilmesi i\u00e7in neler yapacaklar\u0131n\u0131 anlatan K\u0131l\u0131\u00e7daro\u011flu, &#8220;Zengin bir \u00fclkeyiz, her t\u00fcrl\u00fc imkan\u0131m\u0131z var asl\u0131nda. Ta\u015f\u0131m\u0131z, topra\u011f\u0131m\u0131z her \u015fey bereketli. Allah&#8217;\u0131n g\u00fcne\u015fi bedava, panelleri yapars\u0131n\u0131z, elektrik \u00fcretirsiniz, kooperatifi kurars\u0131n\u0131z. \u00c7ift\u00e7i hem elektri\u011fi \u00fccretsiz kullan\u0131r, artan elektri\u011fi de satars\u0131n\u0131z \u00e7ift\u00e7i ayr\u0131ca gelir elde eder. Bunlar yapm\u0131yorlar. Neden? Lobilere teslim olmu\u015flar. Lobilere \u00e7al\u0131\u015f\u0131yorlar. Biz lobilerin de\u011fil vatanda\u015f\u0131n hakk\u0131n\u0131 ve hukukunu savunaca\u011f\u0131z&#8221; dedi.<\/p>\n<p>&#8220;\u00d6\u011frencilerin 1 TL&#8217;ye otob\u00fcse binmeleri son derece g\u00fczel&#8221;<\/p>\n<p>Mersin B\u00fcy\u00fck\u015fehir Belediyesi&#8217;nin yeni otob\u00fcslerini ve ula\u015f\u0131m\u0131n \u00f6\u011frencilere 1 TL olmas\u0131 hizmeti ile ilgili de de\u011ferlendirme yapan K\u0131l\u0131\u00e7daro\u011flu, &#8220;G\u00fczel otob\u00fcsler hizmete girecek, otob\u00fcslere bineceksiniz. \u00d6zellikle \u00f6\u011frencilerin 1 liraya o otob\u00fcse binmeleri de son derece g\u00fczel bir olay. Belediye Ba\u015fkan\u0131m\u0131z\u0131 bu \u00e7er\u00e7evede y\u00fcrekten kutluyorum&#8221; diye konu\u015ftu.<\/p>\n<p>&#8220;\u015eikayet ediyorsan\u0131z sand\u0131\u011fa gideceksiniz&#8221;<\/p>\n<p>Gen\u00e7lere seslenerek sand\u0131\u011fa gitmelerini isteyen K\u0131l\u0131\u00e7daro\u011flu, &#8220;6 milyona yak\u0131n gen\u00e7ten sand\u0131\u011fa gitmelerini istiyorum. E\u011fer bug\u00fcn \u015fikayet ediyorsan\u0131z sand\u0131\u011fa gideceksiniz. Demokrasiden yana oy kullanacaks\u0131n\u0131z. D\u00fcnyada bir ki\u015fiye teslim edilen devletler yok olmu\u015flard\u0131r. O nedenle biz ortak akl\u0131m\u0131z\u0131 kullanaca\u011f\u0131z. Beraber, birlikte, isti\u015fareyle y\u00f6netece\u011fiz. Sand\u0131\u011fa gidin. Oyunuzu kullan\u0131n, hep birlikte tek adam rejimini demokratik yollarla tarihe g\u00f6melim. Bu hepimizin \u00fcst\u00fcne d\u00fc\u015fen temel g\u00f6revdir&#8221; dedi.<\/p>\n<p>Se\u00e7er: &#8220;Anamur&#8217;dan \u00c7aml\u0131yayla&#8217;ya insanlar\u0131 ay\u0131rmadan hizmet yapt\u0131k&#8221;<\/p>\n<p>A\u00e7\u0131l\u0131\u015fta konu\u015fan Ba\u015fkan Se\u00e7er, CHP Genel Ba\u015fkan\u0131 Kemal K\u0131l\u0131\u00e7daro\u011flu&#8217;na &#8216;Say\u0131n Cumhurba\u015fkan\u0131m&#8217; diye seslenerek, g\u00f6reve geldi\u011finde kendisine verdi\u011fi tavsiyeleri anlatt\u0131. Bu tavsiyeler do\u011frultusunda g\u00f6reve geldikleri g\u00fcnden itibaren durmadan \u00e7al\u0131\u015ft\u0131klar\u0131n\u0131 belirten Ba\u015fkan Se\u00e7er, &#8220;Mersin halk\u0131na; Anamur&#8217;dan Tarsus&#8217;a kadar Mut&#8217;tan \u00c7aml\u0131yayla&#8217;ya kadar insanlar\u0131 ay\u0131rmadan, siyasetine, mezhebine, me\u015frebine, rengine, kimli\u011fine, tabiat\u0131na bakmadan hizmet yapt\u0131k. Onlar\u0131n yard\u0131mc\u0131s\u0131, onlar\u0131n sevgilisi, y\u00e2ri olduk, a\u00e7\u0131n sesini, ac\u0131s\u0131 olan\u0131n ac\u0131s\u0131n\u0131 duyduk&#8221; diye konu\u015ftu.<\/p>\n<p>B\u00fcy\u00fck\u015fehir&#8217;in sosyal politikalar konusunda bir\u00e7ok hizmeti hayata ge\u00e7irdi\u011fini s\u00f6yleyen Ba\u015fkan Se\u00e7er, &#8220;Ger\u00e7ekten her \u015feyi yap\u0131yoruz. Sizin \u00f6nem verdi\u011finiz gen\u00e7ler, kad\u0131nlar, \u00e7ocuklar; biz onlar\u0131 ba\u015f tac\u0131 yapt\u0131k, \u00e7ocuklar\u0131m\u0131z\u0131n iyi bir \u00fcniversiteye gitmesi i\u00e7in dershanesini d\u00fc\u015f\u00fcnd\u00fck, ders \u00e7al\u0131\u015fmalar\u0131n\u0131 sa\u011flayacak okuma salonlar\u0131 yapt\u0131k. 6 TL&#8217;ye yemek sunduk, \u00e7orba sunduk. A\u015fevi&#8217;nden en g\u00fczel, en sa\u011fl\u0131kl\u0131 yemekleri onlara g\u00f6nderdik Say\u0131n Genel Ba\u015fkan\u0131m&#8221; ifadelerini kulland\u0131. B\u00fcy\u00fck\u015fehir&#8217;in hi\u00e7bir ayr\u0131m yapmadan herkese dokundu\u011funu s\u00f6yleyen Ba\u015fkan Se\u00e7er, &#8220;Evde hastas\u0131 olanlar bilir. Vatanda\u015flar\u0131m\u0131z\u0131n belli ya\u015flar\u0131ndan sonra kimseye muhta\u00e7 olmamas\u0131 i\u00e7in onlar\u0131n evlad\u0131 olduk, hasta yurtta\u015flar\u0131m\u0131z\u0131n aya\u011f\u0131na kadar gidip onlar\u0131n bak\u0131m\u0131n\u0131 sa\u011flad\u0131k, Tabi bunlar insanlara y\u00f6nelik asl\u0131nda, insani hizmetler&#8221; dedi.<\/p>\n<p>&#8220;T\u00fcrkiye&#8217;nin en modern otob\u00fcs yerle\u015fkesi&#8221;<\/p>\n<p>G\u00f6reve geldiklerinde Mersinlilere verdikleri &#8216;Modern, \u00e7evre dostu, konforlu, vatanda\u015f\u0131n her t\u00fcrl\u00fc ihtiyac\u0131n\u0131 kar\u015f\u0131layacak 272 otob\u00fcs&#8217; s\u00f6z\u00fcn\u00fc ger\u00e7ekle\u015ftirmenin gururunu ya\u015fad\u0131klar\u0131n\u0131 belirten Ba\u015fkan Se\u00e7er, kalan 41 otob\u00fcs\u00fc de teslim alacaklar\u0131n\u0131 s\u00f6yleyerek, &#8220;Burada sadece son parti otob\u00fcs teslimat\u0131n\u0131 almayaca\u011f\u0131z. Burada art\u0131k T\u00fcrkiye&#8217;nin en modern otob\u00fcs yerle\u015fkesinde Mersinlilere hizmet verece\u011fiz. Burada her \u015fey var. Yok, yok; ama \u00e7evre dostu bir tesis, otob\u00fcslerimiz gibi. Ad\u0131 da &#8216;Limon&#8217;du otob\u00fcslerimizin. Onlara lay\u0131k bir ev haz\u0131rlad\u0131k. Burada bak\u0131mlar\u0131 yap\u0131lacak, burada y\u0131kanacak. &#8216;\u00c7evre dostu&#8217; dedik. Otob\u00fcsleri y\u0131kad\u0131\u011f\u0131m\u0131z sular\u0131 ar\u0131tarak i\u00e7me suyu kalitesinde tekrar kullanaca\u011f\u0131z&#8221; diye konu\u015ftu.<\/p>\n<p>Toplam 1 milyar 144 milyon TL<\/p>\n<p>Otob\u00fcslerin \u00f6nemli bir \u00f6zelli\u011fi daha oldu\u011funa dikkat \u00e7eken Ba\u015fkan Se\u00e7er, \u00f6zellikle \u00f6\u011frenciler i\u00e7in b\u00fct\u00e7e dostu oldu\u011funa de\u011finerek, &#8220;Mersin&#8217;de \u00f6\u011frenciler otob\u00fcsle ka\u00e7 paraya seyahat ediyor? 1 lira. Bu s\u00f6z\u00fc 3 y\u0131l \u00f6nce vermi\u015fti Belediye Ba\u015fkan\u0131. \u00d6\u011frencilerimize demi\u015fti ki, &#8216;2024&#8217;e kadar otob\u00fcs \u00fccretlerinizde de\u011fi\u015fiklik yapmayaca\u011f\u0131z. 1 liraya, T\u00fcrkiye&#8217;de \u00f6\u011frencinin en ucuza ta\u015f\u0131nd\u0131\u011f\u0131 toplu ta\u015f\u0131ma ara\u00e7lar\u0131na bineceksiniz&#8217;. S\u00f6z\u00fcm\u00fcz\u00fc yerine getirdik. Onun onurunu, gururunu ya\u015f\u0131yoruz. Bu tesisin ve 272 otob\u00fcs\u00fcn g\u00fcncel de\u011ferlemesini yapt\u0131\u011f\u0131m\u0131z zaman buraya harcad\u0131\u011f\u0131m\u0131z para 1 milyar 144 milyon 48 bin TL. Mersinlilere, onlar\u0131n kaynaklar\u0131ndan, helal emeklerinden, vergilerinden aktard\u0131klar\u0131 paralardan harcad\u0131\u011f\u0131m\u0131z bu hizmet helali ho\u015f olsun&#8221; dedi.<\/p>\n<p>&#8220;Mersin&#8217;i metropol kent yapaca\u011f\u0131z&#8221;<\/p>\n<p>G\u00f6revde olduklar\u0131 s\u00fcrece Mersin&#8217;de huzurun ve karde\u015fli\u011fin hep hakim olaca\u011f\u0131n\u0131 vurgulayan Ba\u015fkan Se\u00e7er, &#8220;Burada vatanda\u015flar\u0131m\u0131z kendisini iyi hissedecek, sizin talimatlar\u0131n\u0131z, sizin tavsiyeleriniz do\u011frultusunda; ama bizim de hakk\u0131m\u0131z yenmesin. Bizim genetik kodlar\u0131m\u0131zda bu var zaten. Biz Ulu \u00d6nder Mustafa Kemal Atat\u00fcrk&#8217;\u00fcn kurdu\u011fu \u00fclkede, kurdu\u011fu partide belediye ba\u015fkanl\u0131\u011f\u0131 yap\u0131yoruz. Bizden daha ba\u015fka ne beklenebilir? Mersin&#8217;i metropol kent yapaca\u011f\u0131z&#8221; ifadelerini kulland\u0131.<\/p>\n<p>&#8220;Mersin&#8217;i lay\u0131k oldu\u011fu yere getirece\u011fiz&#8221;<\/p>\n<p>CHP iktidar\u0131nda, Mersin&#8217;e yap\u0131lan hizmetin en az 4-5 kat\u0131n\u0131 hayata ge\u00e7ireceklerinin s\u00f6z\u00fcn\u00fc veren Ba\u015fkan Se\u00e7er, \u015f\u00f6yle devam etti: &#8220;Genel Ba\u015fkan\u0131m\u0131z Cumhurba\u015fkan\u0131m\u0131z oldu\u011funda partimiz, Millet \u0130ttifak\u0131yla birlikte iktidar oldu\u011funda bug\u00fcne kadar Mersin&#8217;e yapt\u0131\u011f\u0131m\u0131z hizmetlerin en az 4-5 kat\u0131n\u0131 yapaca\u011f\u0131z. O zaman T\u00fcrkiye&#8217;ye adalet gelecek, ayr\u0131mc\u0131l\u0131k ortadan kalkacak. Metro s\u00fcratle yap\u0131lacak. Bu s\u00f6z\u00fc veriyorum. Metronun temelini att\u0131k. 200 milyon TL&#8217;lik in\u015faat giderimiz oldu. \u00d6z kaynaklar\u0131m\u0131zdan kar\u015f\u0131lad\u0131k. Neden? \u00c7\u00fcnk\u00fc kredi kullanmam\u0131z engellendi. 17 aydan fazla bir s\u00fcredir imza bekliyor. Bunlar\u0131 a\u015faca\u011f\u0131z. Hi\u00e7 merak etmeyin. Mersin g\u00fc\u00e7l\u00fcd\u00fcr. Mersin \u00f6nemli bir kenttir. Mersin huzur kentidir. Mersin&#8217;i lay\u0131k oldu\u011fu yere getirece\u011fiz.&#8221; 4 ay sonraki se\u00e7imde Mersin&#8217;in demokrasi tarihine alt\u0131n harflerle yaz\u0131laca\u011f\u0131n\u0131 s\u00f6yleyen Ba\u015fkan Se\u00e7er, &#8220;Millet \u0130ttifak\u0131n\u0131n ve Millet \u0130ttifak\u0131n\u0131n destekledi\u011fi aday\u0131n en y\u00fcksek oy ald\u0131\u011f\u0131 yerlerin ba\u015f\u0131nda Mersin gelecek&#8221; ifadesini kulland\u0131.<\/p>\n<p>KARSAN CEO&#8217;su Okan Ba\u015f ise, &#8220;Mersin&#8217;in 2 y\u0131ldan daha az bir s\u00fcre i\u00e7erisinde T\u00fcrkiye&#8217;nin, bug\u00fcn en gen\u00e7, en y\u00fcksek teknolojili filosuna kavu\u015fmas\u0131ndan ve bunun bir par\u00e7as\u0131 olmaktan dolay\u0131 b\u00fcy\u00fck gurur duyuyoruz. Mersinlilere hay\u0131rl\u0131 olsun diyorum&#8221; dedi.<\/p>\n<p>Konu\u015fmalar\u0131n ard\u0131ndan CHP Genel Ba\u015fkan\u0131 Kemal K\u0131l\u0131\u00e7daro\u011flu beraberinde Mersin B\u00fcy\u00fck\u015fehir Belediye Ba\u015fkan\u0131 Vahap Se\u00e7er ve protokol\u00fcn di\u011fer \u00fcyeleri ile birlikte Ana Koordinasyon Merkezi&#8217;ni gezdi. K\u0131l\u0131\u00e7daro\u011flu&#8217;na burada Mersin B\u00fcy\u00fck\u015fehir Belediyesi Genel Sekreter Yard\u0131mc\u0131s\u0131 Tar\u0131k \u0130rde taraf\u0131ndan Ana Koordinasyon Merkezi hakk\u0131nda bilgi verildi.<\/p>\n<p>Toplu Ta\u015f\u0131ma Yerle\u015fkesi hakk\u0131nda<\/p>\n<p>B\u00fcy\u00fck\u015fehir Belediyesi taraf\u0131ndan, ME\u015eOT yan\u0131nda yer alan ve \u00f6nceden vah\u015fi depolama alan\u0131 olarak kullan\u0131lan arazi rehabilite edilip, yerine tam donan\u0131ml\u0131, \u00e7evreci bir yerle\u015fke in\u015fa edildi. Toplam 67 bin 837 metrekare alan \u00fczerinde 8 bin 416 metrekaresi kapal\u0131, 47 bin metrekaresi a\u00e7\u0131k alan olan Toplu Ta\u015f\u0131ma Yerle\u015fkesi i\u00e7erisinde; Mekanik At\u00f6lye, Ara\u00e7 Y\u0131kama, Sundurma Yap\u0131s\u0131 ve Pompa Odas\u0131, G\u00fcvenlik Binas\u0131 ve 1183 metrekarelik alan\u0131 ile Ana Koordinasyon Merkezi bulunuyor.<\/p>\n","protected":false},"excerpt":{"rendered":"<p>Mersin B\u00fcy\u00fck\u015fehir Belediyesi&#8217;nin &#8220;Mersin Y\u00fckseliyor, 41 Kere M\u00fcjde, 41 Yeni A\u00e7\u0131l\u0131\u015f&#8221; mottosuyla ba\u015flatt\u0131\u011f\u0131 a\u00e7\u0131l\u0131\u015flar\u0131n 7.&#8217;si &#8216;Toplu Ta\u015f\u0131ma Yerle\u015fkesi&#8217; oldu. CHP Genel Ba\u015fkan\u0131 Kemal K\u0131l\u0131\u00e7daro\u011flu&#8217;nun kat\u0131l\u0131m\u0131yla, 272 yeni otob\u00fcs\u00fcn son 41 &hellip; <a href=\"https:\/\/akdenizolaygazetesi.com\/?p=23791\" class=\"more-link\">Devam\u0131n\u0131 Oku&#8230;<\/a><\/p>\n","protected":false},"author":2,"featured_media":23792,"comment_status":"open","ping_status":"open","sticky":false,"template":"","format":"standard","meta":[],"categories":[2,3,5,11],"tags":[],"_links":{"self":[{"href":"https:\/\/akdenizolaygazetesi.com\/index.php?rest_route=\/wp\/v2\/posts\/23791"}],"collection":[{"href":"https:\/\/akdenizolaygazetesi.com\/index.php?rest_route=\/wp\/v2\/posts"}],"about":[{"href":"https:\/\/akdenizolaygazetesi.com\/index.php?rest_route=\/wp\/v2\/types\/post"}],"author":[{"embeddable":true,"href":"https:\/\/akdenizolaygazetesi.com\/index.php?rest_route=\/wp\/v2\/users\/2"}],"replies":[{"embeddable":true,"href":"https:\/\/akdenizolaygazetesi.com\/index.php?rest_route=%2Fwp%2Fv2%2Fcomments&post=23791"}],"version-history":[{"count":1,"href":"https:\/\/akdenizolaygazetesi.com\/index.php?rest_route=\/wp\/v2\/posts\/23791\/revisions"}],"predecessor-version":[{"id":23793,"href":"https:\/\/akdenizolaygazetesi.com\/index.php?rest_route=\/wp\/v2\/posts\/23791\/revisions\/23793"}],"wp:featuredmedia":[{"embeddable":true,"href":"https:\/\/akdenizolaygazetesi.com\/index.php?rest_route=\/wp\/v2\/media\/23792"}],"wp:attachment":[{"href":"https:\/\/akdenizolaygazetesi.com\/index.php?rest_route=%2Fwp%2Fv2%2Fmedia&parent=23791"}],"wp:term":[{"taxonomy":"category","embeddable":true,"href":"https:\/\/akdenizolaygazetesi.com\/index.php?rest_route=%2Fwp%2Fv2%2Fcategories&post=23791"},{"taxonomy":"post_tag","embeddable":true,"href":"https:\/\/akdenizolaygazetesi.com\/index.php?rest_route=%2Fwp%2Fv2%2Ftags&post=23791"}],"curies":[{"name":"wp","href":"https:\/\/api.w.org\/{rel}","templated":true}]}}