{"id":23794,"date":"2023-01-28T18:23:35","date_gmt":"2023-01-28T15:23:35","guid":{"rendered":"http:\/\/akdenizolaygazetesi.com\/?p=23794"},"modified":"2023-01-28T18:23:35","modified_gmt":"2023-01-28T15:23:35","slug":"turk-hava-kurumu-genel-baskanindan-nezaket-ziyareti","status":"publish","type":"post","link":"https:\/\/akdenizolaygazetesi.com\/?p=23794","title":{"rendered":"T\u00fcrk Hava Kurumu Genel Ba\u015fkan\u0131ndan nezaket ziyareti"},"content":{"rendered":"<p>T\u00fcrk Hava Kurumu Genel Ba\u015fkan\u0131 Ali Y\u00fcksel, Mersin Orman B\u00f6lge M\u00fcd\u00fcr\u00fc Mustafa Yal\u00e7\u0131n\u2019\u0131 makam\u0131nda ziyaret etti.\u00a0<\/p>\n<p>Y\u00fcksel, B\u00f6lge M\u00fcd\u00fcr\u00fc Yal\u00e7\u0131n\u2019\u0131n \u00e7al\u0131\u015fmalar\u0131nda ba\u015far\u0131lar dilerken B\u00f6lge M\u00fcd\u00fcr\u00fc Yal\u00e7\u0131n ise ziyaretten duydu\u011fu memnuniyeti dile getirdi.<\/p>\n<p>Mersin Orman B\u00f6lge M\u00fcd\u00fcrl\u00fc\u011f\u00fc olarak nazik ziyaretleri i\u00e7in kendilerine te\u015fekk\u00fcr ederiz.<\/p>\n","protected":false},"excerpt":{"rendered":"<p>T\u00fcrk Hava Kurumu Genel Ba\u015fkan\u0131 Ali Y\u00fcksel, Mersin Orman B\u00f6lge M\u00fcd\u00fcr\u00fc Mustafa Yal\u00e7\u0131n\u2019\u0131 makam\u0131nda ziyaret etti.\u00a0 Y\u00fcksel, B\u00f6lge M\u00fcd\u00fcr\u00fc Yal\u00e7\u0131n\u2019\u0131n \u00e7al\u0131\u015fmalar\u0131nda ba\u015far\u0131lar dilerken B\u00f6lge M\u00fcd\u00fcr\u00fc Yal\u00e7\u0131n ise ziyaretten duydu\u011fu memnuniyeti &hellip; <a href=\"https:\/\/akdenizolaygazetesi.com\/?p=23794\" class=\"more-link\">Devam\u0131n\u0131 Oku&#8230;<\/a><\/p>\n","protected":false},"author":2,"featured_media":23795,"comment_status":"open","ping_status":"open","sticky":false,"template":"","format":"standard","meta":[],"categories":[1],"tags":[],"_links":{"self":[{"href":"https:\/\/akdenizolaygazetesi.com\/index.php?rest_route=\/wp\/v2\/posts\/23794"}],"collection":[{"href":"https:\/\/akdenizolaygazetesi.com\/index.php?rest_route=\/wp\/v2\/posts"}],"about":[{"href":"https:\/\/akdenizolaygazetesi.com\/index.php?rest_route=\/wp\/v2\/types\/post"}],"author":[{"embeddable":true,"href":"https:\/\/akdenizolaygazetesi.com\/index.php?rest_route=\/wp\/v2\/users\/2"}],"replies":[{"embeddable":true,"href":"https:\/\/akdenizolaygazetesi.com\/index.php?rest_route=%2Fwp%2Fv2%2Fcomments&post=23794"}],"version-history":[{"count":1,"href":"https:\/\/akdenizolaygazetesi.com\/index.php?rest_route=\/wp\/v2\/posts\/23794\/revisions"}],"predecessor-version":[{"id":23796,"href":"https:\/\/akdenizolaygazetesi.com\/index.php?rest_route=\/wp\/v2\/posts\/23794\/revisions\/23796"}],"wp:featuredmedia":[{"embeddable":true,"href":"https:\/\/akdenizolaygazetesi.com\/index.php?rest_route=\/wp\/v2\/media\/23795"}],"wp:attachment":[{"href":"https:\/\/akdenizolaygazetesi.com\/index.php?rest_route=%2Fwp%2Fv2%2Fmedia&parent=23794"}],"wp:term":[{"taxonomy":"category","embeddable":true,"href":"https:\/\/akdenizolaygazetesi.com\/index.php?rest_route=%2Fwp%2Fv2%2Fcategories&post=23794"},{"taxonomy":"post_tag","embeddable":true,"href":"https:\/\/akdenizolaygazetesi.com\/index.php?rest_route=%2Fwp%2Fv2%2Ftags&post=23794"}],"curies":[{"name":"wp","href":"https:\/\/api.w.org\/{rel}","templated":true}]}}