{"id":23797,"date":"2023-01-28T18:26:13","date_gmt":"2023-01-28T15:26:13","guid":{"rendered":"http:\/\/akdenizolaygazetesi.com\/?p=23797"},"modified":"2023-01-28T18:26:13","modified_gmt":"2023-01-28T15:26:13","slug":"toplu-tasima-yerleskesi-vatandaslara-41-kere-masallah-dedirtti","status":"publish","type":"post","link":"https:\/\/akdenizolaygazetesi.com\/?p=23797","title":{"rendered":"TOPLU TA\u015eIMA YERLE\u015eKES\u0130 VATANDA\u015eLARA &#8220;41 KERE MA\u015eALLAH&#8221; DED\u0130RTT\u0130"},"content":{"rendered":"<p>Mersin B\u00fcy\u00fck\u015fehir Belediyesi&#8217;nin, &#8220;Mersin Y\u00fckseliyor, 41 Kere M\u00fcjde, 41 Yeni A\u00e7\u0131l\u0131\u015f&#8221; mottosuyla ba\u015flatt\u0131\u011f\u0131 a\u00e7\u0131l\u0131\u015flar\u0131n 7&#8217;ncisi olan &#8216;Toplu Ta\u015f\u0131ma Yerle\u015fkesi&#8217; a\u00e7\u0131l\u0131\u015f\u0131, Cumhuriyet Halk Partisi Lideri Kemal K\u0131l\u0131\u00e7daro\u011flu ve Mersin B\u00fcy\u00fck\u015fehir Belediye Ba\u015fkan\u0131 Vahap Se\u00e7er taraf\u0131ndan ger\u00e7ekle\u015ftirildi.T\u00f6rende; Mersinlilere hizmet verecek 272 yeni otob\u00fcs\u00fcn son 41 adedi de teslim al\u0131nd\u0131.<\/p>\n<p>B\u00fcy\u00fck\u015fehir Belediyesi otob\u00fcs \u015fof\u00f6rleri tam donan\u0131ml\u0131 yerle\u015fkeden faydalanacak olman\u0131n heyecan\u0131n\u0131 ya\u015farken, vatanda\u015flar da kendilerine g\u00fcvenli ve h\u0131zl\u0131 ula\u015f\u0131m sa\u011flayan &#8216;Sar\u0131 Limon&#8217;lar\u0131n say\u0131s\u0131n\u0131n artmas\u0131n\u0131n mutlulu\u011funu ya\u015fad\u0131. Toplu Ta\u015f\u0131ma Yerle\u015fkesi vatanda\u015flardan tam not ald\u0131.<\/p>\n<p>\u00c7evreci otob\u00fcslere \u00e7evreci yerle\u015fke<\/p>\n<p>B\u00fcy\u00fck\u015fehir Belediyesi taraf\u0131ndan, ME\u015eOT yan\u0131nda yer alan ve \u00f6nceden vah\u015fi depolama alan\u0131 olarak kullan\u0131lan arazi rehabilite edilip, yerine tam donan\u0131ml\u0131, \u00e7evreci bir yerle\u015fke in\u015fa edildi. Toplam 67 bin 837 metrekare alan \u00fczerinde 8 bin 416 metrekaresi kapal\u0131, 47 bin metrekaresi a\u00e7\u0131k alan olan Toplu Ta\u015f\u0131ma Yerle\u015fkesi i\u00e7erisinde; otob\u00fcslerin teknik bak\u0131mlar\u0131n\u0131n yap\u0131laca\u011f\u0131 Mekanik At\u00f6lye, otob\u00fcslerin hijyenini en \u00fcst seviyede tutacak Ara\u00e7 Y\u0131kama, ba\u015fta bak\u0131m onar\u0131m at\u00f6lyesinden \u00e7\u0131kan at\u0131k ya\u011f ve bezleri, kat\u0131 at\u0131klar\u0131n ge\u00e7ici topland\u0131\u011f\u0131 ve daha sonra meri mevzuat h\u00fck\u00fcmlerine uygun olarak bertaraf edilmeye g\u00f6nderildi\u011fi alan olan Sundurma Yap\u0131s\u0131 ve Pompa Odas\u0131 yerle\u015fkesinin giri\u015finde bulunan k\u0131s\u0131mda hem otob\u00fcslerin giri\u015f ve \u00e7\u0131k\u0131\u015flar\u0131 hem de personel ve ziyaret\u00e7ilerin kontroll\u00fc giri\u015finin sa\u011fland\u0131\u011f\u0131 ve kay\u0131t alt\u0131na al\u0131nd\u0131\u011f\u0131 G\u00fcvenlik Binas\u0131 ve 1183 metrekarelik alan\u0131 ile Ana Koordinasyon Merkezi bulunuyor.<\/p>\n<p>Ana Koordinasyon Merkezi ile ba\u015fta Belediye Otob\u00fcslerinin sevk ve idaresini sa\u011flamak, otob\u00fcslerin teknolojik yap\u0131s\u0131ndan elde edilen verilerin Ana Koordinasyon Merkezi&#8217;ne aktar\u0131l\u0131p, elde edilen verilerin de\u011ferlendirilerek gerekli deste\u011fin sa\u011flanmas\u0131 ama\u00e7lan\u0131yor. 48 LED ekran\u0131n bulundu\u011fu Sistem Odas\u0131&#8217;nda 24 operat\u00f6r g\u00f6rev al\u0131yor. Burada hem B\u00fcy\u00fck\u015fehir&#8217;e ait toplu ta\u015f\u0131ma hizmetleri hen de Mersin B\u00fcy\u00fck\u015fehir Belediyesi s\u0131n\u0131rlar\u0131nda faaliyet g\u00f6stermekte olan her t\u00fcrl\u00fc minib\u00fcs kooperatifleri, \u00f6zel halk otob\u00fcsleri, servis ve taksi ara\u00e7lar\u0131n\u0131n da kontrol\u00fc, denetimi sevk ve idaresi sa\u011flan\u0131yor.<\/p>\n<p>&#8220;T\u00fcrkiye&#8217;nin en modern otob\u00fcs yerle\u015fkesi&#8221;<\/p>\n<p>Ba\u015fkan Se\u00e7er, g\u00f6reve geldiklerinde Mersinlilere verdikleri &#8216;Modern, \u00e7evre dostu, konforlu, vatanda\u015f\u0131n her t\u00fcrl\u00fc ihtiyac\u0131n\u0131 kar\u015f\u0131layacak 272 otob\u00fcs&#8217; s\u00f6z\u00fcn\u00fc ger\u00e7ekle\u015ftirmenin gururunu ya\u015fad\u0131klar\u0131n\u0131 belirterek, &#8220;Burada sadece son parti otob\u00fcs teslimat\u0131n\u0131 almayaca\u011f\u0131z. Burada art\u0131k T\u00fcrkiye&#8217;nin en modern otob\u00fcs yerle\u015fkesinde Mersinlilere hizmet verece\u011fiz. Burada her \u015fey var. Yok, yok; ama \u00e7evre dostu bir tesis, otob\u00fcslerimiz gibi. Ad\u0131 da &#8216;Limon&#8217;du otob\u00fcslerimizin. Onlara lay\u0131k bir ev haz\u0131rlad\u0131k. Burada bak\u0131mlar\u0131 yap\u0131lacak, burada y\u0131kanacak. &#8216;\u00c7evre dostu&#8217; dedik. Otob\u00fcsleri y\u0131kad\u0131\u011f\u0131m\u0131z sular\u0131 ar\u0131tarak i\u00e7me suyu kalitesinde tekrar kullanaca\u011f\u0131z&#8221; dedi.  <\/p>\n<p>Otob\u00fcslerin \u00f6nemli bir \u00f6zelli\u011fi daha oldu\u011funa dikkat \u00e7eken Ba\u015fkan Se\u00e7er, \u00f6zellikle \u00f6\u011frenciler i\u00e7in b\u00fct\u00e7e dostu oldu\u011funa de\u011finerek, &#8221; &#8216;2024&#8217;e kadar otob\u00fcs \u00fccretlerinizde de\u011fi\u015fiklik yapmayaca\u011f\u0131z. 1 liraya, T\u00fcrkiye&#8217;de \u00f6\u011frencinin en ucuza ta\u015f\u0131nd\u0131\u011f\u0131 toplu ta\u015f\u0131ma ara\u00e7lar\u0131na bineceksiniz&#8217;. S\u00f6z\u00fcm\u00fcz\u00fc yerine getirdik. Onun onurunu, gururunu ya\u015f\u0131yoruz. Bu tesisin ve 272 otob\u00fcs\u00fcn g\u00fcncel de\u011ferlemesini yapt\u0131\u011f\u0131m\u0131z zaman buraya harcad\u0131\u011f\u0131m\u0131z para 1 milyar 144 milyon 48 bin TL. Mersinlilere, onlar\u0131n kaynaklar\u0131ndan, helal emeklerinden, vergilerinden aktard\u0131klar\u0131 paralardan harcad\u0131\u011f\u0131m\u0131z bu hizmet helali ho\u015f olsun&#8221; diye konu\u015ftu.<\/p>\n<p> &#8220;Halk\u0131m\u0131z i\u00e7in g\u00fczel bir hizmet&#8221;<\/p>\n<p>Mersin B\u00fcy\u00fck\u015fehir Belediyesi&#8217;nde otob\u00fcs kaptan\u0131 olarak g\u00f6rev yapan G\u00f6zde G\u00fcng\u00f6r, yerle\u015fkeyi de\u011ferlendirerek, &#8220;Mutluyuz, gurur duyuyoruz. \u00d6zellikle Mersinimize b\u00f6yle bir hizmet verilmesi bizi onure etti. \u0130\u015fimizi de severek yap\u0131yoruz. Hem kaptanlar i\u00e7in hem de halk\u0131m\u0131z i\u00e7in g\u00fczel bir hizmet. Yeniliklere de a\u00e7\u0131\u011f\u0131z Mersin olarak. \u00c7ok memnunuz, verdi\u011fimiz hizmetten de gurur duyuyoruz&#8221; dedi.<\/p>\n<p>&#8220;Ara\u00e7lar\u0131m\u0131z\u0131 \u00e7ok seviyoruz&#8221;<\/p>\n<p>B\u00fcy\u00fck\u015fehir Belediyesi&#8217;nde otob\u00fcs \u015fof\u00f6r\u00fc olarak g\u00f6rev yapan \u0130lkay Demir, &#8220;\u00c7ok mutluyuz. Ara\u00e7lar\u0131m\u0131z\u0131 \u00e7ok seviyoruz. Mutluyuz, yeni ara\u00e7lar, yeni bir d\u00f6nem&#8221; diye konu\u015ftu.<\/p>\n<p>&#8220;Daha g\u00fcvenli s\u00fcr\u00fc\u015f sa\u011flayabiliyoruz&#8221;<\/p>\n<p>Yerle\u015fkeyi de\u011ferlendiren Aykut Aslan Aslan, &#8220;Di\u011fer grup amirliklerimize g\u00f6re \u00e7ok iyi ve geni\u015f bir alanda; y\u0131kama alan\u0131, personel alan\u0131 olsun \u00e7ok b\u00fcy\u00fck bir yerle\u015fke. Y\u0131kama alan\u0131, bak\u0131m at\u00f6lyesi, \u00e7al\u0131\u015fanlar i\u00e7in dinlenme alan\u0131 \u00e7ok g\u00fczel olmu\u015f. Tamam\u0131 yenilenmi\u015f bir filo, g\u00fczel ara\u00e7lar, hepsi do\u011falgazl\u0131, \u00e7evreci ara\u00e7lar\u0131m\u0131z. 272 adet tamamlan\u0131yor. Bizim i\u00e7in de g\u00fczel bir avantaj. Daha g\u00fcvenli daha konforlu s\u00fcr\u00fc\u015f sa\u011flayabiliyoruz. Fazla ara\u00e7 olmas\u0131 hem vatanda\u015f i\u00e7in hem bizim i\u00e7in gayet g\u00fczel&#8221; ifadelerine yer verdi.<\/p>\n<p>&#8220;Yerle\u015fke sayesinde i\u015flerimiz kolayla\u015facak&#8221;<\/p>\n<p>\u015eof\u00f6r B\u00fclent Karata\u015f da, yeni otob\u00fcsleri halk\u0131n hizmetine sunman\u0131n heyecan\u0131n\u0131 ya\u015fad\u0131klar\u0131n\u0131 belirterek, &#8220;Yeni otob\u00fcslerimizi de halk\u0131m\u0131z\u0131n hizmetine sunaca\u011f\u0131z. Bu yerle\u015fke sayesinde zamandan kazanm\u0131\u015f olaca\u011f\u0131z, i\u015flerimiz daha da kolayla\u015fm\u0131\u015f olacak. B\u00fcy\u00fck bir faydas\u0131 var bize. Topluma daha iyi hizmet sunmak, daha sa\u011fl\u0131kl\u0131, daha g\u00fczel ula\u015f\u0131m sa\u011flayabilmek i\u00e7in yeni ara\u00e7lara ihtiyac\u0131m\u0131z vard\u0131. Bu a\u015famada g\u00fczel bir a\u00e7\u0131l\u0131\u015f oldu&#8221; diye konu\u015ftu.<\/p>\n<p>Vatanda\u015flar yerle\u015fkeyi \u00e7ok be\u011fendi<\/p>\n<p>A\u00e7\u0131l\u0131\u015fa gelerek yerle\u015fkeyi yerinde g\u00f6ren vatanda\u015flar da yenilenen ara\u00e7 filosunu ve donan\u0131ml\u0131 otob\u00fcs yerle\u015fkesini \u00e7ok be\u011fendi.<\/p>\n<p>Vatanda\u015flardan Kaz\u0131m Ayd\u0131n, &#8220;\u00c7ok sevindim, ne mutlu ki b\u00f6yle bir a\u00e7\u0131l\u0131\u015f\u0131m\u0131z var. \u00c7ok g\u00fczel buras\u0131. Allah daha iyilerini nasip etsin in\u015fallah. Belediye Ba\u015fkan\u0131m\u0131z candan \u00e7al\u0131\u015f\u0131yor, daha iyilerini de g\u00f6rece\u011fiz in\u015fallah&#8221; dedi. Ali Ekber Do\u011fan da, &#8220;Buras\u0131 \u00e7ok g\u00fczel, \u00e7ok be\u011fendim. Hay\u0131rl\u0131 u\u011furlu olsun, yeni otob\u00fcslerimiz de gelmi\u015f. Ger\u00e7ekten B\u00fcy\u00fck\u015fehir b\u00fcy\u00fck bir hizmet veriyor. Bu hizmetlerden de \u00e7ok memnunuz. Vatanda\u015flar\u0131m\u0131z bunlardan \u00e7ok faydalanacak&#8221; diye konu\u015ftu.<\/p>\n<p>&#8220;B\u00fcy\u00fck bir ba\u015far\u0131&#8221;<\/p>\n<p>Anamur&#8217;da ya\u015fad\u0131\u011f\u0131n\u0131 ve yerle\u015fkeyi \u00e7ok be\u011fendi\u011fini s\u00f6yleyen Nadire Alarslan, &#8220;Gurur duyuyoruz Vahap Se\u00e7er Ba\u015fkan\u0131mla, iyi ki var. Bizim i\u00e7in bir Avrupa \u015fehri olu\u015fturdu, \u00e7ok g\u00fczel imkanlar sundu. 272 tane otob\u00fcs servise giriyor, b\u00fcy\u00fck bir ba\u015far\u0131, tebrik ediyorum. Yerle\u015fke \u00e7ok g\u00fczel, otob\u00fcsleri de g\u00f6rd\u00fcm. Ba\u015fkan\u0131m\u0131z sayesinde Anamur&#8217;da da \u00e7ok g\u00fczel de\u011fi\u015fiklikler oldu, asfaltlar\u0131m\u0131z muhte\u015fem oldu, \u00e7ok g\u00fczel yol yapt\u0131lar. Kad\u0131n \u015fof\u00f6rlerimiz \u00e7ok g\u00fczel, Anamur&#8217;da da var, \u00e7ok gurur duyuyoruz onlarla&#8221; ifadelerini kulland\u0131.<\/p>\n<p>&#8220;Hizmetlerden \u00e7ok memnunuz&#8221;<\/p>\n<p>Abuzer Yal\u00e7\u0131n ise &#8220;Buras\u0131 \u00e7ok iyi, ba\u015fkan\u0131m\u0131za te\u015fekk\u00fcr ediyoruz, yeni otob\u00fcslerimizi de alm\u0131\u015f. \u00c7al\u0131\u015fmalar\u0131ndan da memnunuz. 41 kere Ma\u015fallah. Vahap Se\u00e7er&#8217;e de, Genel Ba\u015fkan&#8217;a da, CHP belediyelerine de 41 kere Ma\u015fallah diyorum&#8221; dedi. Senem Sonsuz ise, &#8220;\u00c7ok g\u00fczel buras\u0131. Yeni ara\u00e7lar gelmi\u015f onlar\u0131 da g\u00f6rd\u00fcm. Ger\u00e7ekten Vahap Se\u00e7er&#8217;e \u00e7ok te\u015fekk\u00fcr ediyorum. Hizmetlerden de \u00e7ok memnunuz. 41 kere ma\u015fallah&#8221; diye konu\u015ftu.<\/p>\n","protected":false},"excerpt":{"rendered":"<p>Mersin B\u00fcy\u00fck\u015fehir Belediyesi&#8217;nin, &#8220;Mersin Y\u00fckseliyor, 41 Kere M\u00fcjde, 41 Yeni A\u00e7\u0131l\u0131\u015f&#8221; mottosuyla ba\u015flatt\u0131\u011f\u0131 a\u00e7\u0131l\u0131\u015flar\u0131n 7&#8217;ncisi olan &#8216;Toplu Ta\u015f\u0131ma Yerle\u015fkesi&#8217; a\u00e7\u0131l\u0131\u015f\u0131, Cumhuriyet Halk Partisi Lideri Kemal K\u0131l\u0131\u00e7daro\u011flu ve Mersin B\u00fcy\u00fck\u015fehir Belediye &hellip; <a href=\"https:\/\/akdenizolaygazetesi.com\/?p=23797\" class=\"more-link\">Devam\u0131n\u0131 Oku&#8230;<\/a><\/p>\n","protected":false},"author":2,"featured_media":23798,"comment_status":"open","ping_status":"open","sticky":false,"template":"","format":"standard","meta":[],"categories":[1,2,3,5],"tags":[],"_links":{"self":[{"href":"https:\/\/akdenizolaygazetesi.com\/index.php?rest_route=\/wp\/v2\/posts\/23797"}],"collection":[{"href":"https:\/\/akdenizolaygazetesi.com\/index.php?rest_route=\/wp\/v2\/posts"}],"about":[{"href":"https:\/\/akdenizolaygazetesi.com\/index.php?rest_route=\/wp\/v2\/types\/post"}],"author":[{"embeddable":true,"href":"https:\/\/akdenizolaygazetesi.com\/index.php?rest_route=\/wp\/v2\/users\/2"}],"replies":[{"embeddable":true,"href":"https:\/\/akdenizolaygazetesi.com\/index.php?rest_route=%2Fwp%2Fv2%2Fcomments&post=23797"}],"version-history":[{"count":1,"href":"https:\/\/akdenizolaygazetesi.com\/index.php?rest_route=\/wp\/v2\/posts\/23797\/revisions"}],"predecessor-version":[{"id":23799,"href":"https:\/\/akdenizolaygazetesi.com\/index.php?rest_route=\/wp\/v2\/posts\/23797\/revisions\/23799"}],"wp:featuredmedia":[{"embeddable":true,"href":"https:\/\/akdenizolaygazetesi.com\/index.php?rest_route=\/wp\/v2\/media\/23798"}],"wp:attachment":[{"href":"https:\/\/akdenizolaygazetesi.com\/index.php?rest_route=%2Fwp%2Fv2%2Fmedia&parent=23797"}],"wp:term":[{"taxonomy":"category","embeddable":true,"href":"https:\/\/akdenizolaygazetesi.com\/index.php?rest_route=%2Fwp%2Fv2%2Fcategories&post=23797"},{"taxonomy":"post_tag","embeddable":true,"href":"https:\/\/akdenizolaygazetesi.com\/index.php?rest_route=%2Fwp%2Fv2%2Ftags&post=23797"}],"curies":[{"name":"wp","href":"https:\/\/api.w.org\/{rel}","templated":true}]}}