{"id":23820,"date":"2023-01-30T13:22:48","date_gmt":"2023-01-30T10:22:48","guid":{"rendered":"http:\/\/akdenizolaygazetesi.com\/?p=23820"},"modified":"2023-01-30T13:22:48","modified_gmt":"2023-01-30T10:22:48","slug":"restore-edilen-tarihi-mersin-evinde-acilan-sergiye-ilgi-suruyor","status":"publish","type":"post","link":"https:\/\/akdenizolaygazetesi.com\/?p=23820","title":{"rendered":"Restore edilen tarihi Mersin Evi\u2019nde a\u00e7\u0131lan sergiye ilgi s\u00fcr\u00fcyor"},"content":{"rendered":"<p>Akdeniz Belediyesi\u2019nin, K\u00fclt\u00fcr ve Turizm Bakanl\u0131\u011f\u0131 ile birlikte tamamen restore ederek \u201cAkdeniz Sanat Galerisi\u201d ad\u0131yla kente ve gelece\u011fe yeniden kazand\u0131rd\u0131\u011f\u0131 tarihi Mersin Evi\u2019nde a\u00e7\u0131lan karma sergiye ziyaret\u00e7i ak\u0131n\u0131 s\u00fcr\u00fcyor.<br \/>\nAkdeniz Belediyesi\u2019nin, 123 ya\u015f\u0131nda oldu\u011fu bilinen Tarihi Muhakemat Binas\u0131\u2019nda ger\u00e7ekle\u015ftirdi\u011fi kapsaml\u0131 yenileme \u00e7al\u0131\u015fmas\u0131n\u0131n tamamlanmas\u0131n\u0131n ard\u0131ndan, yakla\u015f\u0131k iki hafta \u00f6nce a\u00e7\u0131l\u0131\u015f\u0131n\u0131 ger\u00e7ekle\u015ftirdi\u011fi Akdeniz Sanat Galerisi\u2019ne sanatseverlerin yo\u011fun ilgisi devam ediyor.<br \/>\nAs\u0131rl\u0131k binada a\u00e7\u0131lan ve sadece iki hafta i\u00e7inde her ya\u015f ve kesimden y\u00fczlerce ki\u015finin ziyaret etti\u011fi karma sergiyi, son olarak Mersin \u00dcniversitesi Felsefe Toplulu\u011fu \u00f6\u011frencileri ve yabanc\u0131 konuklar gezdi. K\u00fclt\u00fcr ve Sosyal \u0130\u015fler M\u00fcd\u00fcrl\u00fc\u011f\u00fc\u2019ne ba\u011fl\u0131 hizmet verecek binay\u0131 gezen sanatseverler; Mersin, Adana ve Tarsus\u2019tan 28 sanat\u00e7\u0131n\u0131n toplam 52 eserinin be\u011feniye sunuldu\u011fu sergiyi hayranl\u0131kla izledi.<br \/>\nBa\u015fkan G\u00fcltak\u2019tan sergiye davet<br \/>\nAkdeniz Belediye Ba\u015fkan\u0131 M. Mustafa G\u00fcltak, \u0130z B\u0131rakanlar M\u00fczesi\u2019nden sonra kaderine terk edilen tarihi bir Mersin Evi\u2019ni daha gelece\u011fe ve Mersinlilere yeniden kazand\u0131rm\u0131\u015f olmaktan mutluluk duyduklar\u0131n\u0131 ifade etti; yerel ve ulusal sanat\u00e7\u0131lar\u0131n eserlerini y\u0131l\u0131n farkl\u0131 aylar\u0131nda galeride sergilemeye devam edeceklerini s\u00f6yledi.<br \/>\nYenilenen y\u00fcz\u00fcyle sanatseverleri a\u011f\u0131rlayan Tarihi Muhakemat Binas\u0131\u2019nda a\u00e7\u0131lan ve birbirinden \u00f6zel 52 eserin be\u011feniye sunuldu\u011fu sergiye g\u00f6sterilen ilginin, ne kadar do\u011fru bir i\u015f yapt\u0131klar\u0131n\u0131n g\u00f6stergesi oldu\u011funu da s\u00f6zlerine ekleyen Ba\u015fkan Mustafa G\u00fcltak, 10 \u015eubat 2023 tarihine dek a\u00e7\u0131k kalacak karma sergiye t\u00fcm Mersinlileri ve sanat \u00e7evrelerini davet etti. <\/p>\n","protected":false},"excerpt":{"rendered":"<p>Akdeniz Belediyesi\u2019nin, K\u00fclt\u00fcr ve Turizm Bakanl\u0131\u011f\u0131 ile birlikte tamamen restore ederek \u201cAkdeniz Sanat Galerisi\u201d ad\u0131yla kente ve gelece\u011fe yeniden kazand\u0131rd\u0131\u011f\u0131 tarihi Mersin Evi\u2019nde a\u00e7\u0131lan karma sergiye ziyaret\u00e7i ak\u0131n\u0131 s\u00fcr\u00fcyor. Akdeniz &hellip; <a href=\"https:\/\/akdenizolaygazetesi.com\/?p=23820\" class=\"more-link\">Devam\u0131n\u0131 Oku&#8230;<\/a><\/p>\n","protected":false},"author":2,"featured_media":23821,"comment_status":"open","ping_status":"open","sticky":false,"template":"","format":"standard","meta":[],"categories":[3],"tags":[],"_links":{"self":[{"href":"https:\/\/akdenizolaygazetesi.com\/index.php?rest_route=\/wp\/v2\/posts\/23820"}],"collection":[{"href":"https:\/\/akdenizolaygazetesi.com\/index.php?rest_route=\/wp\/v2\/posts"}],"about":[{"href":"https:\/\/akdenizolaygazetesi.com\/index.php?rest_route=\/wp\/v2\/types\/post"}],"author":[{"embeddable":true,"href":"https:\/\/akdenizolaygazetesi.com\/index.php?rest_route=\/wp\/v2\/users\/2"}],"replies":[{"embeddable":true,"href":"https:\/\/akdenizolaygazetesi.com\/index.php?rest_route=%2Fwp%2Fv2%2Fcomments&post=23820"}],"version-history":[{"count":1,"href":"https:\/\/akdenizolaygazetesi.com\/index.php?rest_route=\/wp\/v2\/posts\/23820\/revisions"}],"predecessor-version":[{"id":23822,"href":"https:\/\/akdenizolaygazetesi.com\/index.php?rest_route=\/wp\/v2\/posts\/23820\/revisions\/23822"}],"wp:featuredmedia":[{"embeddable":true,"href":"https:\/\/akdenizolaygazetesi.com\/index.php?rest_route=\/wp\/v2\/media\/23821"}],"wp:attachment":[{"href":"https:\/\/akdenizolaygazetesi.com\/index.php?rest_route=%2Fwp%2Fv2%2Fmedia&parent=23820"}],"wp:term":[{"taxonomy":"category","embeddable":true,"href":"https:\/\/akdenizolaygazetesi.com\/index.php?rest_route=%2Fwp%2Fv2%2Fcategories&post=23820"},{"taxonomy":"post_tag","embeddable":true,"href":"https:\/\/akdenizolaygazetesi.com\/index.php?rest_route=%2Fwp%2Fv2%2Ftags&post=23820"}],"curies":[{"name":"wp","href":"https:\/\/api.w.org\/{rel}","templated":true}]}}