{"id":23826,"date":"2023-01-30T13:25:27","date_gmt":"2023-01-30T10:25:27","guid":{"rendered":"http:\/\/akdenizolaygazetesi.com\/?p=23826"},"modified":"2023-01-30T13:25:27","modified_gmt":"2023-01-30T10:25:27","slug":"37-bin-ogrenciye-ucretsiz-yemek-icin-haziriz","status":"publish","type":"post","link":"https:\/\/akdenizolaygazetesi.com\/?p=23826","title":{"rendered":"&#8217;37 B\u0130N \u00d6\u011eRENC\u0130YE \u201c\u00dcCRETS\u0130Z YEMEK\u201d \u0130\u00c7\u0130N HAZIRIZ&#8217;"},"content":{"rendered":"<p>Milli E\u011fitim Bakanl\u0131\u011f\u0131m\u0131z\u0131n ba\u015flatm\u0131\u015f oldu\u011fu 2022-2023 E\u011fitim \u00d6\u011fretim y\u0131l\u0131nda yurt genelinde 5 milyon \u00f6\u011frencimize  \u00fccretsiz yemek da\u011f\u0131t\u0131m\u0131 projesi kapsam\u0131nda, Mersin \u0130l Milli E\u011fitim M\u00fcd\u00fcrl\u00fc\u011f\u00fc olarak 13 il\u00e7emizde \u00fccretsiz yemek hizmeti \u00e7al\u0131\u015fmalar\u0131m\u0131z\u0131 tamamlam\u0131\u015f olup 37.069 \u00f6\u011frencimize \u00fccretsiz yemek hizmeti i\u00e7in haz\u0131r\u0131z.<br \/>\n\u0130l Milli E\u011fitim M\u00fcd\u00fcr\u00fcm\u00fcz Say\u0131n Adem KOCA, &#8220;13 il\u00e7emizde y\u00fcr\u00fctt\u00fc\u011f\u00fcm\u00fcz \u00e7al\u0131\u015fmalarla \u00fccretsiz yemek hizmeti sundu\u011fumuz \u00f6\u011frencilerimizin say\u0131s\u0131n\u0131 art\u0131r\u0131yoruz. Proje kapsam\u0131nda okul \u00f6ncesi \u00f6\u011frencilerimize en sa\u011fl\u0131kl\u0131 yemek hizmetini vermek i\u00e7in halk e\u011fitimi merkezlerimizde &#8216;Erken \u00e7ocukluk D\u00f6neminde Beslenme ve A\u015f\u00e7\u0131l\u0131k Kursu&#8217;nu ba\u015flat\u0131yoruz. A\u015f\u00e7\u0131l\u0131\u011fa ilgi duyan t\u00fcm vatanda\u015flar\u0131m\u0131z\u0131 halk e\u011fitimi merkezlerimize ba\u015f vurarak bu kursumuzdan istifade etmeye davet ediyorum. \u0130kinci d\u00f6nem okullar\u0131m\u0131z\u0131n a\u00e7\u0131ld\u0131\u011f\u0131 ilk g\u00fcnden itibaren t\u00fcm okul \u00f6ncesi \u00f6\u011frencilerimize \u00fccretsiz yemek da\u011f\u0131taca\u011f\u0131z. Mersinimizde 6 \u015eubat Pazartesi g\u00fcn\u00fcnden itibaren 37.069 \u00f6\u011frencimiz \u00fccretsiz yemek hizmetinden faydalanacakt\u0131r. Y\u00fcr\u00fctt\u00fc\u011f\u00fcm\u00fcz \u00e7al\u0131\u015fmalarla bu say\u0131y\u0131 art\u0131rarak daha fazla \u00f6\u011frencimize \u00fccretsiz yemek hizmeti sa\u011flayaca\u011f\u0131z.&#8221; dedi.<\/p>\n","protected":false},"excerpt":{"rendered":"<p>Milli E\u011fitim Bakanl\u0131\u011f\u0131m\u0131z\u0131n ba\u015flatm\u0131\u015f oldu\u011fu 2022-2023 E\u011fitim \u00d6\u011fretim y\u0131l\u0131nda yurt genelinde 5 milyon \u00f6\u011frencimize \u00fccretsiz yemek da\u011f\u0131t\u0131m\u0131 projesi kapsam\u0131nda, Mersin \u0130l Milli E\u011fitim M\u00fcd\u00fcrl\u00fc\u011f\u00fc olarak 13 il\u00e7emizde \u00fccretsiz yemek hizmeti &hellip; <a href=\"https:\/\/akdenizolaygazetesi.com\/?p=23826\" class=\"more-link\">Devam\u0131n\u0131 Oku&#8230;<\/a><\/p>\n","protected":false},"author":2,"featured_media":23827,"comment_status":"open","ping_status":"open","sticky":false,"template":"","format":"standard","meta":[],"categories":[2,3],"tags":[],"_links":{"self":[{"href":"https:\/\/akdenizolaygazetesi.com\/index.php?rest_route=\/wp\/v2\/posts\/23826"}],"collection":[{"href":"https:\/\/akdenizolaygazetesi.com\/index.php?rest_route=\/wp\/v2\/posts"}],"about":[{"href":"https:\/\/akdenizolaygazetesi.com\/index.php?rest_route=\/wp\/v2\/types\/post"}],"author":[{"embeddable":true,"href":"https:\/\/akdenizolaygazetesi.com\/index.php?rest_route=\/wp\/v2\/users\/2"}],"replies":[{"embeddable":true,"href":"https:\/\/akdenizolaygazetesi.com\/index.php?rest_route=%2Fwp%2Fv2%2Fcomments&post=23826"}],"version-history":[{"count":1,"href":"https:\/\/akdenizolaygazetesi.com\/index.php?rest_route=\/wp\/v2\/posts\/23826\/revisions"}],"predecessor-version":[{"id":23828,"href":"https:\/\/akdenizolaygazetesi.com\/index.php?rest_route=\/wp\/v2\/posts\/23826\/revisions\/23828"}],"wp:featuredmedia":[{"embeddable":true,"href":"https:\/\/akdenizolaygazetesi.com\/index.php?rest_route=\/wp\/v2\/media\/23827"}],"wp:attachment":[{"href":"https:\/\/akdenizolaygazetesi.com\/index.php?rest_route=%2Fwp%2Fv2%2Fmedia&parent=23826"}],"wp:term":[{"taxonomy":"category","embeddable":true,"href":"https:\/\/akdenizolaygazetesi.com\/index.php?rest_route=%2Fwp%2Fv2%2Fcategories&post=23826"},{"taxonomy":"post_tag","embeddable":true,"href":"https:\/\/akdenizolaygazetesi.com\/index.php?rest_route=%2Fwp%2Fv2%2Ftags&post=23826"}],"curies":[{"name":"wp","href":"https:\/\/api.w.org\/{rel}","templated":true}]}}