{"id":2384,"date":"2020-11-04T18:22:53","date_gmt":"2020-11-04T15:22:53","guid":{"rendered":"http:\/\/mersinekonomipolitikagazetesi.com\/?p=2384"},"modified":"2020-11-04T18:22:53","modified_gmt":"2020-11-04T15:22:53","slug":"turkcellli-atletler-avrupa-sampiyonasinda-sahne-aliyor","status":"publish","type":"post","link":"https:\/\/akdenizolaygazetesi.com\/?p=2384","title":{"rendered":"Turkcell\u2019li atletler Avrupa \u015eampiyonas\u0131\u2019nda sahne al\u0131yor"},"content":{"rendered":"<p>Turkcell ve T\u00fcrkiye Atletizm Federasyonu i\u015f birli\u011finde yeni bir d\u00f6neme giren T\u00fcrk atletizminin y\u0131ld\u0131zlar\u0131, Avrupa \u015eampiyonas\u0131\u2019nda m\u00fccadele edecek. 7 A\u011fustos\u2019ta (yar\u0131n) Almanya\u2019n\u0131n Berlin kentinde ba\u015flayacak ve 12 A\u011fustos\u2019ta noktalanacak organizasyonda T\u00fcrkiye, 31\u2019i erkek, 12\u2019si kad\u0131n toplam 43 ki\u015filik sporcu kafilesi ile yer alacak.\u00a0<br \/>\nGen\u00e7lik ve Spor Bakanl\u0131\u011f\u0131 himayesinde Turkcell ve T\u00fcrkiye Atletizm Federasyonu i\u015f birli\u011finde yeni bir d\u00f6neme giren T\u00fcrk atletizminin \u00f6nemli y\u0131ld\u0131zlar\u0131 bu kez Avrupa \u015eampiyonas\u0131\u2019nda madalya i\u00e7in piste \u00e7\u0131kacak. 7 A\u011fustos\u2019ta (yar\u0131n) Almanya\u2019n\u0131n Berlin \u015fehrinde ba\u015flayacak ve 12 A\u011fustos\u2019ta noktalanacak organizasyonda, T\u00fcrkiye\u2019yi 31\u2019i erkek, 12\u2019si de kad\u0131n olmak \u00fczere toplam 43 sporcu temsil edecek.\u00a0<br \/>\nSon \u015fampiyonada 7 madalya kazand\u0131k<br \/>\nAy-y\u0131ld\u0131zl\u0131 sporcular son olarak 2016\u2019da Amsterdam\u2019da ger\u00e7ekle\u015ftirilen Avrupa Atletizm \u015eampiyonas\u0131\u2019nda 4 alt\u0131n, 5 g\u00fcm\u00fc\u015f ve 3 bronz madalya kazanm\u0131\u015ft\u0131. T\u00fcrkiye elde etti\u011fi 7 madalya ile \u015fampiyonay\u0131 4. olarak tamamlam\u0131\u015ft\u0131. Avrupa\u2019n\u0131n en \u00f6nemli atletizm \u015fampiyonas\u0131na ay-y\u0131ld\u0131zl\u0131lar ad\u0131na kat\u0131lacak sporcular ve disiplinleri ise \u015f\u00f6yle:\u00a0<br \/>\nSporcular\u0131m\u0131z ve yar\u0131\u015facaklar\u0131 disiplinler:<\/p>\n","protected":false},"excerpt":{"rendered":"<p>Turkcell ve T\u00fcrkiye Atletizm Federasyonu i\u015f birli\u011finde yeni bir d\u00f6neme giren T\u00fcrk atletizminin y\u0131ld\u0131zlar\u0131, Avrupa \u015eampiyonas\u0131\u2019nda m\u00fccadele edecek. 7 A\u011fustos\u2019ta (yar\u0131n) Almanya\u2019n\u0131n Berlin kentinde ba\u015flayacak ve 12 A\u011fustos\u2019ta noktalanacak organizasyonda &hellip; <a href=\"https:\/\/akdenizolaygazetesi.com\/?p=2384\" class=\"more-link\">Devam\u0131n\u0131 Oku&#8230;<\/a><\/p>\n","protected":false},"author":1,"featured_media":0,"comment_status":"open","ping_status":"open","sticky":false,"template":"","format":"standard","meta":[],"categories":[],"tags":[],"_links":{"self":[{"href":"https:\/\/akdenizolaygazetesi.com\/index.php?rest_route=\/wp\/v2\/posts\/2384"}],"collection":[{"href":"https:\/\/akdenizolaygazetesi.com\/index.php?rest_route=\/wp\/v2\/posts"}],"about":[{"href":"https:\/\/akdenizolaygazetesi.com\/index.php?rest_route=\/wp\/v2\/types\/post"}],"author":[{"embeddable":true,"href":"https:\/\/akdenizolaygazetesi.com\/index.php?rest_route=\/wp\/v2\/users\/1"}],"replies":[{"embeddable":true,"href":"https:\/\/akdenizolaygazetesi.com\/index.php?rest_route=%2Fwp%2Fv2%2Fcomments&post=2384"}],"version-history":[{"count":0,"href":"https:\/\/akdenizolaygazetesi.com\/index.php?rest_route=\/wp\/v2\/posts\/2384\/revisions"}],"wp:attachment":[{"href":"https:\/\/akdenizolaygazetesi.com\/index.php?rest_route=%2Fwp%2Fv2%2Fmedia&parent=2384"}],"wp:term":[{"taxonomy":"category","embeddable":true,"href":"https:\/\/akdenizolaygazetesi.com\/index.php?rest_route=%2Fwp%2Fv2%2Fcategories&post=2384"},{"taxonomy":"post_tag","embeddable":true,"href":"https:\/\/akdenizolaygazetesi.com\/index.php?rest_route=%2Fwp%2Fv2%2Ftags&post=2384"}],"curies":[{"name":"wp","href":"https:\/\/api.w.org\/{rel}","templated":true}]}}