{"id":23844,"date":"2023-01-31T13:25:45","date_gmt":"2023-01-31T10:25:45","guid":{"rendered":"http:\/\/akdenizolaygazetesi.com\/?p=23844"},"modified":"2023-01-31T13:25:45","modified_gmt":"2023-01-31T10:25:45","slug":"mersin-barosu-6-yasindaki-cocuga-istismar-davasina-katildi","status":"publish","type":"post","link":"https:\/\/akdenizolaygazetesi.com\/?p=23844","title":{"rendered":"MERS\u0130N BAROSU, 6 YA\u015eINDAK\u0130 \u00c7OCU\u011eA \u0130ST\u0130SMAR DAVASINA KATILDI"},"content":{"rendered":"<p>\u0130smaila\u011fa cemaatine ba\u011fl\u0131 Hiranur Vakf\u0131&#8217;n\u0131n kurucusu Yusuf Ziya G\u00fcm\u00fc\u015fel&#8217;in k\u0131z\u0131 H.K.G.&#8217;nin 6 ya\u015f\u0131nda zorla evlendirilmesi ve sistematik cinsel istismara maruz b\u0131rak\u0131lmas\u0131na y\u00f6nelik davan\u0131n ilk duru\u015fmas\u0131, \u0130stanbul Anadolu 2. A\u011f\u0131r Ceza Mahkemesi&#8217;nde yap\u0131ld\u0131. Duru\u015fmaya kat\u0131lan Mersin Barosu \u00c7ocuk Haklar\u0131 Merkezi mahkemeye sundu\u011fu beyan\u0131nda, &#8220;\u00c7ocuk gelin diye bir kavram yoktur. Bu hi\u00e7bir kanuna, vicdana ve ahlaka s\u0131\u011fmaz. San\u0131klar\u0131n en \u00fcst hadden cezaland\u0131r\u0131lmas\u0131n\u0131 talep ediyoruz.&#8221; ifadesine yer verdi.<\/p>\n<p>Kamuoyunda b\u00fcy\u00fck tepki \u00e7eken 6 ya\u015f\u0131ndan beri pek \u00e7ok hak ihlali ve zincirleme \u015fekilde nitelikli cinsel istismara maruz b\u0131rak\u0131lan H. K. G&#8217;nin 30.01.2023 tarihinde yap\u0131lan ilk duru\u015fmas\u0131na kat\u0131lan Mersin Barosu \u00c7ocuk Haklar\u0131 Merkezi Ba\u015fkan Yard\u0131mc\u0131s\u0131 Av. \u00d6zden Demir, m\u00fcdahillik talebi ve san\u0131klar\u0131n en \u00fcst hadden cezaland\u0131r\u0131lmas\u0131 gerekti\u011fi y\u00f6n\u00fcnde sundu\u011fu beyan\u0131nda \u015fu ifadelere yer verdi: &#8220;\u00c7ocuk gelin diye bir kavram yoktur. Bu hi\u00e7bir kanuna, vicdana ve ahlaka s\u0131\u011fmaz. \u00c7ocuk, \u00e7ocuktur. Bu zihniyetin esasen topluma kar\u015f\u0131 i\u015flenen bu su\u00e7un ve su\u00e7lar\u0131n \u00f6n\u00fcne ge\u00e7ebilmek, \u00e7ocuklar\u0131, kad\u0131nlar\u0131 ve haklar\u0131n\u0131 korumak ad\u0131na bu yarg\u0131laman\u0131n adil \u015fekilde y\u00fcr\u00fct\u00fclmesi son derece \u00f6nem arz etmektedir. Kat\u0131lma talebimizi yaz\u0131l\u0131 olarak sunduk. Kabul\u00fcn\u00fc talep ediyoruz ve \u015fik\u00e2yetimiz devam etmektedir. San\u0131klar\u0131n en \u00fcst hadden cezaland\u0131r\u0131lmas\u0131n\u0131 talep ediyoruz.&#8221;<\/p>\n<p>Mahkeme heyeti taraf\u0131ndan a\u00e7\u0131klanan ara kararla, dava kapal\u0131 olarak devam etti. Barolar\u0131n m\u00fcdahillik talepleri kabul edilmedi. Mahkeme heyeti, san\u0131klar Yusuf Ziya G\u00fcm\u00fc\u015fel ve Kadir \u0130stekli&#8217;nin tutukluluk hallerinin s\u00fcrmesine karar verdi. Bir sonraki duru\u015fma 27 \u015eubat&#8217;ta yap\u0131lacak.<\/p>\n<p>Mersin Barosu \u00c7ocuk Haklar\u0131 Merkezi a\u00e7\u0131klamas\u0131nda, \u00e7ocuklar\u0131n \u00fcst\u00fcn yarar\u0131 gere\u011fi, onlar\u0131n sesleri olmaya ve bu davan\u0131n takip\u00e7isi olmaya devam edeceklerini ifade etti. <\/p>\n","protected":false},"excerpt":{"rendered":"<p>\u0130smaila\u011fa cemaatine ba\u011fl\u0131 Hiranur Vakf\u0131&#8217;n\u0131n kurucusu Yusuf Ziya G\u00fcm\u00fc\u015fel&#8217;in k\u0131z\u0131 H.K.G.&#8217;nin 6 ya\u015f\u0131nda zorla evlendirilmesi ve sistematik cinsel istismara maruz b\u0131rak\u0131lmas\u0131na y\u00f6nelik davan\u0131n ilk duru\u015fmas\u0131, \u0130stanbul Anadolu 2. A\u011f\u0131r Ceza &hellip; <a href=\"https:\/\/akdenizolaygazetesi.com\/?p=23844\" class=\"more-link\">Devam\u0131n\u0131 Oku&#8230;<\/a><\/p>\n","protected":false},"author":2,"featured_media":23845,"comment_status":"open","ping_status":"open","sticky":false,"template":"","format":"standard","meta":[],"categories":[3],"tags":[],"_links":{"self":[{"href":"https:\/\/akdenizolaygazetesi.com\/index.php?rest_route=\/wp\/v2\/posts\/23844"}],"collection":[{"href":"https:\/\/akdenizolaygazetesi.com\/index.php?rest_route=\/wp\/v2\/posts"}],"about":[{"href":"https:\/\/akdenizolaygazetesi.com\/index.php?rest_route=\/wp\/v2\/types\/post"}],"author":[{"embeddable":true,"href":"https:\/\/akdenizolaygazetesi.com\/index.php?rest_route=\/wp\/v2\/users\/2"}],"replies":[{"embeddable":true,"href":"https:\/\/akdenizolaygazetesi.com\/index.php?rest_route=%2Fwp%2Fv2%2Fcomments&post=23844"}],"version-history":[{"count":1,"href":"https:\/\/akdenizolaygazetesi.com\/index.php?rest_route=\/wp\/v2\/posts\/23844\/revisions"}],"predecessor-version":[{"id":23846,"href":"https:\/\/akdenizolaygazetesi.com\/index.php?rest_route=\/wp\/v2\/posts\/23844\/revisions\/23846"}],"wp:featuredmedia":[{"embeddable":true,"href":"https:\/\/akdenizolaygazetesi.com\/index.php?rest_route=\/wp\/v2\/media\/23845"}],"wp:attachment":[{"href":"https:\/\/akdenizolaygazetesi.com\/index.php?rest_route=%2Fwp%2Fv2%2Fmedia&parent=23844"}],"wp:term":[{"taxonomy":"category","embeddable":true,"href":"https:\/\/akdenizolaygazetesi.com\/index.php?rest_route=%2Fwp%2Fv2%2Fcategories&post=23844"},{"taxonomy":"post_tag","embeddable":true,"href":"https:\/\/akdenizolaygazetesi.com\/index.php?rest_route=%2Fwp%2Fv2%2Ftags&post=23844"}],"curies":[{"name":"wp","href":"https:\/\/api.w.org\/{rel}","templated":true}]}}