{"id":2385,"date":"2020-11-04T18:22:54","date_gmt":"2020-11-04T15:22:54","guid":{"rendered":"http:\/\/mersinekonomipolitikagazetesi.com\/?p=2385"},"modified":"2020-11-04T18:22:54","modified_gmt":"2020-11-04T15:22:54","slug":"ulke-itibari-adina-onemli","status":"publish","type":"post","link":"https:\/\/akdenizolaygazetesi.com\/?p=2385","title":{"rendered":"&#8220;\u00dcLKE \u0130T\u0130BARI ADINA \u00d6NEML\u0130\u201d"},"content":{"rendered":"<p>Kent ekonomisi i\u00e7erisinde \u00f6nemli yer tutan tar\u0131msal ihracat\u0131n artmas\u0131 ad\u0131na Mersin tek y\u00fcrek oldu. Tar\u0131msal ihracat\u0131 olumsuz etkileyen Akdeniz Meyve Sine\u011fi (AMS) zararl\u0131s\u0131na kar\u015f\u0131 bir araya gelen kent dinamikleri, bast\u0131rd\u0131klar\u0131 300 bin adet po\u015fet ile sineklerin kayna\u011f\u0131nda kurutulmas\u0131 ad\u0131na m\u00fccadele ba\u015flatt\u0131. Bu po\u015fetler sayesinde sineklerin \u00fcremesinin \u00f6n\u00fcne ge\u00e7ilecek.<\/p>\n<p>Mersin Ticaret ve Sanayi Odas\u0131 (MTSO) b\u00f6lge ekonomisinin lokomotif sekt\u00f6rleri aras\u0131nda yer alan tar\u0131ma deste\u011fini s\u00fcrd\u00fcr\u00fcyor. Ge\u00e7mi\u015f d\u00f6nemlerde \u00e7e\u015fitli tar\u0131msal ar-ge \u00e7al\u0131\u015fmalar\u0131na katk\u0131 sunan, tar\u0131msal zararl\u0131larla m\u00fccadele noktas\u0131nda projeler y\u00fcr\u00fcten Oda, son olarak meyve \u00fcretiminde ciddi s\u0131k\u0131nt\u0131 olu\u015fturan AMS zararl\u0131s\u0131yla m\u00fccadeleye dikkat \u00e7ekerek, sorunun \u00e7\u00f6z\u00fcm\u00fc ad\u0131na g\u00fc\u00e7 birli\u011fi olu\u015fturulmas\u0131na \u00f6n ayak oldu. Aralar\u0131nda MTSO\u2019nun da yer ald\u0131\u011f\u0131 bir\u00e7ok kurumun i\u015fbirli\u011fi, Tar\u0131m \u0130l M\u00fcd\u00fcrl\u00fc\u011f\u00fc\u2019n\u00fcn organizasyonu ile s\u00f6z konusu sine\u011fi yok edecek kelep\u00e7eli po\u015fetler bas\u0131larak Mersin Valili\u011fi koordinesinde \u00fcreticiye da\u011f\u0131t\u0131ld\u0131. Konuyla ilgili de\u011ferlendirme yapan MTSO Y\u00f6netim Kurulu Ba\u015fkan\u0131 Ayhan K\u0131z\u0131ltan, MTSO olarak b\u00f6lgede mevcut olan ve bu sene pop\u00fclasyonu daha fazla artan AMS zararl\u0131s\u0131yla ilgili uzun s\u00fcredir \u00e7al\u0131\u015ft\u0131klar\u0131n\u0131 bildirdi. \u00d6ncelikle Mersin Valili\u011fine durumun aciliyetini ve do\u011furaca\u011f\u0131 sonu\u00e7lar\u0131 anlatt\u0131klar\u0131n\u0131 belirten K\u0131z\u0131ltan, \u201cBunun \u00fczerine Say\u0131n Valimiz Ali \u0130hsan Su, konuya duyars\u0131z kalmayarak di\u011fer kurumlar\u0131n da harekete ge\u00e7mesini sa\u011flad\u0131\u201d dedi.\u00a0<\/p>\n<p>\u2018\u2019KENT EKONOM\u0130S\u0130N\u0130N KAYBEDECEK B\u0130R TL\u2019YE TAHAMM\u00dcL\u00dc YOK\u2019\u2019<\/p>\n<p>Mersin Valili\u011fi \u00f6nderli\u011finde, Tar\u0131m \u0130l M\u00fcd\u00fcrl\u00fc\u011f\u00fc koordinasyonunda, Mersin B\u00fcy\u00fck\u015fehir Belediyesi, Mezitli Belediyesi ba\u015fta olmak \u00fczere di\u011fer il\u00e7e belediyeleri, muhtarlar, Ziraat Odalar\u0131, Ziraat M\u00fchendisleri Odalar\u0131 ve Akdeniz Ya\u015f Meyve Sebze \u0130hracat\u00e7\u0131lar\u0131 Birli\u011fi gibi ilgili kurumlar\u0131n kat\u0131l\u0131m\u0131yla yol haritas\u0131 belirlenmesi ad\u0131na toplant\u0131lar yapmaya ba\u015flad\u0131klar\u0131n\u0131 hat\u0131rlatan K\u0131z\u0131ltan, \u015funlar\u0131 s\u00f6yledi:<br \/>\n\u201cYap\u0131lan toplant\u0131 sonucunda ilk olarak en h\u0131zl\u0131 \u015fekilde sinek larvas\u0131 olu\u015fumunun \u00f6n\u00fcne ge\u00e7ilmesine karar verildi. Bu sineklerin olu\u015fumunda yere d\u00fc\u015fen ve \u00e7\u00fcr\u00fcyen meyveler \u00f6nemli rol oynuyor. Bu nedenle yere d\u00fc\u015fen meyvelerin toplanmas\u0131 i\u00e7in kelep\u00e7eli po\u015fetler bast\u0131r\u0131lmas\u0131 karar\u0131 al\u0131nd\u0131. Tar\u0131m \u0130l M\u00fcd\u00fcrl\u00fc\u011f\u00fc koordinasyonunda, Mersin Valili\u011fi, B\u00fcy\u00fck\u015fehir Belediyesi, MTSO ve Akdeniz Ya\u015f Meyve Sebze \u0130hracat\u00e7\u0131lar\u0131 Birli\u011fi\u2019nin destekleriyle 300 bin adet po\u015fet bast\u0131r\u0131larak da\u011f\u0131t\u0131m\u0131 sa\u011fland\u0131. \u00dcreticiler ve muhtarlar bu konuda bilgilendirildi. Mersin, birlik i\u00e7inde t\u00fcm kurumlar\u0131yla \u00f6nemli bir sorunu \u00e7\u00f6zmek ad\u0131na \u00e7ok g\u00fczel bir m\u00fccadele \u00f6rne\u011fi verdi. Eme\u011fi ge\u00e7en t\u00fcm kurumlara bir kez daha te\u015fekk\u00fcr ediyorum.\u201d A\u011fa\u00e7lar \u00fczerinde veya yere d\u00f6k\u00fclerek zarar g\u00f6ren meyveler ile hasat art\u0131\u011f\u0131 meyvelerin b\u00f6lgede Akdeniz Meyve Sine\u011fi (Ceratitis capitata) \u00a0i\u00e7in besin kayna\u011f\u0131 olu\u015fturdu\u011funu dile getiren K\u0131z\u0131ltan, ge\u00e7en y\u0131l AMS zararl\u0131s\u0131 nedeniyle maddi kayb\u0131n 16 milyon TL\u2019ye ula\u015ft\u0131\u011f\u0131n\u0131 hat\u0131rlatarak, kent ekonomisinin kaybedecek bir TL\u2019ye dahi tahamm\u00fcl\u00fcn\u00fcn olmad\u0131\u011f\u0131n\u0131 s\u00f6yledi.\u00a0<\/p>\n<p>BU SORUNUN \u00c7\u00d6Z\u00dcM\u00dc \u00d6NEML\u0130<\/p>\n<p>AMS ile m\u00fccadele ad\u0131na \u00e7ift\u00e7inin daha fazla ila\u00e7 kullanmak durumunda kald\u0131\u011f\u0131na da dikkat \u00e7eken Ayhan K\u0131z\u0131ltan, bu ila\u00e7lar\u0131n kal\u0131nt\u0131 sorununu da beraberinde getirdi\u011fini bildirerek s\u00f6zlerini \u015f\u00f6yle s\u00fcrd\u00fcrd\u00fc:\u00a0<br \/>\n\u201c\u0130la\u00e7 kullan\u0131lmamas\u0131 durumunda ise gitti\u011fi \u00fclkede \u00fcr\u00fcnde sinek \u00e7\u0131kt\u0131\u011f\u0131nda geri g\u00f6nderiliyor. Bu durum s\u0131n\u0131r kap\u0131lar\u0131n\u0131n kapanmas\u0131na kadar \u00f6nemli sorunlar\u0131 da beraberinde getiriyor. \u00d6zellikle meyvecilik ve narenciyenin g\u00fc\u00e7l\u00fc oldu\u011fu b\u00f6lgemiz ad\u0131na ya\u015fananlar b\u00fcy\u00fck s\u0131k\u0131nt\u0131. \u00dcreticiden t\u00fcccara, ihracat\u00e7\u0131dan nakliye sekt\u00f6r\u00fcne kadar paralelinde bir\u00e7ok sekt\u00f6r olumsuz etkileniyor. Bu sorunun \u00e7\u00f6z\u00fcm\u00fc Odam\u0131z ve kent ekonomisi ad\u0131na \u00f6nemli. Konunun \u00f6n\u00fcm\u00fczdeki s\u00fcre\u00e7te de takip\u00e7isi olaca\u011f\u0131z.\u201d Dedi.<\/p>\n","protected":false},"excerpt":{"rendered":"<p>Kent ekonomisi i\u00e7erisinde \u00f6nemli yer tutan tar\u0131msal ihracat\u0131n artmas\u0131 ad\u0131na Mersin tek y\u00fcrek oldu. Tar\u0131msal ihracat\u0131 olumsuz etkileyen Akdeniz Meyve Sine\u011fi (AMS) zararl\u0131s\u0131na kar\u015f\u0131 bir araya gelen kent dinamikleri, bast\u0131rd\u0131klar\u0131 &hellip; <a href=\"https:\/\/akdenizolaygazetesi.com\/?p=2385\" class=\"more-link\">Devam\u0131n\u0131 Oku&#8230;<\/a><\/p>\n","protected":false},"author":1,"featured_media":0,"comment_status":"open","ping_status":"open","sticky":false,"template":"","format":"standard","meta":[],"categories":[],"tags":[],"_links":{"self":[{"href":"https:\/\/akdenizolaygazetesi.com\/index.php?rest_route=\/wp\/v2\/posts\/2385"}],"collection":[{"href":"https:\/\/akdenizolaygazetesi.com\/index.php?rest_route=\/wp\/v2\/posts"}],"about":[{"href":"https:\/\/akdenizolaygazetesi.com\/index.php?rest_route=\/wp\/v2\/types\/post"}],"author":[{"embeddable":true,"href":"https:\/\/akdenizolaygazetesi.com\/index.php?rest_route=\/wp\/v2\/users\/1"}],"replies":[{"embeddable":true,"href":"https:\/\/akdenizolaygazetesi.com\/index.php?rest_route=%2Fwp%2Fv2%2Fcomments&post=2385"}],"version-history":[{"count":0,"href":"https:\/\/akdenizolaygazetesi.com\/index.php?rest_route=\/wp\/v2\/posts\/2385\/revisions"}],"wp:attachment":[{"href":"https:\/\/akdenizolaygazetesi.com\/index.php?rest_route=%2Fwp%2Fv2%2Fmedia&parent=2385"}],"wp:term":[{"taxonomy":"category","embeddable":true,"href":"https:\/\/akdenizolaygazetesi.com\/index.php?rest_route=%2Fwp%2Fv2%2Fcategories&post=2385"},{"taxonomy":"post_tag","embeddable":true,"href":"https:\/\/akdenizolaygazetesi.com\/index.php?rest_route=%2Fwp%2Fv2%2Ftags&post=2385"}],"curies":[{"name":"wp","href":"https:\/\/api.w.org\/{rel}","templated":true}]}}