{"id":23850,"date":"2023-02-01T13:23:12","date_gmt":"2023-02-01T10:23:12","guid":{"rendered":"http:\/\/akdenizolaygazetesi.com\/?p=23850"},"modified":"2023-02-01T13:23:12","modified_gmt":"2023-02-01T10:23:12","slug":"buyuksehir-belediyesinin-destekleri-ogrencilere-iyi-geldi","status":"publish","type":"post","link":"https:\/\/akdenizolaygazetesi.com\/?p=23850","title":{"rendered":"B\u00dcY\u00dcK\u015eEH\u0130R BELED\u0130YES\u0130&#8217;N\u0130N DESTEKLER\u0130 \u00d6\u011eRENC\u0130LERE \u0130Y\u0130 GELD\u0130"},"content":{"rendered":"<p>Mersin B\u00fcy\u00fck\u015fehir Belediyesi&#8217;nin \u00f6\u011frencilere y\u00f6nelik hizmetlerinin ilk yar\u0131 karnesi pekiyilerle dolu. G\u0131dadan bar\u0131nmaya, psikososyal destekten s\u00fct ve kuruyemi\u015f da\u011f\u0131t\u0131m\u0131na kadar her an \u00f6\u011frencilerin yan\u0131nda olan B\u00fcy\u00fck\u015fehir Belediyesi, ikinci d\u00f6nemde de e\u011fitimden yana hizmetlerle \u00f6\u011frencilere destek olmaya devam edecek.<\/p>\n<p>B\u00fcy\u00fck\u015fehir, e\u011fitimin her a\u015famas\u0131nda \u00f6\u011frencilerin yan\u0131nda<\/p>\n<p>\u00c7al\u0131\u015fmalar hakk\u0131nda bilgi veren B\u00fcy\u00fck\u015fehir Belediyesi Sosyal Hizmetler Dairesi Ba\u015fkan\u0131 Engin Y\u0131ld\u0131r\u0131m, ama\u00e7lar\u0131n\u0131n \u00f6\u011frencilerin daha iyi e\u011fitim alabilmeleri, daha sa\u011fl\u0131kl\u0131 beslenmeleri ve onlar\u0131n t\u00fcm \u015fartlar\u0131n\u0131 daha iyi hale getirmek oldu\u011funu s\u00f6yledi. 2022-2023 e\u011fitim-\u00f6\u011fretim y\u0131l\u0131n\u0131n ilk d\u00f6neminde \u00f6\u011frencilere \u00f6nemli desteklerde bulunduklar\u0131n\u0131 belirten Y\u0131ld\u0131r\u0131m, &#8220;Mersin B\u00fcy\u00fck\u015fehir Belediyesi olarak, ilkokula yeni ba\u015flayan \u00f6\u011frencilerimize &#8216;\u0130lkokula Merhaba&#8217; demek ad\u0131na &#8216;\u0130lk \u00c7antam&#8217; projesiyle, i\u00e7erisinde temel k\u0131rtasiye \u00fcr\u00fcnlerinin bulundu\u011fu, \u00e7ocuklar\u0131m\u0131z\u0131n okula ba\u015flang\u0131c\u0131nda ihtiya\u00e7 duyacaklar\u0131 temel \u00fcr\u00fcnlerin yer ald\u0131\u011f\u0131 bir \u00e7anta hediyemiz oldu&#8221; dedi.<\/p>\n<p>&#8216;S\u00fct Senin Gurur Mersin&#8217;in projesi kapsam\u0131nda \u00f6\u011frencilere okul s\u00fct\u00fc ve yan\u0131nda kuruyemi\u015f da\u011f\u0131t\u0131m\u0131 yap\u0131ld\u0131\u011f\u0131n\u0131 belirten Y\u0131ld\u0131r\u0131m, e\u011fitim \u00f6\u011fretimi destekleme kurs merkezlerinin mahalle i\u00e7lerine kadar girdi\u011fine dikkat \u00e7ekerek, lise ve \u00fcniversiteye haz\u0131rlanan \u00f6\u011frencilerin de yanlar\u0131nda olduklar\u0131n\u0131 kaydetti. Lise ve \u00fcniversite \u00f6\u011frencileri a\u011f\u0131rl\u0131kl\u0131 olmak \u00fczere, &#8216;MERC\u0130 \u00d6\u011frenci Dan\u0131\u015fmanl\u0131k Merkezi&#8217;nde \u00f6\u011frencilere her t\u00fcrl\u00fc konuda akademik ve psikososyal konularda dan\u0131\u015fmanl\u0131k hizmeti verildi\u011fini de aktaran Y\u0131ld\u0131r\u0131m, &#8220;Ayr\u0131ca G\u00fclnar&#8217;da ve merkezde olmak \u00fczere yurt hizmetimizi de bu y\u0131l\u0131n ilk yar\u0131s\u0131nda vermeye ba\u015flad\u0131k. Merkezimize de konforlu, \u00e7ocuklar\u0131m\u0131z\u0131n rahat edebilece\u011fi bir yurt a\u00e7t\u0131k&#8221; diye konu\u015ftu.<\/p>\n<p>Y\u0131ld\u0131r\u0131m: &#8220;B\u00fct\u00fcn hizmetlerimiz, ikinci d\u00f6nemde de devam edecek&#8221;<\/p>\n<p>Tarsus&#8217;ta ve Mersin merkezde olmak \u00fczere &#8216;\u00c7ama\u015f\u0131r Kafe&#8217; hizmetiyle \u00f6\u011frencilerin \u00e7ama\u015f\u0131r ile ilgili problemlerini ortadan kald\u0131rmay\u0131 hedeflediklerini ifade eden Y\u0131ld\u0131r\u0131m, &#8220;Ayr\u0131ca ailesi Mersin&#8217;de ikamet eden ve \u00fcniversiteyi yeni kazanan \u00e7ocuklar\u0131m\u0131za, okullar\u0131nda ilk y\u0131llar\u0131nda har\u00e7l\u0131klar\u0131n\u0131 sa\u011flamak amac\u0131yla \u00f6\u011frenim yard\u0131m\u0131 deste\u011fimiz oldu&#8221; ifadelerini kulland\u0131.  <\/p>\n<p>&#8216;Mahalle Mutfaklar\u0131&#8217; hizmetinin b\u00fct\u00fcn dezavantajl\u0131 b\u00f6lgelerde var oldu\u011funu, ancak Tarsus ve Mersin \u00dcniversitesi \u00f6n\u00fcndeki noktalar\u0131n tamamen \u00f6\u011frencilere hizmet verdi\u011fini dile getiren Y\u0131ld\u0131r\u0131m, &#8220;\u0130lk d\u00f6nem sundu\u011fumuz Mahalle Mutfaklar\u0131m\u0131zda 3 \u00e7e\u015fit yeme\u011fi, ikinci d\u00f6nemde de \u00f6\u011frencilerimizin hizmetine sunaca\u011f\u0131z. Ayr\u0131ca A\u015fhanemizden \u00e7\u0131kan yemekleri, kurs merkezlerimizde lise s\u0131navlar\u0131na haz\u0131rlanan \u00f6\u011frencilerimize okul \u00e7\u0131k\u0131\u015flar\u0131nda veya yiyip okula gitmeleri \u00fczere ikram ediyoruz&#8221; dedi.<\/p>\n<p>&#8216;1 Ekmek 1 \u00c7orba&#8217; her yerde&#8230;<\/p>\n<p>&#8216;1 Ekmek 1 \u00c7orba&#8217; noktalar\u0131n\u0131n da yine \u00fcniversite \u00f6nlerinde \u00f6\u011frencilere hizmet verdi\u011fini ifade eden Engin Y\u0131ld\u0131r\u0131m, &#8220;Ayr\u0131ca bu \u00e7orbalar\u0131m\u0131zdan, yine kurs merkezlerimizdeki \u00f6\u011frencilerimiz de faydalanmakta. Bir de dezavantajl\u0131 b\u00f6lge okullar\u0131ndan gelen talepler \u00fczerine veya bizim tespit etti\u011fimiz dezavantajl\u0131 okullara da \u00e7orba g\u00f6t\u00fcr\u00fcp, oradaki \u00f6\u011frencilerimize \u00e7orba ikram\u0131nda bulunuyoruz. \u0130kinci d\u00f6nemde de, bu yapm\u0131\u015f oldu\u011fumuz hizmetler devam edecek&#8221; diye konu\u015ftu.<\/p>\n","protected":false},"excerpt":{"rendered":"<p>Mersin B\u00fcy\u00fck\u015fehir Belediyesi&#8217;nin \u00f6\u011frencilere y\u00f6nelik hizmetlerinin ilk yar\u0131 karnesi pekiyilerle dolu. G\u0131dadan bar\u0131nmaya, psikososyal destekten s\u00fct ve kuruyemi\u015f da\u011f\u0131t\u0131m\u0131na kadar her an \u00f6\u011frencilerin yan\u0131nda olan B\u00fcy\u00fck\u015fehir Belediyesi, ikinci d\u00f6nemde de &hellip; <a href=\"https:\/\/akdenizolaygazetesi.com\/?p=23850\" class=\"more-link\">Devam\u0131n\u0131 Oku&#8230;<\/a><\/p>\n","protected":false},"author":2,"featured_media":23851,"comment_status":"open","ping_status":"open","sticky":false,"template":"","format":"standard","meta":[],"categories":[2,3],"tags":[],"_links":{"self":[{"href":"https:\/\/akdenizolaygazetesi.com\/index.php?rest_route=\/wp\/v2\/posts\/23850"}],"collection":[{"href":"https:\/\/akdenizolaygazetesi.com\/index.php?rest_route=\/wp\/v2\/posts"}],"about":[{"href":"https:\/\/akdenizolaygazetesi.com\/index.php?rest_route=\/wp\/v2\/types\/post"}],"author":[{"embeddable":true,"href":"https:\/\/akdenizolaygazetesi.com\/index.php?rest_route=\/wp\/v2\/users\/2"}],"replies":[{"embeddable":true,"href":"https:\/\/akdenizolaygazetesi.com\/index.php?rest_route=%2Fwp%2Fv2%2Fcomments&post=23850"}],"version-history":[{"count":1,"href":"https:\/\/akdenizolaygazetesi.com\/index.php?rest_route=\/wp\/v2\/posts\/23850\/revisions"}],"predecessor-version":[{"id":23852,"href":"https:\/\/akdenizolaygazetesi.com\/index.php?rest_route=\/wp\/v2\/posts\/23850\/revisions\/23852"}],"wp:featuredmedia":[{"embeddable":true,"href":"https:\/\/akdenizolaygazetesi.com\/index.php?rest_route=\/wp\/v2\/media\/23851"}],"wp:attachment":[{"href":"https:\/\/akdenizolaygazetesi.com\/index.php?rest_route=%2Fwp%2Fv2%2Fmedia&parent=23850"}],"wp:term":[{"taxonomy":"category","embeddable":true,"href":"https:\/\/akdenizolaygazetesi.com\/index.php?rest_route=%2Fwp%2Fv2%2Fcategories&post=23850"},{"taxonomy":"post_tag","embeddable":true,"href":"https:\/\/akdenizolaygazetesi.com\/index.php?rest_route=%2Fwp%2Fv2%2Ftags&post=23850"}],"curies":[{"name":"wp","href":"https:\/\/api.w.org\/{rel}","templated":true}]}}