{"id":23853,"date":"2023-02-01T13:24:44","date_gmt":"2023-02-01T10:24:44","guid":{"rendered":"http:\/\/akdenizolaygazetesi.com\/?p=23853"},"modified":"2023-02-01T13:24:44","modified_gmt":"2023-02-01T10:24:44","slug":"buyuksehirin-yapay-resiflerinde-canli-yasami-artti","status":"publish","type":"post","link":"https:\/\/akdenizolaygazetesi.com\/?p=23853","title":{"rendered":"B\u00dcY\u00dcK\u015eEH\u0130R&#8217;\u0130N YAPAY RES\u0130FLER\u0130NDE CANLI YA\u015eAMI ARTTI"},"content":{"rendered":"<p>Mersin B\u00fcy\u00fck\u015fehir Belediyesi&#8217;nin yakla\u015f\u0131k 1 y\u0131l \u00f6nce denize b\u0131rakt\u0131\u011f\u0131 yapay resifler, ba\u015fta bal\u0131klar olmak \u00fczere bir\u00e7ok deniz canl\u0131s\u0131na yuva oldu. \u00dczerinde olu\u015fan yosunlar sayesinde canl\u0131 ya\u015fam\u0131n\u0131n artmas\u0131nda \u00f6nemli etken olan yapay resifler, ka\u00e7ak avlanman\u0131n da \u00f6n\u00fcne ge\u00e7iyor.<br \/>\nCanl\u0131 t\u00fcr\u00fc art\u0131yor<br \/>\n\u0130klim de\u011fi\u015fikli\u011fi nedeniyle tahrip olan deniz canl\u0131 ya\u015fam\u0131, artan mikroplastik ve t\u00fcr say\u0131lar\u0131n\u0131n azalmas\u0131 gibi etkenleri g\u00f6z \u00f6n\u00fcnde bulunduran B\u00fcy\u00fck\u015fehir Belediyesi, hayata ge\u00e7irdi\u011fi proje ile denizde bir\u00e7ok noktaya yapay resif b\u0131rakm\u0131\u015ft\u0131.<br \/>\nGalatasaray Meydan\u0131 civar\u0131nda belirli aral\u0131k ve derinliklerde denize b\u0131rak\u0131lan ve 3 ay gibi bir s\u00fcrede deniz canl\u0131lar\u0131n\u0131n ya\u015fam alan\u0131 olan yapay resiflerde, canl\u0131 say\u0131s\u0131 her ge\u00e7en g\u00fcn art\u0131yor.  Pek \u00e7ok canl\u0131 i\u00e7in bar\u0131nma, beslenme ve \u00fcreme alan\u0131 olan yapay resifler, a\u011flara tak\u0131ld\u0131\u011f\u0131 i\u00e7in ka\u00e7ak avc\u0131l\u0131\u011fa da engel oluyor.<br \/>\nY\u0131ld\u0131z: &#8220;Yapay resiflerimiz, do\u011fal resif haline d\u00f6n\u00fc\u015fme yolunda&#8221;<br \/>\nMersin B\u00fcy\u00fck\u015fehir Belediyesi \u0130tfaiye Daire Ba\u015fkanl\u0131\u011f\u0131 Su Alt\u0131 Arama Kurtarma Amiri Kas\u0131m Y\u0131ld\u0131z, yapay resifleri belirli aral\u0131klarla kontrol ettiklerini s\u00f6yleyerek, ilk 3 aydan sonra canl\u0131 ya\u015fam\u0131n\u0131n olu\u015fmaya ba\u015flad\u0131\u011f\u0131n\u0131 belirtti. Y\u0131ld\u0131z, &#8220;\u00dc\u00e7\u00fcnc\u00fc ay\u0131nda ilk yapt\u0131\u011f\u0131m\u0131z \u00e7ekimlerde resiflerimizin canl\u0131 ekosistemine uyum sa\u011flad\u0131\u011f\u0131n\u0131 ve canl\u0131 ya\u015fam\u0131n olu\u015ftu\u011funu g\u00f6zlemledik. Yapt\u0131\u011f\u0131m\u0131z kontrollerde her ge\u00e7en g\u00fcn canl\u0131 ya\u015fam\u0131n artt\u0131\u011f\u0131n\u0131, yapay resiflerimizin do\u011fal resif haline d\u00f6n\u00fc\u015fme yolunda oldu\u011funu fark ettik. K\u00fc\u00e7\u00fck bal\u0131klar yapay resiflerimizi korunakl\u0131 bir b\u00f6lge olarak kendisine yuva yap\u0131yor ve bunlar\u0131n her ge\u00e7en g\u00fcn say\u0131lar\u0131 art\u0131yor. Ayr\u0131ca canl\u0131 ya\u015fam\u0131n\u0131n her ge\u00e7en g\u00fcn bir t\u0131k daha \u00fcst basama\u011fa ta\u015f\u0131nd\u0131\u011f\u0131n\u0131 g\u00f6rmekteyiz. Mersin B\u00fcy\u00fck\u015fehir Belediyesi olarak att\u0131\u011f\u0131m\u0131z resiflerimiz, Mersin&#8217;in deniz co\u011frafyas\u0131 i\u00e7in yap\u0131lm\u0131\u015f b\u00fcy\u00fck bir \u00e7al\u0131\u015fma&#8221; dedi.<br \/>\nKutlu: &#8220;Amac\u0131m\u0131z t\u00fcrlerin \u00e7o\u011falmas\u0131n\u0131 sa\u011flamak ve yasa d\u0131\u015f\u0131 avc\u0131l\u0131\u011f\u0131 ortadan kald\u0131rmak&#8221;<br \/>\nMersin B\u00fcy\u00fck\u015fehir Belediyesi Tar\u0131msal Hizmetler Dairesi Ba\u015fkanl\u0131\u011f\u0131&#8217;nda Ziraat Y\u00fcksek M\u00fchendisi olarak g\u00f6rev yapan Aylin Kutlu projenin amac\u0131ndan bahsederek, &#8220;Amac\u0131m\u0131z Mersin b\u00f6lgesinde ya\u015fayan deniz canl\u0131lar\u0131n\u0131n ya\u015fam alan\u0131n\u0131n art\u0131r\u0131lmas\u0131, t\u00fcrlerin \u00e7o\u011falmas\u0131n\u0131n sa\u011flanmas\u0131 ve yasa d\u0131\u015f\u0131 avc\u0131l\u0131\u011f\u0131n ortadan kald\u0131r\u0131lmas\u0131. Yapay resiflerin at\u0131laca\u011f\u0131 b\u00f6lgenin uygunluk raporu istendi. Bu uygunluk raporu al\u0131n\u0131rken, ODT\u00dc Deniz Bilimleri Enstit\u00fcs\u00fc&#8217;nden de destek al\u0131nd\u0131&#8221; dedi.<br \/>\nMezitli&#8217;de Galatasaray Meydan\u0131 b\u00f6lgesinde belirli aral\u0131k ve derinliklerde 14 yapay resif b\u0131rak\u0131ld\u0131\u011f\u0131n\u0131 s\u00f6zlerine ekleyen Kutlu, g\u00f6zlem s\u00fcrecinin s\u00fcrd\u00fc\u011f\u00fcn\u00fc ifade ederek, &#8220;Bu s\u00fcre\u00e7 i\u00e7erisinde yapay resifler \u00fczerinde do\u011fal ya\u015fam\u0131n olu\u015ftu\u011fu, t\u00fcrlerde art\u0131\u015f sa\u011fland\u0131\u011f\u0131 g\u00f6zlemlendi. Yine yapay resifler \u00fczerinde a\u011flar\u0131n bulundu\u011fu, yani yasa d\u0131\u015f\u0131 avc\u0131l\u0131\u011f\u0131n \u00f6n\u00fcne ge\u00e7ildi\u011fi de g\u00f6r\u00fcld\u00fc. \u0130tfaiye Dairesi&#8217;ndeki dalg\u0131\u00e7 personelle birlikte g\u00f6zlem s\u00fcreci devam ediyor&#8221; ifadelerine yer verdi.<\/p>\n","protected":false},"excerpt":{"rendered":"<p>Mersin B\u00fcy\u00fck\u015fehir Belediyesi&#8217;nin yakla\u015f\u0131k 1 y\u0131l \u00f6nce denize b\u0131rakt\u0131\u011f\u0131 yapay resifler, ba\u015fta bal\u0131klar olmak \u00fczere bir\u00e7ok deniz canl\u0131s\u0131na yuva oldu. \u00dczerinde olu\u015fan yosunlar sayesinde canl\u0131 ya\u015fam\u0131n\u0131n artmas\u0131nda \u00f6nemli etken olan &hellip; <a href=\"https:\/\/akdenizolaygazetesi.com\/?p=23853\" class=\"more-link\">Devam\u0131n\u0131 Oku&#8230;<\/a><\/p>\n","protected":false},"author":2,"featured_media":23854,"comment_status":"open","ping_status":"open","sticky":false,"template":"","format":"standard","meta":[],"categories":[34,1,3],"tags":[],"_links":{"self":[{"href":"https:\/\/akdenizolaygazetesi.com\/index.php?rest_route=\/wp\/v2\/posts\/23853"}],"collection":[{"href":"https:\/\/akdenizolaygazetesi.com\/index.php?rest_route=\/wp\/v2\/posts"}],"about":[{"href":"https:\/\/akdenizolaygazetesi.com\/index.php?rest_route=\/wp\/v2\/types\/post"}],"author":[{"embeddable":true,"href":"https:\/\/akdenizolaygazetesi.com\/index.php?rest_route=\/wp\/v2\/users\/2"}],"replies":[{"embeddable":true,"href":"https:\/\/akdenizolaygazetesi.com\/index.php?rest_route=%2Fwp%2Fv2%2Fcomments&post=23853"}],"version-history":[{"count":1,"href":"https:\/\/akdenizolaygazetesi.com\/index.php?rest_route=\/wp\/v2\/posts\/23853\/revisions"}],"predecessor-version":[{"id":23855,"href":"https:\/\/akdenizolaygazetesi.com\/index.php?rest_route=\/wp\/v2\/posts\/23853\/revisions\/23855"}],"wp:featuredmedia":[{"embeddable":true,"href":"https:\/\/akdenizolaygazetesi.com\/index.php?rest_route=\/wp\/v2\/media\/23854"}],"wp:attachment":[{"href":"https:\/\/akdenizolaygazetesi.com\/index.php?rest_route=%2Fwp%2Fv2%2Fmedia&parent=23853"}],"wp:term":[{"taxonomy":"category","embeddable":true,"href":"https:\/\/akdenizolaygazetesi.com\/index.php?rest_route=%2Fwp%2Fv2%2Fcategories&post=23853"},{"taxonomy":"post_tag","embeddable":true,"href":"https:\/\/akdenizolaygazetesi.com\/index.php?rest_route=%2Fwp%2Fv2%2Ftags&post=23853"}],"curies":[{"name":"wp","href":"https:\/\/api.w.org\/{rel}","templated":true}]}}