{"id":23856,"date":"2023-02-01T13:27:48","date_gmt":"2023-02-01T10:27:48","guid":{"rendered":"http:\/\/akdenizolaygazetesi.com\/?p=23856"},"modified":"2023-02-01T13:27:48","modified_gmt":"2023-02-01T10:27:48","slug":"muhendisler-odasi-ve-toc-bir-senden-nezaket-ziyareti","status":"publish","type":"post","link":"https:\/\/akdenizolaygazetesi.com\/?p=23856","title":{"rendered":"M\u00fchendisler Odas\u0131 ve TO\u00c7 B\u0130R-SEN\u2019den  nezaket ziyareti"},"content":{"rendered":"<p>Orman M\u00fchendisleri Odas\u0131 Do\u011fu Akdeniz \u015eube Ba\u015fkan\u0131 \u015eensu K\u00fc\u00e7\u00fckate\u015f ve Y\u00f6netim Kurulu ile TO\u00c7 B\u0130R-SEN Adana \u015eube Ba\u015fkan\u0131 Ahmet Ayy\u0131ld\u0131z ve Y\u00f6netim Kurulu Mersin Orman B\u00f6lge M\u00fcd\u00fcr\u00fc Mustafa Yal\u00e7\u0131n\u2019\u0131 makam\u0131nda ziyaret ettiler. <\/p>\n<p>Misafirlerimiz, B\u00f6lge M\u00fcd\u00fcr\u00fc Yal\u00e7\u0131n\u2019a iyi niyet dileklerinde bulunarak, \u00e7al\u0131\u015fmalar\u0131nda ba\u015far\u0131lar dilediler. B\u00f6lge M\u00fcd\u00fcr\u00fc Yal\u00e7\u0131n ise ziyaretten duydu\u011fu memnuniyeti dile getirdi.<\/p>\n","protected":false},"excerpt":{"rendered":"<p>Orman M\u00fchendisleri Odas\u0131 Do\u011fu Akdeniz \u015eube Ba\u015fkan\u0131 \u015eensu K\u00fc\u00e7\u00fckate\u015f ve Y\u00f6netim Kurulu ile TO\u00c7 B\u0130R-SEN Adana \u015eube Ba\u015fkan\u0131 Ahmet Ayy\u0131ld\u0131z ve Y\u00f6netim Kurulu Mersin Orman B\u00f6lge M\u00fcd\u00fcr\u00fc Mustafa Yal\u00e7\u0131n\u2019\u0131 makam\u0131nda &hellip; <a href=\"https:\/\/akdenizolaygazetesi.com\/?p=23856\" class=\"more-link\">Devam\u0131n\u0131 Oku&#8230;<\/a><\/p>\n","protected":false},"author":2,"featured_media":23857,"comment_status":"open","ping_status":"open","sticky":false,"template":"","format":"standard","meta":[],"categories":[3],"tags":[],"_links":{"self":[{"href":"https:\/\/akdenizolaygazetesi.com\/index.php?rest_route=\/wp\/v2\/posts\/23856"}],"collection":[{"href":"https:\/\/akdenizolaygazetesi.com\/index.php?rest_route=\/wp\/v2\/posts"}],"about":[{"href":"https:\/\/akdenizolaygazetesi.com\/index.php?rest_route=\/wp\/v2\/types\/post"}],"author":[{"embeddable":true,"href":"https:\/\/akdenizolaygazetesi.com\/index.php?rest_route=\/wp\/v2\/users\/2"}],"replies":[{"embeddable":true,"href":"https:\/\/akdenizolaygazetesi.com\/index.php?rest_route=%2Fwp%2Fv2%2Fcomments&post=23856"}],"version-history":[{"count":1,"href":"https:\/\/akdenizolaygazetesi.com\/index.php?rest_route=\/wp\/v2\/posts\/23856\/revisions"}],"predecessor-version":[{"id":23858,"href":"https:\/\/akdenizolaygazetesi.com\/index.php?rest_route=\/wp\/v2\/posts\/23856\/revisions\/23858"}],"wp:featuredmedia":[{"embeddable":true,"href":"https:\/\/akdenizolaygazetesi.com\/index.php?rest_route=\/wp\/v2\/media\/23857"}],"wp:attachment":[{"href":"https:\/\/akdenizolaygazetesi.com\/index.php?rest_route=%2Fwp%2Fv2%2Fmedia&parent=23856"}],"wp:term":[{"taxonomy":"category","embeddable":true,"href":"https:\/\/akdenizolaygazetesi.com\/index.php?rest_route=%2Fwp%2Fv2%2Fcategories&post=23856"},{"taxonomy":"post_tag","embeddable":true,"href":"https:\/\/akdenizolaygazetesi.com\/index.php?rest_route=%2Fwp%2Fv2%2Ftags&post=23856"}],"curies":[{"name":"wp","href":"https:\/\/api.w.org\/{rel}","templated":true}]}}